{"id":166666,"date":"2025-05-27T16:35:09","date_gmt":"2025-05-27T19:35:09","guid":{"rendered":"https:\/\/radioacuariofm.com.ar\/?p=166666"},"modified":"2025-05-27T16:35:10","modified_gmt":"2025-05-27T19:35:10","slug":"el-mensaje-de-carlos-iii-a-los-canadienses-tras-las-amenazas-expansionistas-de-trump-mas-peligroso-que-nunca","status":"publish","type":"post","link":"https:\/\/radioacuariofm.com.ar\/?p=166666","title":{"rendered":"El mensaje de Carlos III a los canadienses tras las amenazas expansionistas de Trump: \u00abM\u00e1s peligroso que nunca\u00bb"},"content":{"rendered":"<p> <br \/>\n<\/p>\n<div>\n<p class=\"com-paragraph  --capital --s\">OTTAWA.- Despu\u00e9s de destacar la orgullosa independencia de Canad\u00e1, el <strong>rey<\/strong> <strong>Carlos III<\/strong> afirm\u00f3 que la naci\u00f3n enfrenta desaf\u00edos sin precedentes en un mundo que nunca ha sido m\u00e1s peligroso, <a href=\"https:\/\/www.lanacion.com.ar\/el-mundo\/por-que-la-visita-del-rey-carlos-iii-a-canada-envia-un-mensaje-a-trump-y-al-mundo-nid27052025\/\" target=\"_self\" title=\"https:\/\/www.lanacion.com.ar\/el-mundo\/por-que-la-visita-del-rey-carlos-iii-a-canada-envia-un-mensaje-a-trump-y-al-mundo-nid27052025\/\" class=\"com-link\" data-mrf-recirculation=\"n_link_parrafo\">al inaugurar el Parlamento canadiense este martes<\/a>. Este primer \u201cdiscurso del trono\u201d pronunciado por un monarca en medio siglo fue ampliamente interpretado como <strong>un gesto de apoyo ante las amenazas de anexi\u00f3n del presidente de Estados Unidos, Donald Trump<\/strong>.<\/p>\n<p class=\"com-paragraph   --s\">\u201cLa democracia, el pluralismo, el Estado de derecho, la autodeterminaci\u00f3n y la libertad son valores que los canadienses aprecian profundamente y que el Gobierno est\u00e1 decidido a proteger\u201d, declar\u00f3 el monarca brit\u00e1nico, jefe de Estado de Canad\u00e1.<\/p>\n<p class=\"com-paragraph   --s\">Las <a href=\"https:\/\/www.lanacion.com.ar\/el-mundo\/equivocacion-o-chicana-trump-califico-a-trudeau-de-gobernador-y-aviva-la-idea-de-anexion-de-anexion-nid13022025\/\" target=\"_self\" title=\"https:\/\/www.lanacion.com.ar\/el-mundo\/equivocacion-o-chicana-trump-califico-a-trudeau-de-gobernador-y-aviva-la-idea-de-anexion-de-anexion-nid13022025\/\" class=\"com-link\" data-mrf-recirculation=\"n_link_parrafo\">amenazas anexionistas de Trump<\/a> llevaron al primer ministro <strong>Mark Carney<\/strong> a invitar a Carlos III a pronunciar el discurso desde el trono, en el que se delinearon las prioridades del gobierno para la nueva sesi\u00f3n del Parlamento. Como jefe de Estado de Canad\u00e1, pa\u00eds miembro de la Commonwealth de antiguas colonias, el rey nunca se ha pronunciado p\u00fablicamente sobre el plan del \u201cestado 51\u201d de Trump, ya que <strong>est\u00e1 obligado a mantener una estricta neutralidad pol\u00edtica<\/strong>.<\/p>\n<div class=\"content-media\">\n<section role=\"button\" class=\"mod-media   \">\n<figure role=\"button\" class=\"mod-figure \"><figcaption class=\"mod-figcaption\"><span class=\"com-text --caption --twoxs\">El primer ministro de Canad\u00e1, Mark Carney, aplaude despu\u00e9s de que el rey Carlos III de Gran Breta\u00f1a pronunciara el Discurso del Trono durante la apertura de la primera sesi\u00f3n del 45.\u00ba Parlamento de Canad\u00e1 en el Senado de Canad\u00e1 en Ottawa el 27 de mayo de 2025<\/span><span class=\"com-text --credit --twoxs\">VICTORIA JONES  &#8211; POOL <\/span><\/figcaption><\/figure>\n<\/section>\n<\/div>\n<p class=\"com-paragraph   --s\">\u201cDebemos enfrentar la realidad:<strong> desde la Segunda Guerra Mundial, nuestro mundo nunca ha sido m\u00e1s peligroso e inestable. Canad\u00e1 enfrenta desaf\u00edos que, en nuestras vidas, no tienen precedentes<\/strong>\u201d, dijo Carlos en franc\u00e9s.<\/p>\n<p class=\"com-paragraph   --s\">Agreg\u00f3 que \u201cmuchos canadienses se sienten nerviosos y preocupados por el mundo que cambia dr\u00e1sticamente a su alrededor\u201d. <\/p>\n<p class=\"com-paragraph   --s\">Adem\u00e1s de su ret\u00f3rica expansionista, Trump lanz\u00f3 una<strong> guerra comercial<\/strong> que afecta a pa\u00edses aliados y a rivales, y que <strong>golpe\u00f3 con mucha intensidad a Canad\u00e1.<\/strong><\/p>\n<p class=\"com-paragraph   --s\">Es raro que el monarca pronuncie el denominado discurso desde el trono en Canad\u00e1. La madre de Carlos,<strong> la reina Isabel II, lo hizo dos veces antes, en 1957 y 1977<\/strong>.<\/p>\n<p class=\"com-paragraph   --s\">\u201cSiempre he tenido la mayor admiraci\u00f3n por la identidad \u00fanica de Canad\u00e1, que es reconocida en todo el mundo por su valent\u00eda y sacrificio<strong> <\/strong>en defensa de los valores nacionales, y por la diversidad y amabilidad de los canadienses\u201d, afirm\u00f3.<\/p>\n<p class=\"com-paragraph   --s\">Carlos, en su vig\u00e9sima visita a Canad\u00e1, se\u00f1al\u00f3 que han pasado casi 70 a\u00f1os desde que su madre inaugur\u00f3 el Parlamento por primera vez. \u201cDesde entonces, Canad\u00e1 cambi\u00f3 dr\u00e1sticamente: repatriando su Constituci\u00f3n, logrando plena independencia y presenciando un inmenso crecimiento. Canad\u00e1 ha abrazado sus ra\u00edces brit\u00e1nicas, francesas e ind\u00edgenas, y se ha convertido en un pa\u00eds audaz, ambicioso e innovador que es biling\u00fce y verdaderamente multicultural\u201d, dijo el monarca.<\/p>\n<p class=\"com-paragraph   --s\">Se\u00f1al\u00f3 que, cuando su difunta madre inaugur\u00f3 una nueva sesi\u00f3n del Parlamento canadiense en 1957, la Segunda Guerra Mundial segu\u00eda siendo un recuerdo fresco y doloroso mientras que la Guerra Fr\u00eda se intensificaba. \u201cLa libertad y la democracia estaban bajo amenaza\u201d, expres\u00f3. <strong>\u201cHoy, Canad\u00e1 enfrenta otro momento cr\u00edtico\u201d<\/strong>.<\/p>\n<p class=\"com-paragraph   --s\">Carlos tambi\u00e9n dijo que el<strong> gobierno canadiense \u201cproteger\u00e1 la soberan\u00eda de Canad\u00e1 reconstruyendo, rearmando y reinvirtiendo en las Fuerzas Armadas Canadienses\u201d<\/strong>.<\/p>\n<div class=\"content-media\">\n<section role=\"button\" class=\"mod-media   \">\n<figure role=\"button\" class=\"mod-figure \"><figcaption class=\"mod-figcaption\"><span class=\"com-text --caption --twoxs\">El rey Carlos III de Gran Breta\u00f1a, con la reina Camilla, pronuncia un discurso desde el Trono para abrir la primera sesi\u00f3n del 45\u00ba Parlamento de Canad\u00e1 <\/span><span class=\"com-text --credit --twoxs\">VICTORIA JONES  &#8211; AFP <\/span><\/figcaption><\/figure>\n<\/section>\n<\/div>\n<p class=\"com-paragraph   --s\">\u201cEstimular\u00e1 la industria militar canadiense al <strong>participar en el plan \u2018ReArm Europe\u2019<\/strong> y as\u00ed contribuir\u00e1, junto con socios europeos, a la <strong>seguridad transatl\u00e1ntica<\/strong>. Tambi\u00e9n invertir\u00e1 para <strong>fortalecer su presencia en el Norte<\/strong>, ya que esta regi\u00f3n, que es parte integral de la naci\u00f3n canadiense, enfrenta <strong>nuevas amenazas<\/strong>\u201d, insisti\u00f3 el monarca.<\/p>\n<p class=\"com-paragraph   --s\">Entre los asistentes se encontraban los ex primeros ministros canadienses <strong>Justin Trudeau<\/strong> y <strong>Stephen Harper<\/strong>.<\/p>\n<p class=\"com-paragraph   --s\">El discurso no fue redactado por el rey ni por sus asesores en Gran Breta\u00f1a, ya que Carlos act\u00faa como jefe de Estado no partidista. \u00c9l simplemente <strong>ley\u00f3 el texto preparado por el gobierno de Canad\u00e1, aunque a\u00f1adi\u00f3 algunos comentarios propios<\/strong>.<\/p>\n<p class=\"com-paragraph   --s\">El lunes, Carlos se reuni\u00f3 con el primer ministro Mark Carney \u2014exjefe del Banco de Inglaterra\u2014 y con <strong>Mary Simon<\/strong>, la primera gobernadora general ind\u00edgena de Canad\u00e1 y representante del rey en el pa\u00eds.<\/p>\n<p class=\"com-paragraph   --s\">Aunque los canadienses suelen ser bastante indiferentes hacia la monarqu\u00eda, Carney est\u00e1 decidido a enfatizar las diferencias entre Canad\u00e1 y Estados Unidos. En ese sentido, <strong>la visita del rey subraya de manera clara la soberan\u00eda canadiense<\/strong>, seg\u00fan sus palabras.<\/p>\n<p class=\"com-paragraph   --s\">En su discurso, el rey afirm\u00f3 que <strong>Canad\u00e1 tiene la capacidad de construir nuevas alianzas y una econom\u00eda renovada <\/strong>que beneficie a todos sus ciudadanos. <strong>Dado que m\u00e1s del 75% de las exportaciones canadienses se destinan a Estados Unidos, Carney busca diversificar los mercados comerciales para reducir esa dependencia<\/strong>.<\/p>\n<div class=\"content-media\">\n<section role=\"button\" class=\"mod-media   \">\n<figure role=\"button\" class=\"mod-figure \"><figcaption class=\"mod-figcaption\"><span class=\"com-text --caption --twoxs\">El rey Carlos III de Gran Breta\u00f1a saluda a la multitud al salir del Senado con la reina Camila despu\u00e9s del discurso del trono en Ottawa, Ontario, durante una visita real el martes 27 de mayo de 2025<\/span><span class=\"com-text --credit --twoxs\">Justin Tang  &#8211; The Canadian Press <\/span><\/figcaption><\/figure>\n<\/section>\n<\/div>\n<p class=\"com-paragraph   --s\">El nuevo embajador estadounidense en Canad\u00e1, Pete Hoekstra, afirm\u00f3 que <strong>no es necesario enviar mensajes a Estados Unidos y que los canadienses deber\u00edan dejar de lado la discusi\u00f3n sobre el \u201cestado 51\u201d<\/strong>. En declaraciones a la Canadian Broadcasting Corporation, se\u00f1al\u00f3 que, si realmente hay algo que comunicar, existen formas m\u00e1s directas y sencillas, como llamarlo a \u00e9l o al presidente estadounidense.<\/p>\n<p class=\"com-paragraph   --s\">Por su parte, el rey destac\u00f3 que una de las prioridades del gobierno canadiense es la <strong>protecci\u00f3n del idioma franc\u00e9s y la cultura quebequense<\/strong>, elementos centrales de la identidad nacional. \u201cDefinen el pa\u00eds que los canadienses, y yo, amamos tanto. Canad\u00e1 es un pa\u00eds donde se respetan y celebran los idiomas oficiales e ind\u00edgenas\u201d, afirm\u00f3. Adem\u00e1s, subray\u00f3 el compromiso del gobierno con la defensa de las instituciones que promueven estas culturas e identidades a nivel nacional e internacional, como CBC\/Radio-Canada.<\/p>\n<p class=\"com-paragraph   --s\">El monarca tambi\u00e9n enfatiz\u00f3 la importancia de <strong>proteger la industria l\u00e1ctea <\/strong>gestionada bajo el sistema de cuotas de Quebec, que fue uno de los sectores atacados por Trump durante las negociaciones comerciales.<\/p>\n<p class=\"com-paragraph   --s\"><strong>Agencias AP y AFP<\/strong><\/p>\n<section class=\"container-center-100 mb-40\">\n<hr\/>\n<\/section>\n<hr class=\"border border-bottom border-thin border-neutral-light-700 mb-32\"\/><\/div>\n\n","protected":false},"excerpt":{"rendered":"<p>OTTAWA.- Despu\u00e9s de destacar la orgullosa independencia de Canad\u00e1, el rey Carlos III afirm\u00f3 que la naci\u00f3n enfrenta desaf\u00edos sin precedentes en un mundo que nunca ha sido m\u00e1s peligroso, al inaugurar el Parlamento canadiense este martes. Este primer \u201cdiscurso del trono\u201d pronunciado por un monarca en medio siglo fue ampliamente interpretado como un gesto [&hellip;]<\/p>\n","protected":false},"author":2,"featured_media":166667,"comment_status":"closed","ping_status":"closed","sticky":false,"template":"","format":"standard","meta":{"footnotes":""},"categories":[1],"tags":[],"class_list":["post-166666","post","type-post","status-publish","format-standard","has-post-thumbnail","hentry","category-uncategorized"],"_links":{"self":[{"href":"https:\/\/radioacuariofm.com.ar\/index.php?rest_route=\/wp\/v2\/posts\/166666","targetHints":{"allow":["GET"]}}],"collection":[{"href":"https:\/\/radioacuariofm.com.ar\/index.php?rest_route=\/wp\/v2\/posts"}],"about":[{"href":"https:\/\/radioacuariofm.com.ar\/index.php?rest_route=\/wp\/v2\/types\/post"}],"author":[{"embeddable":true,"href":"https:\/\/radioacuariofm.com.ar\/index.php?rest_route=\/wp\/v2\/users\/2"}],"replies":[{"embeddable":true,"href":"https:\/\/radioacuariofm.com.ar\/index.php?rest_route=%2Fwp%2Fv2%2Fcomments&post=166666"}],"version-history":[{"count":1,"href":"https:\/\/radioacuariofm.com.ar\/index.php?rest_route=\/wp\/v2\/posts\/166666\/revisions"}],"predecessor-version":[{"id":166668,"href":"https:\/\/radioacuariofm.com.ar\/index.php?rest_route=\/wp\/v2\/posts\/166666\/revisions\/166668"}],"wp:featuredmedia":[{"embeddable":true,"href":"https:\/\/radioacuariofm.com.ar\/index.php?rest_route=\/wp\/v2\/media\/166667"}],"wp:attachment":[{"href":"https:\/\/radioacuariofm.com.ar\/index.php?rest_route=%2Fwp%2Fv2%2Fmedia&parent=166666"}],"wp:term":[{"taxonomy":"category","embeddable":true,"href":"https:\/\/radioacuariofm.com.ar\/index.php?rest_route=%2Fwp%2Fv2%2Fcategories&post=166666"},{"taxonomy":"post_tag","embeddable":true,"href":"https:\/\/radioacuariofm.com.ar\/index.php?rest_route=%2Fwp%2Fv2%2Ftags&post=166666"}],"curies":[{"name":"wp","href":"https:\/\/api.w.org\/{rel}","templated":true}]}}