{"id":165310,"date":"2025-05-23T12:16:20","date_gmt":"2025-05-23T15:16:20","guid":{"rendered":"https:\/\/radioacuariofm.com.ar\/?p=165310"},"modified":"2025-05-23T12:16:22","modified_gmt":"2025-05-23T15:16:22","slug":"conectar-lab-abre-sus-puertas-a-las-visitas-de-las-escuelas","status":"publish","type":"post","link":"https:\/\/radioacuariofm.com.ar\/?p=165310","title":{"rendered":"Conectar Lab abre sus puertas a las visitas de las escuelas"},"content":{"rendered":"<p><\/p>\n<div>\n<p>El Ministerio de Educaci\u00f3n invita a escuelas de nivel primario y secundario a participar de las visitas al Centro de Innovaci\u00f3n Tecnol\u00f3gica Educativa Conectar Lab, con actividades din\u00e1micas en los laboratorios. Las visitas se realizar\u00e1n los d\u00edas mi\u00e9rcoles y viernes en dos turnos: por la ma\u00f1ana de 9 a 11; y por la tarde de 14 a 16, en  Las Heras y Alberdi, Capital.<\/p>\n<p>Esta acci\u00f3n es impulsada por la ministra de Educaci\u00f3n, Silvia Fuentes, para visibilizar y fomentar las propuestas que ofrece el Centro de Innovaci\u00f3n Tecnol\u00f3gica Educativa.<\/p>\n<p>Durante las visitas, los estudiantes junto a sus docentes participar\u00e1n de una actividad rompehielo para conocer al equipo de talleristas, con la finalidad de generar un espacio c\u00e1lido y de pertenencia.<\/p>\n<p>Luego recorrer\u00e1n los diversos laboratorios que conforman el centro: Sonido, Multimedia, Ciencias y Fabricaci\u00f3n. Y finalmente, experimentar\u00e1n actividades din\u00e1micas en dos de los laboratorios, las cuales est\u00e1n atravesadas por el eje que caracteriza al centro, que es la tecnolog\u00eda.<\/p>\n<p><strong>C\u00f3mo hacer<\/strong><\/p>\n<p>Para pedir turno, los docentes responsables deber\u00e1n enviar un mail a <span id=\"cloakeff9648808af13e2eb825cbcb5e4abb9\">Esta direcci\u00f3n de correo electr\u00f3nico est\u00e1 siendo protegida contra los robots de spam. Necesita tener JavaScript habilitado para poder verlo.<\/span>, con sus datos personales (nombre y n\u00famero de tel\u00e9fono) y de la escuela, adem\u00e1s de nivel, grado, turno. Tambi\u00e9n, comunicar si asistir\u00e1 alg\u00fan estudiante con discapacidad (especificar cu\u00e1l) y si estar\u00e1 acompa\u00f1ado por su DAI.<\/p>\n<p>Luego, desde Conectar Lab se comunicar\u00e1n para coordinar turno y enviar\u00e1n una planilla que deber\u00e1 ser completada con datos de los estudiantes que asistir\u00e1n, adem\u00e1s de presentarse con una autorizaci\u00f3n firmada previamente por padres o tutores de los menores, la cual tambi\u00e9n ser\u00e1 enviada por el centro.<\/p>\n<p>Se recibir\u00e1 un m\u00e1ximo de 30 estudiantes, para responder a la planificaci\u00f3n de los talleristas.<\/p>\n<\/p><\/div>\n<p><script async defer crossorigin=\"anonymous\" src=\"https:\/\/connect.facebook.net\/es_ES\/sdk.js#xfbml=1&#038;version=v3.3\"><\/script><\/p>\n","protected":false},"excerpt":{"rendered":"<p>El Ministerio de Educaci\u00f3n invita a escuelas de nivel primario y secundario a participar de las visitas al Centro de Innovaci\u00f3n Tecnol\u00f3gica Educativa Conectar Lab, con actividades din\u00e1micas en los laboratorios. Las visitas se realizar\u00e1n los d\u00edas mi\u00e9rcoles y viernes en dos turnos: por la ma\u00f1ana de 9 a 11; y por la tarde de [&hellip;]<\/p>\n","protected":false},"author":2,"featured_media":165311,"comment_status":"closed","ping_status":"closed","sticky":false,"template":"","format":"standard","meta":{"footnotes":""},"categories":[27],"tags":[],"class_list":["post-165310","post","type-post","status-publish","format-standard","has-post-thumbnail","hentry","category-san-juan"],"_links":{"self":[{"href":"https:\/\/radioacuariofm.com.ar\/index.php?rest_route=\/wp\/v2\/posts\/165310","targetHints":{"allow":["GET"]}}],"collection":[{"href":"https:\/\/radioacuariofm.com.ar\/index.php?rest_route=\/wp\/v2\/posts"}],"about":[{"href":"https:\/\/radioacuariofm.com.ar\/index.php?rest_route=\/wp\/v2\/types\/post"}],"author":[{"embeddable":true,"href":"https:\/\/radioacuariofm.com.ar\/index.php?rest_route=\/wp\/v2\/users\/2"}],"replies":[{"embeddable":true,"href":"https:\/\/radioacuariofm.com.ar\/index.php?rest_route=%2Fwp%2Fv2%2Fcomments&post=165310"}],"version-history":[{"count":1,"href":"https:\/\/radioacuariofm.com.ar\/index.php?rest_route=\/wp\/v2\/posts\/165310\/revisions"}],"predecessor-version":[{"id":165312,"href":"https:\/\/radioacuariofm.com.ar\/index.php?rest_route=\/wp\/v2\/posts\/165310\/revisions\/165312"}],"wp:featuredmedia":[{"embeddable":true,"href":"https:\/\/radioacuariofm.com.ar\/index.php?rest_route=\/wp\/v2\/media\/165311"}],"wp:attachment":[{"href":"https:\/\/radioacuariofm.com.ar\/index.php?rest_route=%2Fwp%2Fv2%2Fmedia&parent=165310"}],"wp:term":[{"taxonomy":"category","embeddable":true,"href":"https:\/\/radioacuariofm.com.ar\/index.php?rest_route=%2Fwp%2Fv2%2Fcategories&post=165310"},{"taxonomy":"post_tag","embeddable":true,"href":"https:\/\/radioacuariofm.com.ar\/index.php?rest_route=%2Fwp%2Fv2%2Ftags&post=165310"}],"curies":[{"name":"wp","href":"https:\/\/api.w.org\/{rel}","templated":true}]}}