{"id":163526,"date":"2025-05-18T19:47:15","date_gmt":"2025-05-18T22:47:15","guid":{"rendered":"https:\/\/radioacuariofm.com.ar\/?p=163526"},"modified":"2025-05-18T19:47:16","modified_gmt":"2025-05-18T22:47:16","slug":"el-oficialismo-proeuropeo-se-impone-en-las-legislativas-pero-no-le-alcanza-para-obtener-mayoria","status":"publish","type":"post","link":"https:\/\/radioacuariofm.com.ar\/?p=163526","title":{"rendered":"El oficialismo proeuropeo se impone en las legislativas, pero no le alcanza para obtener mayor\u00eda"},"content":{"rendered":"<p> <br \/>\n<\/p>\n<div>\n<p class=\"com-paragraph  --capital --s\">LISBOA.- El primer ministro <strong>Luis Montenegro<\/strong>, de derecha moderada y proeuropea, gan\u00f3 las elecciones legislativas anticipadas de hoy en Portugal, pero, al igual que hace un a\u00f1o, no consigui\u00f3 una mayor\u00eda suficiente para garantizar la estabilidad pol\u00edtica en el pa\u00eds europeo.El resultado amenaza con dejar a Portugal, miembro de la OTAN y de la Uni\u00f3n Europea, una vez m\u00e1s sin gobierno estable, en un momento en que el bloque se enfrenta a las crecientes tensiones comerciales mundiales y trabaja para reforzar sus defensas. Seg\u00fan un sondeo a boca de urna de la cadena p\u00fablica RTP, la Alianza Democr\u00e1tica (AD) del primer ministro saliente, Luis Montenegro, habr\u00eda obtenido entre 29% y 34% de los votos. Esto corresponder\u00eda a entre 85 y 96 esca\u00f1os en el Parlamento de 230 miembros, muy lejos de los 116 necesarios para la mayor\u00eda. <strong>El Partido Socialista <\/strong>habr\u00eda obtenido entre el 21% y 26% de los votos y <strong>el partido de extrema derecha Chega<\/strong> (\u201cBasta\u201d) el 20%-24%, frente al 18% de las \u00faltimas elecciones de 2024. En cuanto al abstencionismo, los datos muestran un rango que va del 36% al 42%. <\/p>\n<p class=\"com-paragraph   --s\">La noticia m\u00e1s impactante es que el derechista Chega compite por el segundo puesto con el Partido Socialista, ambos con el 23% de los votos. Ser\u00eda la primera vez en la historia de la democracia portuguesa que los socialistas cayeran al tercer lugar, superados por un partido soberanista fundado hace pocos a\u00f1os.<\/p>\n<p class=\"com-paragraph   --s\">Pese a que los ultraderechistas podr\u00edan tener la llave para gobernar, Montenegro, abogado de 52 a\u00f1os, ha rechazado cualquier alianza con Chega, afirmando que es un partido \u201cpoco fiable\u201d y \u201cno apto para gobernar\u201d.<\/p>\n<p class=\"com-paragraph   --s\">El l\u00edder de AD fue el protagonista central de la campa\u00f1a, ya que \u00e9l mismo provoc\u00f3 estos comicios anticipados al dimitir en marzo a ra\u00edz de unas sospechas de conflicto de intereses relacionadas con una empresa de consultor\u00eda registrada en su domicilio y a nombre de sus hijos. \u201cNadie ha sido jam\u00e1s tan transparente como yo\u201d, afirm\u00f3 durante su \u00faltimo mitin, en respuesta al l\u00edder de la oposici\u00f3n socialista, Pedro Nuno Santos, que lo acus\u00f3 de \u201cmezclar pol\u00edtica y negocios\u201d al recibir dinero de empresas privadas tras asumir el cargo. \u201cVotar otra vez\u201d, rezaba el titular del diario <em>Publico<\/em> en su portada, en un reflejo del cansancio de la poblaci\u00f3n ante otros comicios anticipados. <\/p>\n<p class=\"com-paragraph   --s\">La coalici\u00f3n AD form\u00f3 un gobierno en minor\u00eda tras las \u00faltimas elecciones y consigui\u00f3 aprobar presupuestos que aumentan las pensiones y los salarios del sector p\u00fablico gracias a la abstenci\u00f3n de los socialistas en votaciones clave. Sin embargo, las relaciones entre los dos principales partidos se deterioraron y no queda claro si los debilitados socialistas estar\u00e1n dispuestos a permitir que el centroderecha gobierne esta vez.\u201cS\u00e9 que los portugueses est\u00e1n cansados de elecciones y que son los primeros en desear estabilidad\u201d, afirm\u00f3 Montenegro, que hasta ahora ha estado presionado entre Chega y el Partido Socialista, derrotado por poco en 2024 tras ocho a\u00f1os en el poder. \u201cNecesitamos un liderazgo estable (&#8230;) que nos permita superar las incertidumbres y adversidades que vienen del exterior\u201d, subray\u00f3 al dirigirse a los electores indecisos. En las calles de Lisboa, muchos portugueses expresaron su decepci\u00f3n con los dirigentes pol\u00edticos y su cansancio por tantas convocatorias electorales. \u201c\u00a1Es demasiado! Tenemos nuevas elecciones tras un a\u00f1o y todo seguir\u00e1 exactamente igual\u201d, lament\u00f3 Jos\u00e9 Silveira, de 56 a\u00f1os, desde su tienda de artesan\u00eda en el centro de Lisboa.\u201cEspero que salga una mayor\u00eda absoluta, para que tengamos un poco de estabilidad\u201d, coment\u00f3 por su parte F\u00e1tima Lopes, ingeniera de 61 a\u00f1os que trabaja en una alcald\u00eda y que \u201caprob\u00f3 en general\u201d la acci\u00f3n del gobierno saliente. Pedro Vaz, vendedor de jugos naturales de 49 a\u00f1os, no estaba de acuerdo. \u201cEstamos un poco peor que antes en ciertos aspectos\u201d, se\u00f1al\u00f3, preocupado por el \u201cexceso de inmigraci\u00f3n\u201d, en un contexto donde la poblaci\u00f3n extranjera en Portugal se cuadruplic\u00f3 desde 2017. La inmigraci\u00f3n y la \u00e9tica de los dirigentes pol\u00edticos son temas clave para la extrema derecha, que experimenta un ascenso vertiginoso desde la fundaci\u00f3n de Chega en 2019. La \u00faltima etapa de campa\u00f1a de su presidente, Andr\u00e9 Ventura, un excomentarista deportivo de 42 a\u00f1os, se vio interrumpida por dos desmayos sufridos frente a las c\u00e1maras de televisi\u00f3n.<\/p>\n<p class=\"com-paragraph   --s\"><strong>Agencias AFP y ANSA<\/strong><\/p>\n<section class=\"container-center-100 mb-32\">\n<hr\/>\n<\/section>\n<\/div>\n\n","protected":false},"excerpt":{"rendered":"<p>LISBOA.- El primer ministro Luis Montenegro, de derecha moderada y proeuropea, gan\u00f3 las elecciones legislativas anticipadas de hoy en Portugal, pero, al igual que hace un a\u00f1o, no consigui\u00f3 una mayor\u00eda suficiente para garantizar la estabilidad pol\u00edtica en el pa\u00eds europeo.El resultado amenaza con dejar a Portugal, miembro de la OTAN y de la Uni\u00f3n [&hellip;]<\/p>\n","protected":false},"author":2,"featured_media":163527,"comment_status":"closed","ping_status":"closed","sticky":false,"template":"","format":"standard","meta":{"footnotes":""},"categories":[1],"tags":[],"class_list":["post-163526","post","type-post","status-publish","format-standard","has-post-thumbnail","hentry","category-uncategorized"],"_links":{"self":[{"href":"https:\/\/radioacuariofm.com.ar\/index.php?rest_route=\/wp\/v2\/posts\/163526","targetHints":{"allow":["GET"]}}],"collection":[{"href":"https:\/\/radioacuariofm.com.ar\/index.php?rest_route=\/wp\/v2\/posts"}],"about":[{"href":"https:\/\/radioacuariofm.com.ar\/index.php?rest_route=\/wp\/v2\/types\/post"}],"author":[{"embeddable":true,"href":"https:\/\/radioacuariofm.com.ar\/index.php?rest_route=\/wp\/v2\/users\/2"}],"replies":[{"embeddable":true,"href":"https:\/\/radioacuariofm.com.ar\/index.php?rest_route=%2Fwp%2Fv2%2Fcomments&post=163526"}],"version-history":[{"count":1,"href":"https:\/\/radioacuariofm.com.ar\/index.php?rest_route=\/wp\/v2\/posts\/163526\/revisions"}],"predecessor-version":[{"id":163528,"href":"https:\/\/radioacuariofm.com.ar\/index.php?rest_route=\/wp\/v2\/posts\/163526\/revisions\/163528"}],"wp:featuredmedia":[{"embeddable":true,"href":"https:\/\/radioacuariofm.com.ar\/index.php?rest_route=\/wp\/v2\/media\/163527"}],"wp:attachment":[{"href":"https:\/\/radioacuariofm.com.ar\/index.php?rest_route=%2Fwp%2Fv2%2Fmedia&parent=163526"}],"wp:term":[{"taxonomy":"category","embeddable":true,"href":"https:\/\/radioacuariofm.com.ar\/index.php?rest_route=%2Fwp%2Fv2%2Fcategories&post=163526"},{"taxonomy":"post_tag","embeddable":true,"href":"https:\/\/radioacuariofm.com.ar\/index.php?rest_route=%2Fwp%2Fv2%2Ftags&post=163526"}],"curies":[{"name":"wp","href":"https:\/\/api.w.org\/{rel}","templated":true}]}}