{"id":162401,"date":"2025-05-13T17:50:42","date_gmt":"2025-05-13T20:50:42","guid":{"rendered":"https:\/\/radioacuariofm.com.ar\/?p=162401"},"modified":"2025-05-13T17:50:45","modified_gmt":"2025-05-13T20:50:45","slug":"comenzo-el-viii-congreso-de-la-biodiversidad-en-san-juan-2","status":"publish","type":"post","link":"https:\/\/radioacuariofm.com.ar\/?p=162401","title":{"rendered":"Comenz\u00f3 el VIII Congreso de la Biodiversidad en San Juan"},"content":{"rendered":"<p><img decoding=\"async\" src=\"https:\/\/radioacuariofm.com.ar\/wp-content\/uploads\/2025\/05\/26f3f5330862a126b95af3913fc993ae_L-2.jpg\"\/>  <\/p>\n<p>Este martes 13 de mayo, se realiz\u00f3 la apertura oficial del VIII Congreso de la Biodiversidad Argentina en el Centro de Convenciones, organizado por la Universidad Nacional de San Juan (UNSJ), la Fundaci\u00f3n Azara y la colaboraci\u00f3n de la Secretar\u00eda de Ambiente re\u00fane a investigadores, estudiantes, t\u00e9cnicos, funcionarios y representantes de organizaciones de todo el pa\u00eds.<\/p>\n<p>La apertura del congreso estuvo a cargo de la decana de la Facultad de Ciencias Exactas, F\u00edsicas y Naturales de la Universidad Nacional de San Juan, Natalia Nu\u00f1ez; el director del Centro de Investigaciones de la Ge\u00f3sfera y Bi\u00f3sfera y presidente del Congreso, Carlos Borghi; el secretario de Ambiente, Federico R\u00edos y de la directora del \u00c1rea del Biodiversidad de la Fundaci\u00f3n Azara y Vicepresidente del Congreso,  Marina Homberg.<\/p>\n<p>Durante el acto de apertura, el secretario Federico R\u00edos, destac\u00f3 la importancia de articular la ciencia y las pol\u00edticas p\u00fablicas \u201ceste Congreso es una herramienta clave para comprender, valorar y proteger nuestra biodiversidad, que es un patrimonio natural y cultural\u201d.<\/p>\n<p>El Congreso, que se extender\u00e1 hasta el viernes 16 de mayo, incluye conferencias magistrales, mesas tem\u00e1ticas, presentaci\u00f3n de trabajos cient\u00edficos, talleres y exposiciones. La agenda contempla ejes como biodiversidad y territorio, educaci\u00f3n ambiental, cambio clim\u00e1tico, restauraci\u00f3n ecol\u00f3gica y saberes ancestrales.<\/p>\n<p>Entre los oradores principales se encuentran destacados investigadores del CONICET, autoridades nacionales de Ambiente y expertos internacionales, que aportar\u00e1n sus miradas sobre los desaf\u00edos actuales en la conservaci\u00f3n de los ecosistemas y especies nativas.<\/p>\n","protected":false},"excerpt":{"rendered":"<p>Este martes 13 de mayo, se realiz\u00f3 la apertura oficial del VIII Congreso de la Biodiversidad Argentina en el Centro de Convenciones, organizado por la Universidad Nacional de San Juan (UNSJ), la Fundaci\u00f3n Azara y la colaboraci\u00f3n de la Secretar\u00eda de Ambiente re\u00fane a investigadores, estudiantes, t\u00e9cnicos, funcionarios y representantes de organizaciones de todo el [&hellip;]<\/p>\n","protected":false},"author":2,"featured_media":162402,"comment_status":"closed","ping_status":"closed","sticky":false,"template":"","format":"standard","meta":{"footnotes":""},"categories":[27],"tags":[],"class_list":["post-162401","post","type-post","status-publish","format-standard","has-post-thumbnail","hentry","category-san-juan"],"_links":{"self":[{"href":"https:\/\/radioacuariofm.com.ar\/index.php?rest_route=\/wp\/v2\/posts\/162401","targetHints":{"allow":["GET"]}}],"collection":[{"href":"https:\/\/radioacuariofm.com.ar\/index.php?rest_route=\/wp\/v2\/posts"}],"about":[{"href":"https:\/\/radioacuariofm.com.ar\/index.php?rest_route=\/wp\/v2\/types\/post"}],"author":[{"embeddable":true,"href":"https:\/\/radioacuariofm.com.ar\/index.php?rest_route=\/wp\/v2\/users\/2"}],"replies":[{"embeddable":true,"href":"https:\/\/radioacuariofm.com.ar\/index.php?rest_route=%2Fwp%2Fv2%2Fcomments&post=162401"}],"version-history":[{"count":1,"href":"https:\/\/radioacuariofm.com.ar\/index.php?rest_route=\/wp\/v2\/posts\/162401\/revisions"}],"predecessor-version":[{"id":162404,"href":"https:\/\/radioacuariofm.com.ar\/index.php?rest_route=\/wp\/v2\/posts\/162401\/revisions\/162404"}],"wp:featuredmedia":[{"embeddable":true,"href":"https:\/\/radioacuariofm.com.ar\/index.php?rest_route=\/wp\/v2\/media\/162402"}],"wp:attachment":[{"href":"https:\/\/radioacuariofm.com.ar\/index.php?rest_route=%2Fwp%2Fv2%2Fmedia&parent=162401"}],"wp:term":[{"taxonomy":"category","embeddable":true,"href":"https:\/\/radioacuariofm.com.ar\/index.php?rest_route=%2Fwp%2Fv2%2Fcategories&post=162401"},{"taxonomy":"post_tag","embeddable":true,"href":"https:\/\/radioacuariofm.com.ar\/index.php?rest_route=%2Fwp%2Fv2%2Ftags&post=162401"}],"curies":[{"name":"wp","href":"https:\/\/api.w.org\/{rel}","templated":true}]}}