{"id":160442,"date":"2025-05-08T01:20:03","date_gmt":"2025-05-08T04:20:03","guid":{"rendered":"https:\/\/radioacuariofm.com.ar\/?p=160442"},"modified":"2025-05-08T01:20:05","modified_gmt":"2025-05-08T04:20:05","slug":"hugo-sigman-inauguro-su-segunda-planta-de-energia-electrica-en-base-al-revolucionario-uso-de-subproductos-forestales","status":"publish","type":"post","link":"https:\/\/radioacuariofm.com.ar\/?p=160442","title":{"rendered":"Hugo Sigman inaugur\u00f3 su segunda planta de energ\u00eda el\u00e9ctrica en base al revolucionario uso de subproductos forestales"},"content":{"rendered":"<p><\/p>\n<div>\n<p class=\"com-paragraph  --capital --s\">El <strong>Grupo Insud,<\/strong> perteneciente al empresario <strong>Hugo Sigman,<\/strong> <strong>inaugur\u00f3 hoy cerca de Gobernador Virasoro, en la provincia de Corrientes, su segunda planta de energ\u00eda el\u00e9ctrica a partir de biomasa forestal. Invirti\u00f3<\/strong> <strong>US$200 millones<\/strong> en la actividad y ahora <strong>pasar\u00e1 a abastecer el equivalente al 20% del consumo el\u00e9ctrico<\/strong> de esa provincia. <\/p>\n<p class=\"com-paragraph   --s\">\u00a0La nueva planta se llama <strong>Estaci\u00f3n Transformadora San Alonso<\/strong> y junto con la Estaci\u00f3n Transformadora Norte optimizar\u00e1 la distribuci\u00f3n de energ\u00eda industrial en 33 kV. <strong>\u201cEsto asegura un suministro de mayor calidad para el norte de Corrientes y el sur de Misiones\u201d, <\/strong>indicaron desde la compa\u00f1\u00eda en un comunicado.<\/p>\n<p class=\"com-paragraph   --s\">En este marco, se explic\u00f3 que <strong>Fuentes Renovables de Energ\u00eda El\u00e9ctrica SA (FRESA),<\/strong> que es una de las empresas de Insud, funciona en un predio de 35 hect\u00e1reas de Gobernador Virasoro. <strong>\u201cLa empresa puso en funcionamiento su segunda central (San Alonso), con el objetivo de duplicar su producci\u00f3n de energ\u00eda el\u00e9ctrica y consolidarse como la planta de generaci\u00f3n de energ\u00eda a partir de biomasa m\u00e1s grande de la Argentina\u201d, <\/strong>se\u00f1al\u00f3 la empresa.<\/p>\n<p class=\"com-paragraph   --s\"><strong>\u201cLas dos plantas de Insud requirieron una inversi\u00f3n de 200 millones de d\u00f3lares y cuentan con una capacidad productiva total de 80 MWh, suficiente para satisfacer la demanda energ\u00e9tica local, incluso durante los meses de verano, cuando se registra el mayor consumo\u201d, <\/strong>agreg\u00f3. Se indic\u00f3 que FRESA emplea de forma directa a 152 personas y genera m\u00e1s de 300 empleos indirectos.<\/p>\n<div class=\"content-media\">\n<section role=\"button\" class=\"mod-media   \">\n<figure role=\"button\" class=\"mod-figure \"><figcaption class=\"mod-figcaption\"><span class=\"com-text --caption --twoxs\">Las dos plantas de Insud requirieron una inversi\u00f3n de 200 millones de d\u00f3lares<\/span><span class=\"com-text --credit --twoxs\">Grupo Insud<\/span><\/figcaption><\/figure>\n<\/section>\n<\/div>\n<p class=\"com-paragraph   --s\">Hace unas semanas <strong>LA NACION<\/strong> hab\u00eda anticipado la inversi\u00f3n de Sigman y en ese momento Adriana Steckler, gerente de Gesti\u00f3n Integral y Sostenibilidad, explic\u00f3: <a href=\"https:\/\/www.lanacion.com.ar\/economia\/campo\/inversion-de-us120-millones-uno-de-los-hombres-mas-ricos-del-pais-inaugurara-una-de-las-mayores-nid17042025\/\" target=\"_self\" title=\"https:\/\/www.lanacion.com.ar\/economia\/campo\/inversion-de-us120-millones-uno-de-los-hombres-mas-ricos-del-pais-inaugurara-una-de-las-mayores-nid17042025\/\" class=\"com-link\" data-mrf-recirculation=\"n_link_parrafo\">\u201cLa apuesta de Insud por la biomasa se inscribe en una estrategia m\u00e1s amplia de transformaci\u00f3n productiva con impacto positivo<\/a>. Apostamos por modelos de desarrollo que conjugan innovaci\u00f3n, eficiencia energ\u00e9tica y econom\u00eda circular. Con Fresa demostramos que es posible generar energ\u00eda renovable a partir de recursos locales, con un modelo que mejora la competitividad de toda la cadena forestoindustrial y dinamiza las econom\u00edas regionales\u201d. Luego agreg\u00f3: \u201cEn l\u00ednea con nuestra visi\u00f3n de largo plazo, seguimos impulsando soluciones concretas a los desaf\u00edos ambientales, contribuyendo a la transici\u00f3n energ\u00e9tica y al desarrollo sostenible del pa\u00eds\u201d. <\/p>\n<p class=\"com-paragraph   --s\">Como inform\u00f3 este medio en ese momento, <strong>la clave es que las centrales de este tipo se alimentan con subproductos forestales como aserr\u00edn, chip, corteza, ramas, y raleo (el pino o eucaliptus que se corta a los 7 a\u00f1os para dejar crecer hasta el final los \u00e1rboles de mayor valor). <\/strong><\/p>\n<div class=\"content-media\">\n<section role=\"button\" class=\"mod-media   \">\n<figure role=\"button\" class=\"mod-figure \"><figcaption class=\"mod-figcaption\"><span class=\"com-text --caption --twoxs\">Se reutilizan los subproductos (ramas, aserr\u00edn y recortes de madera)<\/span><span class=\"com-text --credit --twoxs\">Grupo Insud<\/span><\/figcaption><\/figure>\n<\/section>\n<\/div>\n<p class=\"com-paragraph   --s\">Seg\u00fan inform\u00f3 la compa\u00f1\u00eda en el comunicado, con esta segunda central FRESA \u201cabastece con energ\u00eda limpia a nuevas localidades de la zona, como Ituzaing\u00f3, Villa Olivares e It\u00e1 Ibat\u00e9, adem\u00e1s de las que ya se ve\u00edan beneficiadas, como Gobernador Virasoro, Santo Tom\u00e9 y La Cruz\u201d.<\/p>\n<p class=\"com-paragraph   --s\"><strong>\u201cA partir de ahora, entregaremos 73 MWh al Sistema Argentino de Interconexi\u00f3n (SADI), que representan cerca de un 20% de la energ\u00eda el\u00e9ctrica que consume la provincia de Corrientes\u201d,<\/strong> dijo <strong>Luciano Baroni, CEO de FRESA.<\/strong> La empresa destac\u00f3 la importancia de este tipo de emprendimientos: \u201cAntes de la instalaci\u00f3n de la planta, la biomasa producida por el sector maderero local no contaba con un destino \u00fatil y generaba contaminaci\u00f3n y riesgos por su quema a cielo abierto. Hoy, la planta termoel\u00e9ctrica aporta valor econ\u00f3mico a la industria y reduce el impacto ambiental del sector\u201d. <\/p>\n<section class=\"container-center-100 mb-32\">\n<hr\/>\n<\/section>\n<\/div>\n","protected":false},"excerpt":{"rendered":"<p>El Grupo Insud, perteneciente al empresario Hugo Sigman, inaugur\u00f3 hoy cerca de Gobernador Virasoro, en la provincia de Corrientes, su segunda planta de energ\u00eda el\u00e9ctrica a partir de biomasa forestal. Invirti\u00f3 US$200 millones en la actividad y ahora pasar\u00e1 a abastecer el equivalente al 20% del consumo el\u00e9ctrico de esa provincia. \u00a0La nueva planta se [&hellip;]<\/p>\n","protected":false},"author":2,"featured_media":160443,"comment_status":"closed","ping_status":"closed","sticky":false,"template":"","format":"standard","meta":{"footnotes":""},"categories":[28],"tags":[],"class_list":["post-160442","post","type-post","status-publish","format-standard","has-post-thumbnail","hentry","category-economia"],"_links":{"self":[{"href":"https:\/\/radioacuariofm.com.ar\/index.php?rest_route=\/wp\/v2\/posts\/160442","targetHints":{"allow":["GET"]}}],"collection":[{"href":"https:\/\/radioacuariofm.com.ar\/index.php?rest_route=\/wp\/v2\/posts"}],"about":[{"href":"https:\/\/radioacuariofm.com.ar\/index.php?rest_route=\/wp\/v2\/types\/post"}],"author":[{"embeddable":true,"href":"https:\/\/radioacuariofm.com.ar\/index.php?rest_route=\/wp\/v2\/users\/2"}],"replies":[{"embeddable":true,"href":"https:\/\/radioacuariofm.com.ar\/index.php?rest_route=%2Fwp%2Fv2%2Fcomments&post=160442"}],"version-history":[{"count":1,"href":"https:\/\/radioacuariofm.com.ar\/index.php?rest_route=\/wp\/v2\/posts\/160442\/revisions"}],"predecessor-version":[{"id":160444,"href":"https:\/\/radioacuariofm.com.ar\/index.php?rest_route=\/wp\/v2\/posts\/160442\/revisions\/160444"}],"wp:featuredmedia":[{"embeddable":true,"href":"https:\/\/radioacuariofm.com.ar\/index.php?rest_route=\/wp\/v2\/media\/160443"}],"wp:attachment":[{"href":"https:\/\/radioacuariofm.com.ar\/index.php?rest_route=%2Fwp%2Fv2%2Fmedia&parent=160442"}],"wp:term":[{"taxonomy":"category","embeddable":true,"href":"https:\/\/radioacuariofm.com.ar\/index.php?rest_route=%2Fwp%2Fv2%2Fcategories&post=160442"},{"taxonomy":"post_tag","embeddable":true,"href":"https:\/\/radioacuariofm.com.ar\/index.php?rest_route=%2Fwp%2Fv2%2Ftags&post=160442"}],"curies":[{"name":"wp","href":"https:\/\/api.w.org\/{rel}","templated":true}]}}