{"id":159961,"date":"2025-05-06T21:41:14","date_gmt":"2025-05-07T00:41:14","guid":{"rendered":"https:\/\/radioacuariofm.com.ar\/?p=159961"},"modified":"2025-05-06T21:41:18","modified_gmt":"2025-05-07T00:41:18","slug":"la-arenga-del-gobierno-a-los-supermercados-y-una-nueva-advertencia-por-los-precios","status":"publish","type":"post","link":"https:\/\/radioacuariofm.com.ar\/?p=159961","title":{"rendered":"La arenga del Gobierno a los supermercados y una nueva advertencia por los precios"},"content":{"rendered":"<p><img decoding=\"async\" src=\"https:\/\/radioacuariofm.com.ar\/wp-content\/uploads\/2025\/05\/el-ministro-de-economia-luis-caputo-se-reunio-hoy-KT653DSUJ5HK7M6QQGPLR5BRG4-1.jpg\"\/>  <\/p>\n<p><strong>\u201cNo aflojen\u201d,<\/strong> les pidi\u00f3 hoy el ministro de Econom\u00eda, Luis Caputo, a los representantes de los grandes supermercados. El funcionario los recibi\u00f3 en el Palacio de Hacienda, les explic\u00f3 el plan econ\u00f3mico -la tercera fase, o sea, la salida del cepo- y celebr\u00f3 que no aceptaran listas con aumentos de precios propuestos por la industria alimenticia y de consumo masivo. <\/p>\n<p><strong>LA NACION<\/strong> habl\u00f3 con cuatro fuentes que estuvieron presentes en el encuentro que se realiz\u00f3 en el Ministerio de Econom\u00eda. Entre los representantes de los supermercados interpretaron la arenga del ministro contra la llegada de las remarcaciones como un pedido para sostenerlas en el tiempo.<\/p>\n<p>En el quinto piso del<strong> Palacio de Hacienda<\/strong> negaron esa interpretaci\u00f3n que se hizo entre las grandes cadenas. All\u00ed dicen, en cambio, que <strong>solo celebraron la decisi\u00f3n propia de las empresas de no aceptar nuevos incrementos tras la salida del cepo.<\/strong><\/p>\n<p>Sin embargo, seg\u00fan Econom\u00eda, <strong>las empresas pidieron sumar m\u00e1s competencia entre las g\u00f3ndolas.<\/strong> \u00bfTraducci\u00f3n? Avales para permitir importaci\u00f3n de mercader\u00eda y presionar para sostener precios. <\/p>\n<p><strong>Es una sugerencia que se hizo desde el equipo econ\u00f3mico d\u00edas atr\u00e1s, cuando empezaron a aparecer alzas en los autos 0 Km. <\/strong><\/p>\n<p>Las fuentes indicaron que Caputo explic\u00f3 el programa econ\u00f3mico que lleva adelante con el respaldo del presidente Javier Milei y reafirm\u00f3 que la <strong>\u201cinflaci\u00f3n va a colapsar\u201d.<\/strong> Afirm\u00f3 que es una situaci\u00f3n in\u00e9dita en la Argentina y que era <strong>\u201ctrabajo de todos\u201d <\/strong>cuidar esa situaci\u00f3n. El foco del Gobierno sigue siendo, de cara a las elecciones, la desaceleraci\u00f3n de la inflaci\u00f3n, sobre todo luego del 3,7% en marzo pasado y tras la salida del cepo, que implic\u00f3, por ahora, una suba del d\u00f3lar oficial al centro de la banda de flotaci\u00f3n (los financieros y la brecha se desplomaron) de entre $1000 y $1400. <\/p>\n<p>El ministro de Econom\u00eda recalc\u00f3 el actual escenario: equilibrio fiscal, sin emisi\u00f3n de pesos, con tipo de cambio flotante, y con un Banco Central (BCRA) recapitalizado, dijo, es algo que <strong>\u201cla Argentina no tuvo en los \u00faltimos 100 a\u00f1os\u201d<\/strong>. <\/p>\n<p>Frente a los empresarios, dijo que el <strong>\u201caumento por las dudas\u201d <\/strong>y la implementaci\u00f3n de <strong>\u201cpol\u00edticas comerciales\u201d<\/strong> con beneficios y promociones si despu\u00e9s no se vende s\u00f3lo desfavorece a los argentinos y a las empresas, ya que estas \u00faltimas [los supermercados], dijo, enfrentan paritarias. <\/p>\n<p><strong>\u201cMe parece muy bueno que los hayan mandado [a la industria] a la casa por los aumentos; no aflojen\u201d,<\/strong> les pidi\u00f3. <\/p>\n<p>El comunicado oficial de Econom\u00eda inform\u00f3 que, adem\u00e1s de Caputo, estuvo el secretario de Coordinaci\u00f3n de Producci\u00f3n, Pablo Lavigne. Por las empresas, participaron, en tanto, representantes de Carrefour, Cencosud, Chango M\u00e1s, Coto, D\u00eda, y de la Asociaci\u00f3n de Supermercados Unidos (ASU). <\/p>\n<p>\u201cEl ministro destac\u00f3 que desde que asumi\u00f3 esta gesti\u00f3n se baj\u00f3 m\u00e1s de 2 puntos del PBI en impuestos y aranceles, que la econom\u00eda creci\u00f3 un 6% interanual en 2024, y remarc\u00f3 que no hay razones macroecon\u00f3micas para que la Argentina tenga inflaci\u00f3n\u201d, enfatiz\u00f3 el comunicado de Hacienda, y agreg\u00f3: \u201cLos representantes de <strong>los supermercados afirmaron que no est\u00e1n convalidando aumentos de precios y plantearon la necesidad de fomentar la competencia<\/strong>, mientras que el titular de Econom\u00eda expres\u00f3 que su equipo econ\u00f3mico est\u00e1 abierto para que sugieran las propuestas que consideren necesarias\u201d.<\/p>\n<p><strong>\u201cNos pidi\u00f3 que sigamos aguantando sin tomar nuevas listas excesivas y nos agradeci\u00f3 por haber aguantado hasta ahora\u201d, <\/strong>dijo uno de los empresarios presentes en la reuni\u00f3n a este medio. En ese establecimiento creen que la inflaci\u00f3n de abril apenas super\u00f3 el 2%, pese a que uno de los grandes jugadores -al que no mencion\u00f3- quiso imponer<strong> una lista con aumentos de precios de entre 8% y 12%, cont\u00f3. <\/strong><\/p>\n<p>Otro de los empresarios que estuvo con Caputo entendi\u00f3 que el ministro ped\u00eda <strong>\u201cno convalidar aumentos a la industria\u201d.<\/strong> Cont\u00f3 adem\u00e1s que varias empresas de consumo masivo y alimenticias intentaron la semana pasada subir precios, pero frenaron luego del posteo en X de Caputo. <strong>\u201cVarios recalcularon\u201d,<\/strong> agreg\u00f3. <strong>\u201cAhora, con un nuevo mes, algunos insisten, pero por ahora nadie avanza\u201d,<\/strong> explic\u00f3. <\/p>\n<p>El empresario afirm\u00f3 adem\u00e1s que los aumentos en las listas eran, en promedio, del 5% (aunque se llegaron a ver alzas del 9% en aceites). O sea, por encima de la inflaci\u00f3n prevista para abril, que, seg\u00fan analistas privados, ronda el 3%. <strong>El Gobierno estim\u00f3 que el IPC ser\u00e1 igual o menor al 3,7% de marzo. <\/strong><\/p>\n<p>\u201cDesde la Asociaci\u00f3n de Supermercados Unidos [ASU] y ante los hechos de p\u00fablico conocimiento, queremos comunicarle a la sociedad nuestro firme prop\u00f3sito de no aceptar listas de precios de nuestros proveedores que contengan aumentos desmedidos y\/o especulativos\u201d, afirm\u00f3 un comunicado de la ASU enviado a los medios el \u00faltimo 16 de abril. <\/p>\n<p>\u201cReiteramos que nuestro objetivo es hacer llegar al p\u00fablico productos de la m\u00e1xima calidad y al mejor precio. Nuestros mayores esfuerzos est\u00e1n orientados a obtener ese objetivo\u201d, cerraron en esa nota. Los supermercados, hay que entender, son un negocio de volumen de ventas. Los incrementos que llegan desde la industria desalientan el consumo, que todav\u00eda viene aletargado por la ca\u00edda de los ingresos disponibles en los hogares, m\u00e1s all\u00e1 de la desaceleraci\u00f3n de la inflaci\u00f3n en los \u00faltimos meses, y las mejoras reales en los ingresos. <\/p>\n<p>A esta idea se sumaron s\u00f3lo un d\u00eda despu\u00e9s tambi\u00e9n los agrupados en la C\u00e1mara Argentina de Supermercados (CAS), la Red de S\u00faper Argentinos y la Federaci\u00f3n Argentina de Supermercados y Autoservicios (FASA). <\/p>\n<p>\u201cHoy los supermercados grandes rechazaron la mercader\u00eda con lista de precios nueva de Unilever y Molinos, con subas de 9% a 12%\u201d, hab\u00eda escrito Caputo el 16 de abril, apenas el Gobierno sali\u00f3 del cepo cambiario. Un d\u00eda despu\u00e9s celebr\u00f3 la decisi\u00f3n de la industria de recular: <strong>\u201cMolinos retrotrajo toda la suba de precios. Buena reacci\u00f3n. Y sobre todo, gran gesti\u00f3n de los supermercados, cuidando a sus clientes\u201d,<\/strong> dijo. <\/p>\n<p>El ministro de Econom\u00eda tuvo luego la misma reacci\u00f3n con las automotrices, que en un primer momento hab\u00edan impulsado aumentos de m\u00e1s de 3% y que luego los frenaron. En las \u00faltimas horas, algunas remarcaron 1,5% en promedio. <\/p>\n","protected":false},"excerpt":{"rendered":"<p>\u201cNo aflojen\u201d, les pidi\u00f3 hoy el ministro de Econom\u00eda, Luis Caputo, a los representantes de los grandes supermercados. El funcionario los recibi\u00f3 en el Palacio de Hacienda, les explic\u00f3 el plan econ\u00f3mico -la tercera fase, o sea, la salida del cepo- y celebr\u00f3 que no aceptaran listas con aumentos de precios propuestos por la industria alimenticia y de consumo masivo.<br \/>\n LA NACION habl\u00f3 con cuatro fuentes que estuvieron presentes en el encuentro que se realiz\u00f3 en el Ministerio de Econom\u00eda. Entre los representantes de los supermercados interpretaron la arenga del ministro contra la llegada de las remarcaciones como un pedido para sostenerlas en el tiempo.<br \/>\n En el quinto piso del Palacio de Hacienda negaron esa interpretaci\u00f3n que se hizo entre las grandes cadenas. All\u00ed dicen, en cambio, que solo celebraron la decisi\u00f3n propia de las empresas de no aceptar nuevos incrementos tras la salida del cepo.<br \/>\n Sin embargo, seg\u00fan Econom\u00eda, las empresas pidieron sumar m\u00e1s competencia entre las g\u00f3ndolas. \u00bfTrad..<\/p>\n","protected":false},"author":2,"featured_media":159962,"comment_status":"closed","ping_status":"closed","sticky":false,"template":"","format":"standard","meta":{"footnotes":""},"categories":[28],"tags":[],"class_list":["post-159961","post","type-post","status-publish","format-standard","has-post-thumbnail","hentry","category-economia"],"_links":{"self":[{"href":"https:\/\/radioacuariofm.com.ar\/index.php?rest_route=\/wp\/v2\/posts\/159961","targetHints":{"allow":["GET"]}}],"collection":[{"href":"https:\/\/radioacuariofm.com.ar\/index.php?rest_route=\/wp\/v2\/posts"}],"about":[{"href":"https:\/\/radioacuariofm.com.ar\/index.php?rest_route=\/wp\/v2\/types\/post"}],"author":[{"embeddable":true,"href":"https:\/\/radioacuariofm.com.ar\/index.php?rest_route=\/wp\/v2\/users\/2"}],"replies":[{"embeddable":true,"href":"https:\/\/radioacuariofm.com.ar\/index.php?rest_route=%2Fwp%2Fv2%2Fcomments&post=159961"}],"version-history":[{"count":1,"href":"https:\/\/radioacuariofm.com.ar\/index.php?rest_route=\/wp\/v2\/posts\/159961\/revisions"}],"predecessor-version":[{"id":159964,"href":"https:\/\/radioacuariofm.com.ar\/index.php?rest_route=\/wp\/v2\/posts\/159961\/revisions\/159964"}],"wp:featuredmedia":[{"embeddable":true,"href":"https:\/\/radioacuariofm.com.ar\/index.php?rest_route=\/wp\/v2\/media\/159962"}],"wp:attachment":[{"href":"https:\/\/radioacuariofm.com.ar\/index.php?rest_route=%2Fwp%2Fv2%2Fmedia&parent=159961"}],"wp:term":[{"taxonomy":"category","embeddable":true,"href":"https:\/\/radioacuariofm.com.ar\/index.php?rest_route=%2Fwp%2Fv2%2Fcategories&post=159961"},{"taxonomy":"post_tag","embeddable":true,"href":"https:\/\/radioacuariofm.com.ar\/index.php?rest_route=%2Fwp%2Fv2%2Ftags&post=159961"}],"curies":[{"name":"wp","href":"https:\/\/api.w.org\/{rel}","templated":true}]}}