{"id":159104,"date":"2025-05-04T17:49:59","date_gmt":"2025-05-04T20:49:59","guid":{"rendered":"https:\/\/radioacuariofm.com.ar\/?p=159104"},"modified":"2025-05-04T17:50:04","modified_gmt":"2025-05-04T20:50:04","slug":"maxima-expectativa-en-el-vaticano-gestos-campana-y-calculos-de-los-cardenales-en-el-ultimo-domingo-sin-papa","status":"publish","type":"post","link":"https:\/\/radioacuariofm.com.ar\/?p=159104","title":{"rendered":"M\u00e1xima expectativa en el Vaticano: gestos, campa\u00f1a y c\u00e1lculos de los cardenales en el \u00faltimo domingo sin papa"},"content":{"rendered":"<p><img decoding=\"async\" src=\"https:\/\/radioacuariofm.com.ar\/wp-content\/uploads\/2025\/05\/cardenales-portan-mitras-durante-la-misa-del-VUEXYTGIKFHMZHB32UYYZZU7JE-1.jpg\"\/><\/p>\n<p><\/p>\n<p>ROMA.- Fue el <strong>\u00faltimo domingo sin papa en Roma. <\/strong>Se descuenta que el que viene ya <strong>habr\u00e1 sido electo el sucesor de Francisco, <\/strong>que probablemente debutar\u00e1 en su primera oraci\u00f3n mariana del Regina Coeli desde la ventana del Palacio Apost\u00f3lico. \u00bfQui\u00e9n ser\u00e1? \u00bfDe d\u00f3nde vendr\u00e1?<\/p>\n<p>A <strong>tres d\u00edas del comienzo del c\u00f3nclave <\/strong>-a las 16.30 del mi\u00e9rcoles-, no fue un domingo normal sino marcado por estas preguntas y un clima de creciente ansiedad. Los <strong>133 cardenales que ingresar\u00e1n a la Capilla Sixtina, <\/strong>si bien no tuvieron congregaciones generales -las reuniones preparatorias- no descansaron. Mientras que muchos aprovecharon para seguir hablando en reuniones, almuerzos en <em>\u201ctrattorie\u201d <\/em>romanas o en casas privadas, en busca de cerrar acuerdos para lograr los votos necesarios para imponer los candidatos de las diversas facciones, otros celebraron misa en las iglesias de Roma de las que son titulares. Muchos, sobre todo los que salen en las listas de papables, lo hicieron acosados por legiones de periodistas en busca de im\u00e1genes y claves para entender lo que vendr\u00e1.<\/p>\n<figure><figcaption>Cardenales asisten a una misa en el \u00faltimo de los nueve d\u00edas de luto por el difunto papa Francisco, en la Bas\u00edlica de San Pedro del VaticanoGregorio Borgia  \u2013 AP <\/figcaption><\/figure>\n<p>El cardenal franc\u00e9s <strong>Jean-Marc Aveline, <\/strong>arzobispo de Marsella nacido en Argelia hace 66 a\u00f1os, por ejemplo, demostr\u00f3 que <strong>habla mucho mejor italiano de lo que se pensaba, <\/strong>en una misa que celebr\u00f3 en la Iglesia Santa Maria dei Monti del barrio hom\u00f3nimo, cercano al Coliseo. Aunque ley\u00f3 el texto de su homil\u00eda -que dur\u00f3 menos de 7 minutos, como recomendaba Francisco para no aburrir a los fieles-, celebr\u00f3 el resto de la misa en italiano sin problema alguno y acento franc\u00e9s. Parecido f\u00edsicamente y <strong>con el mismo aspecto bonach\u00f3n, afable y abierto de Juan XXIII <\/strong>(1958-1963), algunos periodistas franceses comentaban por lo bajo que ya se imaginan a Aveline, presidente de los obispos franceses y estrella en ascenso, en l\u00ednea con la Iglesia en salida de Francisco, como <strong>un posible \u201cJuan XXIV\u201d.<\/strong><\/p>\n<figure><figcaption>El cardenal franc\u00e9s Jean-Marc Aveline oficia una misa en la iglesia de Santa Maria ai Monti, Roma, el 4 de mayo de 2025GABRIEL BOUYS  \u2013 AFP <\/figcaption><\/figure>\n<p>Su compatriota, el cardenal de Ajaccio, C\u00f3rcega, <strong>Francois-Xavier Bustillo, <\/strong>que celebr\u00f3 en \u201csu\u201d parroquia de Santa Mar\u00eda Inmaculada de Lourdes del barrio romano de Boccea, en su serm\u00f3n record\u00f3 que <strong>Jes\u00fas \u201cno pregunta si sos fuerte, si ten\u00e9s una estrategia de marketing o si sab\u00e9s hablar idiomas\u201d, <\/strong>sino que pide \u201camarlo hasta el final\u201d y, en esta escucha, \u201cser d\u00f3ciles y responsables\u201d, seg\u00fan consign\u00f3 ANSA, interpretando estas palabras como un mensaje de cara al c\u00f3nclave.<\/p>\n<figure><figcaption>El cardenal franc\u00e9s Fran\u00e7ois-Xavier Bustillo asiste a la misa del S\u00e9ptimo Novemdiale en la bas\u00edlica de San Pedro, tras el funeral del Papa y antes del c\u00f3nclave, en el Vaticano, el 2 de mayo TIZIANA FABI  \u2013 AFP <\/figcaption><\/figure>\n<p>El cardenal estadounidense <strong>Timothy Dolan, <\/strong>arzobispo de Nueva York, <strong>conservador, desde siempre cr\u00edtico de Francisco y que respald\u00f3 la candidatura de Donald Trump, <\/strong>tras celebrar en la Iglesia de Guadalupe de Monte Mario, asegur\u00f3 a los periodistas que, por ser su segundo c\u00f3nclave, estaba viviendo esta experiencia m\u00e1s serenamente que en 2013. Consultado si era posible un \u201cFrancisco II\u201d, Dolan fue diplom\u00e1tico: \u201cOjal\u00e1, pienso que somos afortunados porque hasta <strong>podr\u00edamos hacer un mix de los \u00faltimos papas, <\/strong>Francisco, pero tambi\u00e9n pienso en la intensidad intelectual de Benedicto XVI y en Juan Pablo II, con su coraje y su llamado a seguir a Jes\u00fas\u2026 Pienso que <strong>si llegamos a combinar estas grandes caracter\u00edsticas de ellos ser\u00eda una bendici\u00f3n<\/strong>\u201d, dijo.<\/p>\n<p>Por su parte, el cardenal <strong>Mario Poli<\/strong>, <strong>arzobispo em\u00e9rito de Buenos Aires y uno de <\/strong><strong>los cuatro argentinos <\/strong><strong>que a partir del mi\u00e9rcoles participar\u00e1n de la elecci\u00f3n <\/strong>secreta del sucesor de Francisco, celebr\u00f3 misa en la Iglesia Nacional Argentina \u201cSanta Maria Addolorata del Viale Regina Margherita\u201d ante decenas de compatriotas.<\/p>\n<figure><figcaption>El cardenal Mario Aurelio Poli sale de una reuni\u00f3n de congregaci\u00f3n en el Vaticano, el 3 de mayo de 2025DIMITAR DILKOFF  \u2013 AFP <\/figcaption><\/figure>\n<p>En un clima de enorme expectativa, los principales diarios italianos segu\u00edan en <strong>una evidente campa\u00f1a medi\u00e1tica en favor del papable \u201cm\u00e1s fuerte\u201d, <\/strong><strong>el cardenal Pietro Parolin, <\/strong>secretario de Estado de Francisco. Diplom\u00e1tico de 70 a\u00f1os, moderado y sin experiencia pastoral, por sus viajes por el mundo como n\u00famero dos de Francisco, es la figura m\u00e1s conocida en un colegio de electores nunca tan internacional (70 pa\u00edses representados) y donde muchos no se conocen.<\/p>\n<p>Parolin se presenta como <strong>una figura pacificadora en un colegio cardenalicio dividido <\/strong>y como alguien que pondr\u00eda un poco de \u201ccalma\u201d y orden despu\u00e9s de un papado informal y disruptivo. Pero no tiene carisma.<\/p>\n<figure><figcaption>El cardenal Pietro Parolin llega a la Bas\u00edlica de San Pedro para asistir a una misa en el octavo de los nueve d\u00edas de luto por el fallecido papa Francisco, en el Vaticano, el s\u00e1bado 3 de mayo de 2025Alessandra Tarantino  \u2013 AP <\/figcaption><\/figure>\n<p><strong>\u201cEl riesgo es que los candidatos m\u00e1s votados se bloqueen despu\u00e9s de los primeros escrutinios\u201d, <\/strong>escribi\u00f3 la vaticanista del diario <em>Il Messaggero, <\/em>Franca Giansoldati, que, como todo el mundo, indentific\u00f3 al cardenal filipino, <strong>Luis Antonio \u201cChito\u201d Tagle, <\/strong>de 67 a\u00f1os, como el otro gran favorito. Calcul\u00f3, al igual que otros expertos, que Parolin podr\u00eda contar de entrada con un buen paquete de votos (entre 40 y 50), y que <strong>el problema es que podr\u00eda quedarse estancado con esos n\u00fameros y no crecer. <\/strong>De hecho, <strong>ning\u00fan purpurado se acerca al n\u00famero m\u00e1gico, 89, <\/strong>los dos tercios necesarios para ser electo.<\/p>\n<p><strong>\u201cHace falta tiempo\u201d para un acuerdo entre todos, <\/strong>admitieron algunos cardenales, que ma\u00f1ana lunes, como ya terminaron los \u201cnovendiales\u201d -los nueve d\u00edas de luto y de misas en sufragio por el alma de Francisco-, <strong>por primera vez tendr\u00e1n reuniones pre-c\u00f3nclave por la ma\u00f1ana y por la tarde. <\/strong><\/p>\n<p>Como nunca hubo tantos cardenales en un c\u00f3nclave (los electores ser\u00e1n 133 de los 135 habilitados porque dos -un europeo y un africano- avisaron que iban a ausentarse por problemas de salud), trascendi\u00f3 que muchos a\u00fan no pudieron hablar, algo fundamental. Todo el mundo recuerda, de hecho, que <strong>fue clave el breve discurso que pronunci\u00f3 el arzobispo de Buenos Aires el 9 de marzo de 2013, <\/strong>cuando llam\u00f3 a una Iglesia no autorreferencial y en salida hacia las periferias existenciales y geogr\u00e1ficas del mundo, fulgurando a los dem\u00e1s.<\/p>\n<p>El t\u00edtulo principal de la tapa del diario <em>La Stampa, <\/em>en base a un sondeo asegur\u00f3 que <strong>\u201cseis italianos de diez quieren un pont\u00edfice progresista\u201d, <\/strong>algo que indicar\u00eda que prefieren que el sucesor de Francisco <strong>no sea italiano. <\/strong><\/p>\n<figure><figcaption>El cardenal italiano Matteo Maria Zuppi asiste a la misa del S\u00e9ptimo Novemdiale en la bas\u00edlica de San Pedro, tras el funeral del Papa y antes del c\u00f3nclave, en el Vaticano, el 2 de mayo de 2025TIZIANA FABI  \u2013 AFP <\/figcaption><\/figure>\n<p>\u201cEl cardenal Matteo Zuppi, arzobispo de Bologna, de la comunidad de San Egidio, si bien se presenta como alguien en l\u00ednea con la pastoral de Francisco, preocupado por los pobres y los \u00faltimos, como presidente de la Conferencia Episcopal Italiana (CEI) se desmarc\u00f3 de \u00e9l\u201d, confi\u00f3 a <strong>LA NACION <\/strong>un obispo que pidi\u00f3 el anonimato. \u201cConstruy\u00f3 la CEI a su imagen y semejanza, no a imagen de Francisco, que en los \u00faltimos a\u00f1os se alej\u00f3 de \u00e9l porque incluso permiti\u00f3 que en Bologna celebraran la misa en lat\u00edn\u201d, a\u00f1adi\u00f3. <\/p>\n<p>Y fue m\u00e1s all\u00e1: la misma fuente revel\u00f3 que Zuppi, famoso por haber sido mediador de diversos conflictos en \u00c1frica y que contar\u00eda con el voto de diversos cardenales conservadores de ese continente, estar\u00eda, como t\u00e1ctica, <strong>dici\u00e9ndoles a varios colegas electores que lo voten a Parolin, \u201ccomo para sondear el terreno\u201d. <\/strong><\/p>\n<p>El otro candidato papable italiano, el patriarca latino de Jerusal\u00e9n, <strong>Pier Battista Pizzaballa, <\/strong>de 60 a\u00f1os, por otro lado, est\u00e1 lejos de ser un purpurado progresista, sino que est\u00e1 siendo <strong>impulsado por grupos conservadores.<\/strong><\/p>\n<p>En un domingo anormal, donde se hablaba principalmente del c\u00f3nclave y muchos segu\u00edan estudiando las listas y haciendo cuentas, por la tarde m\u00e1s de doscientos cardenales -menores y mayores de 80-, concelebraron <strong>la \u00faltima misa de novendiales por el papa difunto en la Bas\u00edlica de San Pedro.<\/strong><\/p>\n<p>\u201cTodos hemos admirado c\u00f3mo el papa Francisco, animado por el amor del Se\u00f1or y llevado por su gracia, fue <strong>fiel a su misi\u00f3n hasta el final de sus fuerzas<\/strong>\u201d, dijo en su serm\u00f3n el cardenal corso-franc\u00e9s <strong>Dominque Mamberti<\/strong>, que presidi\u00f3 la ceremonia solemne.<\/p>\n<figure><figcaption>El cardenal franc\u00e9s Dominique Mamberti (izq.) oficia la \u00faltima misa de los novendiales en la Bas\u00edlica de San Pedro del Vaticano, el 4 de mayo de 2025ALBERTO PIZZOLI  \u2013 AFP <\/figcaption><\/figure>\n<p>\u201c\u00c9l les advirti\u00f3 a los poderosos que deb\u00edan obedecer a Dios antes que a los hombres y proclam\u00f3 a la humanidad la alegr\u00eda plena del Evangelio, el Padre Misericordioso, Cristo Salvador. Lo hizo en su Magisterio, en sus viajes, en sus gestos, en su estilo de vida\u201d, a\u00f1adi\u00f3. \u201cEstuve cerca de \u00e9l el d\u00eda de Pascua, en la logia de las bendiciones de esta Bas\u00edlica, <strong>testigo de su sufrimiento, pero sobre todo de su valent\u00eda y su determinaci\u00f3n de servir al Pueblo de Dios hasta el final<\/strong>\u201d, record\u00f3 Mamberti que, en pocos d\u00edas, en su funci\u00f3n de cardenal protodi\u00e1cono, <strong>deber\u00e1 anunciar en lat\u00edn qui\u00e9n fue electo como nuevo papa, <\/strong>desde ese mismo balc\u00f3n, despu\u00e9s de la fumata blanca.<\/p>\n<p><strong>Mamberti, diplom\u00e1tico de 73 a\u00f1os que se descuenta que respalda la candidatura de Parolin, <\/strong>en su homil\u00eda mencion\u00f3 a Benedicto XVI y a Juan Pablo II, dos papas conservadores y de estilo mucho m\u00e1s r\u00edgido y formal que el del argentino, todo un mensaje. <\/p>\n<figure><figcaption>Los cardenales llegan para asistir a la misa del Noveno Novembre en la Bas\u00edlica de San Pedro en el Vaticano, el 4 de mayo de 2025ALBERTO PIZZOLI  \u2013 AFP <\/figcaption><\/figure>\n<p>Ataviado con una llamativa mitra blanca con bordados color oro -que record\u00f3 las de P\u00edo XII, totalmente distinta de las simples y austeras de Francisco-, Mamberti llam\u00f3 a redescubrir el sabor de la oraci\u00f3n de adoraci\u00f3n. \u201cEsta capacidad que da la adoraci\u00f3n no fue dif\u00edcil de reconocer en el papa Francisco. Su intensa vida pastoral, sus innumerables encuentros, se basaban en largos momentos de oraci\u00f3n que la disciplina ignaciana hab\u00eda dejado impresa en \u00e9l\u201d, evoc\u00f3. <\/p>\n","protected":false},"excerpt":{"rendered":"<p>ROMA.- Fue el \u00faltimo domingo sin papa en Roma. Se descuenta que el que viene ya habr\u00e1 sido electo el sucesor de Francisco, que probablemente debutar\u00e1 en su primera oraci\u00f3n mariana del Regina Coeli desde la ventana del Palacio Apost\u00f3lico. \u00bfQui\u00e9n ser\u00e1? \u00bfDe d\u00f3nde vendr\u00e1? A tres d\u00edas del comienzo del c\u00f3nclave -a las 16.30 [&hellip;]<\/p>\n","protected":false},"author":2,"featured_media":159105,"comment_status":"closed","ping_status":"closed","sticky":false,"template":"","format":"standard","meta":{"footnotes":""},"categories":[33],"tags":[],"class_list":["post-159104","post","type-post","status-publish","format-standard","has-post-thumbnail","hentry","category-el-mundo"],"_links":{"self":[{"href":"https:\/\/radioacuariofm.com.ar\/index.php?rest_route=\/wp\/v2\/posts\/159104","targetHints":{"allow":["GET"]}}],"collection":[{"href":"https:\/\/radioacuariofm.com.ar\/index.php?rest_route=\/wp\/v2\/posts"}],"about":[{"href":"https:\/\/radioacuariofm.com.ar\/index.php?rest_route=\/wp\/v2\/types\/post"}],"author":[{"embeddable":true,"href":"https:\/\/radioacuariofm.com.ar\/index.php?rest_route=\/wp\/v2\/users\/2"}],"replies":[{"embeddable":true,"href":"https:\/\/radioacuariofm.com.ar\/index.php?rest_route=%2Fwp%2Fv2%2Fcomments&post=159104"}],"version-history":[{"count":1,"href":"https:\/\/radioacuariofm.com.ar\/index.php?rest_route=\/wp\/v2\/posts\/159104\/revisions"}],"predecessor-version":[{"id":159107,"href":"https:\/\/radioacuariofm.com.ar\/index.php?rest_route=\/wp\/v2\/posts\/159104\/revisions\/159107"}],"wp:featuredmedia":[{"embeddable":true,"href":"https:\/\/radioacuariofm.com.ar\/index.php?rest_route=\/wp\/v2\/media\/159105"}],"wp:attachment":[{"href":"https:\/\/radioacuariofm.com.ar\/index.php?rest_route=%2Fwp%2Fv2%2Fmedia&parent=159104"}],"wp:term":[{"taxonomy":"category","embeddable":true,"href":"https:\/\/radioacuariofm.com.ar\/index.php?rest_route=%2Fwp%2Fv2%2Fcategories&post=159104"},{"taxonomy":"post_tag","embeddable":true,"href":"https:\/\/radioacuariofm.com.ar\/index.php?rest_route=%2Fwp%2Fv2%2Ftags&post=159104"}],"curies":[{"name":"wp","href":"https:\/\/api.w.org\/{rel}","templated":true}]}}