{"id":156250,"date":"2025-04-29T04:40:24","date_gmt":"2025-04-29T07:40:24","guid":{"rendered":"https:\/\/radioacuariofm.com.ar\/?p=156250"},"modified":"2025-04-29T04:40:30","modified_gmt":"2025-04-29T07:40:30","slug":"francos-defendio-su-rol-y-dijo-que-santiago-caputo-no-tiene-firma-ejecutiva","status":"publish","type":"post","link":"https:\/\/radioacuariofm.com.ar\/?p=156250","title":{"rendered":"Francos defendi\u00f3 su rol y dijo que Santiago Caputo no tiene \u201cfirma ejecutiva\u201d"},"content":{"rendered":"<p><img decoding=\"async\" src=\"https:\/\/radioacuariofm.com.ar\/wp-content\/uploads\/2025\/04\/PnPyFTzt4_2000x1500__1-1.jpg\"\/>  <\/p>\n<p>Luego que <strong>Javier Milei <\/strong>blanqueara que <strong>Santiago Caputo<\/strong> es el integrante de su gabinete con mayor influencia en lo pol\u00edtico, relegando incluso a <strong>Guillermo Francos<\/strong>, el jefe de Gabinete sali\u00f3 a sacar pecho sobre su rol en la coordinaci\u00f3n de los ministros y en \u201cla firma\u201d de los actos de Gobierno a diferencia del asesor todoterreno que, por su estatus formal, \u201cno resuelve temas\u201d.<\/p>\n<p>Las declaraciones del mandatario pusieron blanco sobre negro sobre la marcada influencia en el quehacer diario de la Casa Rosada del tambi\u00e9n consultor e integrante del \u201ctri\u00e1ngulo de hierro\u201d junto con<strong> Karina Milei<\/strong>. <\/p>\n<p>En las oficinas que tiene el asesor presidencial en el sal\u00f3n Martin Fierro suelen peregrinar distintos ministros, como su t\u00edo \u201c<strong>Toto\u201d Caputo<\/strong> o <strong>Patricia Bullrich<\/strong>; esta \u00faltima coincidi\u00f3 con el secretario de Transporte,<strong> Franco Mogetta, <\/strong>cuando se coordin\u00f3 la log\u00edstica de la previa a una de las marchas en favor de los jubilados en las que participaron grupos de izquierda y agrupaciones sociales.<\/p>\n<p>El jueves pasado, Milei hab\u00eda afirmado que el consultor es el integrante de su mesa chica con mayor influencia en lo pol\u00edtico, relegando al propio Francos. \u201c<strong>Hay una segunda instancia de control pol\u00edtico, que es Santiago Caputo<\/strong>. Y el que mete el gancho final soy yo\u201d, asegur\u00f3 el mandatario en A24 en momentos en que estaba hablando de la funci\u00f3n del jefe de gabinete al que, si bien elogi\u00f3, lo defini\u00f3 como \u201c<strong>un ministro que reparte el juego, que distribuye el juego<\/strong>. Entonces, los ministros est\u00e1n muy libres\u201d.<\/p>\n<p>Pero Francos busc\u00f3 este lunes bajarle el tono a las declaraciones del jefe de Estado respecto al poder del Caputo en su gobierno. <strong>\u201cEl jefe de Gabinete soy yo y me hago responsable de los actos que yo firmo. Entiendo que Santiago Caputo es un asesor<\/strong> y no tiene firma ejecutiva, no resuelve temas\u201d, expres\u00f3 en di\u00e1logo con radio Splendid.<\/p>\n<p>Como cont\u00f3<strong> Clar\u00edn<\/strong>, desde el punto de vista formal, Caputo tiene un v\u00ednculo con el Estado como monotributista por lo que no puede ser investigado ni por la Oficina Anticorrupci\u00f3n (OA) ni la Unidad de Informaci\u00f3n Financiera (UIF). No es sujeto pol\u00edticamente expuesto. <\/p>\n<p>El asesor presidencial trabaja bajo un contrato 1109 anudado con la Secretar\u00eda General de la Presidencia, que ofrece \u201cservicios personales destinados a desarrollar estudios o programas especiales\u201d, por el que est\u00e1 nominado como \u201cconsultor nivel II\u201d. A la postre, percibe mensualmente \u201c3750 unidades retributivas\u201d que, al d\u00eda de hoy, ascender\u00edan a unos 2 millones de pesos.<\/p>\n<p>\u201cNo creo que haya sido esa la intenci\u00f3n del Presidente, en el momento de expresarlo lo dijo de esa manera como ha hablado siempre del \u2018tri\u00e1ngulo de hierro\u2019, expresiones que no agregan nada\u201d, sostuvo Francos al ser consultado si el mandatario hab\u00eda restado su influencia en la gesti\u00f3n. Al respecto, abund\u00f3 que \u201cnunca (Milei) me ha cuestionado los temas que le he llevado en consideraci\u00f3n. <strong>No es una expresi\u00f3n que me moleste para nada<\/strong>\u201c.<\/p>\n<p>En septiembre pasado hab\u00edan emergido versiones sobre una supuesta interna entre el jefe de Gabinete y Caputo y para despejar cualquier suspicacia ambos dirigentes y Karina Milei pasaron juntos para una foto, abrazados, en la oficina de la poderosa funcionaria. S\u00ed en los \u00faltimos meses emergi\u00f3 <strong>una tensi\u00f3n, por ahora subterr\u00e1nea, entre la presidenta de LLA y el consultor<\/strong> por el inter\u00e9s del grupo de tuiteros, afincados en \u201cLas Fuerzas del Cielo\u201d, de tallar en el armado electoral de Provincia.<\/p>\n<p>Como sea, Francos decidi\u00f3 minimizar el impacto de las declaraciones del mandatario. En la planta baja de la Casa Rosada, donde tiene su sede la secretar\u00eda de Interior y oficina el propio alto funcionario, le quitaron trascendencia a lo dicho este lunes por Francos al asegurar que \u201cfue una declaraci\u00f3n sin contexto que subieron en los t\u00edtulos de los diario\u201d al tiempo que aseguraron que <strong>el jefe de gabinete y el asesor \u201cse llevan muy bien\u201d.<\/strong><\/p>\n<p>El a\u00f1o pasado Caputo sol\u00eda visitar con frecuencia las oficinas de Interior mayormente para reunirse con el vicejefe de gabinete de Interior, <strong>Lisandro Catal\u00e1n.<\/strong><\/p>\n","protected":false},"excerpt":{"rendered":"<p>Luego que Javier Milei blanqueara que Santiago Caputo es el integrante de su gabinete con mayor influencia en lo pol\u00edtico, relegando incluso a Guillermo Francos, el jefe de Gabinete sali\u00f3 a sacar pecho sobre su rol en la coordinaci\u00f3n de los ministros y en \u201cla firma\u201d de los actos de Gobierno a diferencia del asesor [&hellip;]<\/p>\n","protected":false},"author":2,"featured_media":156251,"comment_status":"closed","ping_status":"closed","sticky":false,"template":"","format":"standard","meta":{"footnotes":""},"categories":[26],"tags":[],"class_list":["post-156250","post","type-post","status-publish","format-standard","has-post-thumbnail","hentry","category-politica"],"_links":{"self":[{"href":"https:\/\/radioacuariofm.com.ar\/index.php?rest_route=\/wp\/v2\/posts\/156250","targetHints":{"allow":["GET"]}}],"collection":[{"href":"https:\/\/radioacuariofm.com.ar\/index.php?rest_route=\/wp\/v2\/posts"}],"about":[{"href":"https:\/\/radioacuariofm.com.ar\/index.php?rest_route=\/wp\/v2\/types\/post"}],"author":[{"embeddable":true,"href":"https:\/\/radioacuariofm.com.ar\/index.php?rest_route=\/wp\/v2\/users\/2"}],"replies":[{"embeddable":true,"href":"https:\/\/radioacuariofm.com.ar\/index.php?rest_route=%2Fwp%2Fv2%2Fcomments&post=156250"}],"version-history":[{"count":1,"href":"https:\/\/radioacuariofm.com.ar\/index.php?rest_route=\/wp\/v2\/posts\/156250\/revisions"}],"predecessor-version":[{"id":156253,"href":"https:\/\/radioacuariofm.com.ar\/index.php?rest_route=\/wp\/v2\/posts\/156250\/revisions\/156253"}],"wp:featuredmedia":[{"embeddable":true,"href":"https:\/\/radioacuariofm.com.ar\/index.php?rest_route=\/wp\/v2\/media\/156251"}],"wp:attachment":[{"href":"https:\/\/radioacuariofm.com.ar\/index.php?rest_route=%2Fwp%2Fv2%2Fmedia&parent=156250"}],"wp:term":[{"taxonomy":"category","embeddable":true,"href":"https:\/\/radioacuariofm.com.ar\/index.php?rest_route=%2Fwp%2Fv2%2Fcategories&post=156250"},{"taxonomy":"post_tag","embeddable":true,"href":"https:\/\/radioacuariofm.com.ar\/index.php?rest_route=%2Fwp%2Fv2%2Ftags&post=156250"}],"curies":[{"name":"wp","href":"https:\/\/api.w.org\/{rel}","templated":true}]}}