{"id":156000,"date":"2025-04-28T17:10:42","date_gmt":"2025-04-28T20:10:42","guid":{"rendered":"https:\/\/radioacuariofm.com.ar\/?p=156000"},"modified":"2025-04-28T17:10:43","modified_gmt":"2025-04-28T20:10:43","slug":"becciu-desistio-de-participar-en-el-conclave-pero-la-aparicion-de-un-cardenal-del-opus-dei-sancionado-detono-otra-bomba","status":"publish","type":"post","link":"https:\/\/radioacuariofm.com.ar\/?p=156000","title":{"rendered":"Becciu desisti\u00f3 de participar en el c\u00f3nclave, pero la aparici\u00f3n de un cardenal del Opus Dei sancionado deton\u00f3 otra bomba"},"content":{"rendered":"<p> <br \/>\n<\/p>\n<div>\n<p class=\"com-paragraph  --capital --s\">ROMA.- Despu\u00e9s de haberse revelado la fecha del inicio del c\u00f3nclave -el 7 de mayo pr\u00f3ximo-, tal como se esperaba <strong>tambi\u00e9n se habr\u00eda resuelto finalmente este lunes el \u201ccaso\u201d Becciu<\/strong>, que <a href=\"https:\/\/www.lanacion.com.ar\/el-mundo\/el-caso-becciu-el-tema-espinoso-que-provoca-divisiones-entre-los-cardenales-antes-del-conclave-nid24042025\/\" target=\"_self\" title=\"https:\/\/www.lanacion.com.ar\/el-mundo\/el-caso-becciu-el-tema-espinoso-que-provoca-divisiones-entre-los-cardenales-antes-del-conclave-nid24042025\/\" class=\"com-link\" data-mrf-recirculation=\"n_link_parrafo\">hab\u00eda intoxicado con intrigas<\/a> al mejor estilo Dan Brown el clima pre-c\u00f3nclave.<\/p>\n<p class=\"com-paragraph   --s\">Seg\u00fan diversos medios italianos el cardenal Angelo Becciu -defenestrado por Francisco en septiembre de 2020 al verse implicado en un esc\u00e1ndalo de corrupci\u00f3n, pero que clamaba ser readimitido a la elecci\u00f3n-, finalmente, presionado por la evidencia, <strong>dio un paso al costado \u201cpor el bien de la Iglesia\u201d. <\/strong>Se espera que la Sala de Prensa de la Santa Sede confirme las versiones.<\/p>\n<p class=\"com-paragraph   --s\">Desde el d\u00eda siguiente a la muerte del Papa, Becciu, de 76 a\u00f1os, exsustituto de la Secretar\u00eda de Estado y persona de confianza de Jorge Bergoglio al principio de su papado, se transform\u00f3 en una bala perdida. Si bien hab\u00eda renunciado a los derechos cardenalicios por orden del Papa, como a\u00fan tiene el t\u00edtulo cardenalicio y en los \u00faltimos a\u00f1os Francisco, con generosidad, lo hab\u00eda dejado participar de ceremonias y liturgias, <strong>inici\u00f3 una campa\u00f1a a todo trapo para ser reincorporado.<\/strong><\/p>\n<div class=\"content-media\">\n<section role=\"button\" class=\"mod-media   \">\n<figure role=\"button\" class=\"mod-figure \"><figcaption class=\"mod-figcaption\"><span class=\"com-text --caption --twoxs\">VATICAN CITY, VATICAN, APRIL 23: Cardinal Giuseppe Becciu (R) pays his respect to the body of Pope Francis in St. Peter&#8217;s Basilica at the Vatican on April 23, 2025. The faithful will pay their respects to Pope Francis, who died on April 21 at the age of 88, ahead of his funeral, which will be celebrated on April 26 in St. Peter&#8217;s Square. (Photo by Riccardo De Luca\/Anadolu via Getty Images)<\/span><span class=\"com-text --credit --twoxs\">Anadolu &#8211; Anadolu<\/span><\/figcaption><\/figure>\n<\/section>\n<\/div>\n<p class=\"com-paragraph   --s\">Am\u00e9n de sostener su inocencia y clamar haber sido condenado injustamente a fines de 2023 a cinco a\u00f1os de prisi\u00f3n por una p\u00e9sima y millonaria inversi\u00f3n en Londres con fondos reservados de la secretar\u00eda de Estado y otros casos de nepotismo, Becciu clam\u00f3 ser readimitido a la votaci\u00f3n porque se trata de un \u201cdeber\u201d de los cardenales.<\/p>\n<p class=\"com-paragraph   --s\">Seg\u00fan el <em>Corriere della Sera <\/em>el purpurado <strong>habr\u00eda renunciado a su obsesi\u00f3n de ingresar a la Capilla Sixtina <\/strong>despu\u00e9s de que el cardenal Pietro Parolin, secretario de Estado, le mostr\u00f3 un texto firmado por Francisco con una simple \u201cF\u201d que dice claramente que no puede participar en el c\u00f3nclave.<\/p>\n<p class=\"com-paragraph   --s\"><strong>Fue entonces que Becciu habr\u00eda bajado los brazos<\/strong>, al entender que su reclamo de ingresar a toda costa significaba ir en contra de la voluntad del Pont\u00edfice muerto. En los \u00faltimos d\u00edas, en efecto, el cardenal clamaba haber sido indultado por el Papa, quien en enero le habr\u00eda dicho que estaba encontrando \u201cuna soluci\u00f3n\u201d para \u00e9l.<\/p>\n<p class=\"com-paragraph   --s\">El \u00fanico que sali\u00f3 a defender a Becciu -cuyo caso monopoliz\u00f3 las conversaciones pre-c\u00f3nclave y caus\u00f3 indignaci\u00f3n entre los no italianos porque se trata de intrigas muy t\u00edpicas -fue el cardenal italiano Giuseppe Versaldi, de 81 a\u00f1os.<\/p>\n<div class=\"content-media\">\n<section role=\"button\" class=\"mod-media   \">\n<figure role=\"button\" class=\"mod-figure \"><figcaption class=\"mod-figcaption\"><span class=\"com-text --caption --twoxs\">El funeral de Francisco, el s\u00e1bado pasado<\/span><span class=\"com-text --credit --twoxs\">DAMIEN MEYER  &#8211; AFP <\/span><\/figcaption><\/figure>\n<\/section>\n<\/div>\n<p class=\"com-paragraph   --s\">\u201cEl cardenal Becciu es una persona muy estimable. Ha habido un juicio, habr\u00e1 una apelaci\u00f3n y ustedes saben que hasta que no hay una sentencia definitiva uno es inocente\u201d, dijo Versaldi, prefecto em\u00e9rito de la Congregaci\u00f3n para la Educaci\u00f3n cat\u00f3lica, a un grupo de cronistas que lo interceptaron al ingresar a la quinta congregaci\u00f3n general, que se lleva a cabo en el Aula Vieja del S\u00ednodo, en el Vaticano. \u201cVamos a verificar\u201d, agreg\u00f3, al recordar, consultado si un cardenal excomulgado puede votar en un c\u00f3nclave, que \u201cClemente V dio esta norma, pero es un poco lejana, veremos\u201d.<\/p>\n<p class=\"com-paragraph   --s\">Seg\u00fan ANSA, que cit\u00f3 fuentes presentes en las Congregaciones Generales, Becciu habr\u00eda tomado la palabra durante la reuni\u00f3n pre-c\u00f3nclave para insisitir en que era su \u201cderecho y deber\u201d ingresar al c\u00f3nclave. <strong>Pero que al final, dio marcha atr\u00e1s.<\/strong><\/p>\n<p class=\"com-paragraph   --s\">Lo cierto es que el caos Becciu no es el \u00fanico que ha enturbiado las aguas. Tambi\u00e9n est\u00e1 causando <strong>tensi\u00f3n y malhumores la presencia del cardenal peruano, Juan Luis Cipriani<\/strong>, arzobispo em\u00e9rito de Lima, de 81 a\u00f1os y el primer purpurado de la historia del Opus Dei.<\/p>\n<p class=\"com-paragraph   --s\">Si bien a fin de enero pasado trascendi\u00f3 que, tras acusaciones de abuso, fue sancionado por el Vaticano con restricciones disciplinarias que incluyen el exilio de su pa\u00eds natal, la prohibici\u00f3n de llevar s\u00edmbolos cardenalicios y hacer declaraciones p\u00fablicas, <strong>se encuentra en Roma<\/strong>.<\/p>\n<div class=\"content-media\">\n<section role=\"button\" class=\"mod-media   \">\n<figure role=\"button\" class=\"mod-figure \"><figcaption class=\"mod-figcaption\"><span class=\"com-text --caption --twoxs\">Medios peruanos mostraron im\u00e1genes de Cipriani en Santa Mar\u00eda la Mayor<\/span><span class=\"com-text --credit --twoxs\">captura<\/span><\/figcaption><\/figure>\n<\/section>\n<\/div>\n<p class=\"com-paragraph   --s\">Y fue visto ayer, domingo, en la Bas\u00edlica de Santa Mar\u00eda la Mayor, donde <a href=\"https:\/\/www.lanacion.com.ar\/el-mundo\/incesante-desfile-de-fieles-ante-la-humilde-y-austera-tumba-del-papa-francisco-en-la-basilica-de-nid27042025\/\" target=\"_self\" title=\"https:\/\/www.lanacion.com.ar\/el-mundo\/incesante-desfile-de-fieles-ante-la-humilde-y-austera-tumba-del-papa-francisco-en-la-basilica-de-nid27042025\/\" class=\"com-link\" data-mrf-recirculation=\"n_link_parrafo\">un centenar de cardenales fueron a rendirle tributo a la tumba de Francisco y rezaron las v\u00edsperas<\/a>. Esta corresponsal vio con sus ojos y llam\u00f3 a Cipriani, que contest\u00f3 y salud\u00f3, mientras se retiraba junto a los dem\u00e1s cardenales, vestido con sus paramentos color rojo cardenalicio.<\/p>\n<p class=\"com-paragraph   --s\">Durante el encuentro con periodistas en el que Matteo Bruni, anunci\u00f3 la fecha del c\u00f3nclave, LA NCION hizo una pregunta respecto de c\u00f3mo pod\u00eda ser que Cipriani se encontrara en la Bas\u00edlica y en las congregaciones generales, vistas las sanciones del Vaticano. <\/p>\n<p class=\"com-paragraph   --s\"><strong>\u201cNo damos informaci\u00f3n particular sobre los cardenales\u201d<\/strong>, dijo, al destacar que \u201cno ten\u00eda indicaciones\u201d sobre el tema y que se iba a informar.<\/p>\n<p class=\"com-paragraph   --s\">A fin de enero, luego de una nota de <em>El Pa\u00eds<\/em>, Bruni si bien confirm\u00f3 que, por voluntad del papa Francisco, Cipriani fue sancionado, <strong>no proporcion\u00f3 detalles de las acusaciones. <\/strong>Aunque indic\u00f3 que las sanciones se impusieron despu\u00e9s de que Cipriani se retirara como jefe de la iglesia peruana en 2019 \u201ccomo resultado de las acusaciones contra \u00e9l\u201d, lo que suger\u00eda que hab\u00eda m\u00e1s de una denuncia. Asimismo agreg\u00f3 que Cipriani acept\u00f3 las medidas.<\/p>\n<p class=\"com-paragraph   --s\">Las sanciones son<strong> similares a las impuestas a otros altos prelados<\/strong> que han sido acusados de abuso sexual. El ex arzobispo de Aga\u00f1a (Guam), Anthony Apuron, y el obispo ganador del Nobel de la Paz y ex obispo de Timor Oriental, Carlos Ximenes Belo, tambi\u00e9n fueron obligados a abandonar sus pa\u00edses de origen y limitar sus ministerios p\u00fablicos tras acusaciones de abusos.<\/p>\n<section class=\"container-center-100 mb-32\">\n<hr\/>\n<\/section>\n<\/div>\n\n","protected":false},"excerpt":{"rendered":"<p>ROMA.- Despu\u00e9s de haberse revelado la fecha del inicio del c\u00f3nclave -el 7 de mayo pr\u00f3ximo-, tal como se esperaba tambi\u00e9n se habr\u00eda resuelto finalmente este lunes el \u201ccaso\u201d Becciu, que hab\u00eda intoxicado con intrigas al mejor estilo Dan Brown el clima pre-c\u00f3nclave. Seg\u00fan diversos medios italianos el cardenal Angelo Becciu -defenestrado por Francisco en [&hellip;]<\/p>\n","protected":false},"author":2,"featured_media":156001,"comment_status":"closed","ping_status":"closed","sticky":false,"template":"","format":"standard","meta":{"footnotes":""},"categories":[1],"tags":[],"class_list":["post-156000","post","type-post","status-publish","format-standard","has-post-thumbnail","hentry","category-uncategorized"],"_links":{"self":[{"href":"https:\/\/radioacuariofm.com.ar\/index.php?rest_route=\/wp\/v2\/posts\/156000","targetHints":{"allow":["GET"]}}],"collection":[{"href":"https:\/\/radioacuariofm.com.ar\/index.php?rest_route=\/wp\/v2\/posts"}],"about":[{"href":"https:\/\/radioacuariofm.com.ar\/index.php?rest_route=\/wp\/v2\/types\/post"}],"author":[{"embeddable":true,"href":"https:\/\/radioacuariofm.com.ar\/index.php?rest_route=\/wp\/v2\/users\/2"}],"replies":[{"embeddable":true,"href":"https:\/\/radioacuariofm.com.ar\/index.php?rest_route=%2Fwp%2Fv2%2Fcomments&post=156000"}],"version-history":[{"count":1,"href":"https:\/\/radioacuariofm.com.ar\/index.php?rest_route=\/wp\/v2\/posts\/156000\/revisions"}],"predecessor-version":[{"id":156002,"href":"https:\/\/radioacuariofm.com.ar\/index.php?rest_route=\/wp\/v2\/posts\/156000\/revisions\/156002"}],"wp:featuredmedia":[{"embeddable":true,"href":"https:\/\/radioacuariofm.com.ar\/index.php?rest_route=\/wp\/v2\/media\/156001"}],"wp:attachment":[{"href":"https:\/\/radioacuariofm.com.ar\/index.php?rest_route=%2Fwp%2Fv2%2Fmedia&parent=156000"}],"wp:term":[{"taxonomy":"category","embeddable":true,"href":"https:\/\/radioacuariofm.com.ar\/index.php?rest_route=%2Fwp%2Fv2%2Fcategories&post=156000"},{"taxonomy":"post_tag","embeddable":true,"href":"https:\/\/radioacuariofm.com.ar\/index.php?rest_route=%2Fwp%2Fv2%2Ftags&post=156000"}],"curies":[{"name":"wp","href":"https:\/\/api.w.org\/{rel}","templated":true}]}}