{"id":154542,"date":"2025-04-25T14:25:42","date_gmt":"2025-04-25T17:25:42","guid":{"rendered":"https:\/\/radioacuariofm.com.ar\/?p=154542"},"modified":"2025-04-25T14:25:43","modified_gmt":"2025-04-25T17:25:43","slug":"salud-informa-el-comienzo-de-la-semana-de-vacunacion-en-las-americas-2025","status":"publish","type":"post","link":"https:\/\/radioacuariofm.com.ar\/?p=154542","title":{"rendered":"Salud informa el comienzo de la Semana de Vacunaci\u00f3n en las Am\u00e9ricas 2025"},"content":{"rendered":"<p><\/p>\n<div>\n<p>El Ministerio de Salud, encabezado por Am\u00edlcar Dobladez, llevar\u00e1 adelante una nueva edici\u00f3n de la Semana de Vacunaci\u00f3n en las Am\u00e9ricas (SVA), organizada por el Programa de Inmunizaciones, dependiente de la Divisi\u00f3n Epidemiolog\u00eda, Departamento de Medicina Sanitaria, Secretar\u00eda T\u00e9cnica.<\/p>\n<p>La Semana de Vacunaci\u00f3n en las Am\u00e9ricas es una iniciativa regional liderada por la Organizaci\u00f3n Panamericana de la Salud desde 2002, cuyo objetivo principal es promover el acceso equitativo a la vacunaci\u00f3n, especialmente en poblaciones vulnerables.<\/p>\n<p>Este a\u00f1o, la SVA se llevar\u00e1 adelante del 26 de abril al 3 de mayo bajo el lema: \u00abTu decisi\u00f3n marca la diferencia: Inmunizaci\u00f3n para todos\u00bb, y est\u00e1 alineada con la meta de eliminar m\u00e1s de 30 enfermedades transmisibles para 2030.<\/p>\n<p>En este contexto, se propone un proyecto espec\u00edfico para potenciar la participaci\u00f3n de la provincia de San Juan en esta campa\u00f1a global, adaptando estrategias a las necesidades locales y priorizando poblaciones vulnerables.<\/p>\n<p>El proyecto \u201cSan Juan vacuna- TU DECISION MARCA LA DIFERENCIA\u201d 2\u00b0 Edici\u00f3n, implementar\u00e1 campa\u00f1as intensivas para aumentar las tasas de vacunaci\u00f3n entre el personal sanitario y otros sectores vulnerables. Adem\u00e1s, se adoptar\u00e1n medidas como horarios extendidos en centros de vacunaci\u00f3n y unidades m\u00f3viles de vacunaci\u00f3n para garantizar un acceso m\u00e1s equitativo.<\/p>\n<p>Las diferentes estrategias estar\u00e1n articuladas con diversas \u00e1reas del Ministerio de Salud y otros organismos provinciales, con el objetivo de alcanzar los grupos de riesgo.<\/p>\n<p>Estas acciones incluyen:<\/p>\n<p><strong>S\u00e1bado 26 de abril<\/strong><\/p>\n<p>D\u00eda dedicado a adolescentes:<\/p>\n<p>Hora: 17:00 a 21:00<\/p>\n<p>Lugar: Parque de Rivadavia. Rastreador Cal\u00edvar y La Estaci\u00f3n<\/p>\n<p>-Vacunas: calendario nacional, COVID, antigripal<\/p>\n<p>-Consejer\u00eda y testeos de HIV, hepatitis virales, TBC, chagas.<\/p>\n<p>Organiza: Programa de Inmunizaciones, Zona Sanitaria IV y \u00c1rea Program\u00e1tica Rivadavia.<\/p>\n<p><strong>Lunes 28 de abril<\/strong><\/p>\n<p>Jornada de vacunaci\u00f3n en el Servicio Penitenciario de San Juan.<\/p>\n<p>Hora: Desde las 08:00<\/p>\n<p>Lugar Servicio Penitenciario de San Juan<\/p>\n<p>Dirigido a: Personal del Servicio Penitenciario<\/p>\n<p><strong>Martes 29 de abril<\/strong><\/p>\n<p>D\u00eda del Adulto Mayor: \u201cVacunar es cuidar 2025\u201d<\/p>\n<p>Hora: Desde las 08:00<\/p>\n<p>Orientado a mejorar la cobertura de vacunas antigripales y neumoc\u00f3cicas en personas mayores, destacando el impacto positivo.<\/p>\n<p>-Visitas a entidades Bancarias aleda\u00f1as al Vacunatorio Central de la provincia.<\/p>\n<p>-Visita al Programa del Adulto Mayor en Pocito: Se realizara junto a la Zona V, jornadas integrales de salud y vacunaci\u00f3n.<\/p>\n<p>-Operativos en el Centro de Jubilados Chimbas: Se llevan las vacunas directamente a los centros de jubilados, facilitando el acceso y promoviendo la actualizaci\u00f3n de calendarios de vacunaci\u00f3n.<\/p>\n<p><strong>Martes 29 de abril<\/strong><\/p>\n<p>Hora: Desde las 7:30 a 17:30<\/p>\n<p>D\u00eda de la concientizaci\u00f3n de Virus Sincitial Respiratorio y Apoyo a la Lactancia Materna<\/p>\n<p>Lugar: Plaza Estaci\u00f3n Belgrano frente al vacunatorio central (Espa\u00f1a y Alberdi)<\/p>\n<p>Dirigido a: madres, familias y cuidadores,<\/p>\n<p>Colabora: Sociedad Argentina de Pediatr\u00eda.<\/p>\n<p><strong>Mi\u00e9rcoles 30 de abril <\/strong><\/p>\n<p>B\u00fasqueda activa de la poblaci\u00f3n inmunocomprometida<\/p>\n<p>Hora: desde las 08:00<\/p>\n<p>Lugar: Sede de FundaME, Av. Sarmiento 1437 este, Santa Lucia.<\/p>\n<p><strong>S\u00e1bado 3 de mayo<\/strong><\/p>\n<p>Actividades de finalizaci\u00f3n de Semana de la Vacunaci\u00f3n de las Am\u00e9ricas  2025 en la feria Agroproductiva<\/p>\n<p>Hora: 9:00 a 14:00<\/p>\n<p>Lugar: Feria Agroproductiva; Paseo de las palmeras \u2013 Parque de Mayo<\/p>\n<p>Lanzamiento De Teleinmunizaciones<\/p>\n<p>Hora: desde las 11:00<\/p>\n<p>Lugar: Vacunatorio Central<\/p>\n<p>Dirigido a: equipos de Salud<\/p>\n<p>Presentaci\u00f3n del Vacunatorio M\u00f3vil<\/p>\n<p>Hora: 12:00<\/p>\n<p>SUNSET y Feria Internacional de Artesan\u00edas<\/p>\n<p>Horario de 19:00 a 2:00 am<\/p>\n<p>Lugar: Costanera Complejo Ferial, Departamento Chimbas<\/p>\n<\/p><\/div>\n<p><script async defer crossorigin=\"anonymous\" src=\"https:\/\/connect.facebook.net\/es_ES\/sdk.js#xfbml=1&#038;version=v3.3\"><\/script><\/p>\n","protected":false},"excerpt":{"rendered":"<p>El Ministerio de Salud, encabezado por Am\u00edlcar Dobladez, llevar\u00e1 adelante una nueva edici\u00f3n de la Semana de Vacunaci\u00f3n en las Am\u00e9ricas (SVA), organizada por el Programa de Inmunizaciones, dependiente de la Divisi\u00f3n Epidemiolog\u00eda, Departamento de Medicina Sanitaria, Secretar\u00eda T\u00e9cnica. La Semana de Vacunaci\u00f3n en las Am\u00e9ricas es una iniciativa regional liderada por la Organizaci\u00f3n Panamericana [&hellip;]<\/p>\n","protected":false},"author":2,"featured_media":154543,"comment_status":"closed","ping_status":"closed","sticky":false,"template":"","format":"standard","meta":{"footnotes":""},"categories":[27],"tags":[],"class_list":["post-154542","post","type-post","status-publish","format-standard","has-post-thumbnail","hentry","category-san-juan"],"_links":{"self":[{"href":"https:\/\/radioacuariofm.com.ar\/index.php?rest_route=\/wp\/v2\/posts\/154542","targetHints":{"allow":["GET"]}}],"collection":[{"href":"https:\/\/radioacuariofm.com.ar\/index.php?rest_route=\/wp\/v2\/posts"}],"about":[{"href":"https:\/\/radioacuariofm.com.ar\/index.php?rest_route=\/wp\/v2\/types\/post"}],"author":[{"embeddable":true,"href":"https:\/\/radioacuariofm.com.ar\/index.php?rest_route=\/wp\/v2\/users\/2"}],"replies":[{"embeddable":true,"href":"https:\/\/radioacuariofm.com.ar\/index.php?rest_route=%2Fwp%2Fv2%2Fcomments&post=154542"}],"version-history":[{"count":1,"href":"https:\/\/radioacuariofm.com.ar\/index.php?rest_route=\/wp\/v2\/posts\/154542\/revisions"}],"predecessor-version":[{"id":154544,"href":"https:\/\/radioacuariofm.com.ar\/index.php?rest_route=\/wp\/v2\/posts\/154542\/revisions\/154544"}],"wp:featuredmedia":[{"embeddable":true,"href":"https:\/\/radioacuariofm.com.ar\/index.php?rest_route=\/wp\/v2\/media\/154543"}],"wp:attachment":[{"href":"https:\/\/radioacuariofm.com.ar\/index.php?rest_route=%2Fwp%2Fv2%2Fmedia&parent=154542"}],"wp:term":[{"taxonomy":"category","embeddable":true,"href":"https:\/\/radioacuariofm.com.ar\/index.php?rest_route=%2Fwp%2Fv2%2Fcategories&post=154542"},{"taxonomy":"post_tag","embeddable":true,"href":"https:\/\/radioacuariofm.com.ar\/index.php?rest_route=%2Fwp%2Fv2%2Ftags&post=154542"}],"curies":[{"name":"wp","href":"https:\/\/api.w.org\/{rel}","templated":true}]}}