{"id":154539,"date":"2025-04-25T14:24:17","date_gmt":"2025-04-25T17:24:17","guid":{"rendered":"https:\/\/radioacuariofm.com.ar\/?p=154539"},"modified":"2025-04-25T14:24:19","modified_gmt":"2025-04-25T17:24:19","slug":"horario-del-funeral-del-papa-francisco-en-el-vaticano-este-sabado-26-de-abril","status":"publish","type":"post","link":"https:\/\/radioacuariofm.com.ar\/?p=154539","title":{"rendered":"Horario del funeral del papa Francisco en el Vaticano este s\u00e1bado 26 de abril"},"content":{"rendered":"<p> <br \/>\n<\/p>\n<div>\n<p class=\"com-paragraph  --capital --s\">El <a href=\"https:\/\/www.lanacion.com.ar\/el-mundo\/a-que-hora-es-el-funeral-del-papa-francisco-este-sabado-26-de-abril-nid22042025\/\" target=\"_self\" title=\"https:\/\/www.lanacion.com.ar\/el-mundo\/a-que-hora-es-el-funeral-del-papa-francisco-este-sabado-26-de-abril-nid22042025\/\" class=\"com-link\" data-mrf-recirculation=\"n_link_parrafo\"><strong>funeral del Papa Francisco<\/strong><\/a> es uno de los momentos m\u00e1s significativos de las ceremonias de despedida desde su fallecimiento y este <strong>s\u00e1bado 26 de abril <\/strong>se llevar\u00e1 a cabo el <strong>\u00faltimo adi\u00f3s en la Bas\u00edlica de San Pedro<\/strong> y luego se trasladar\u00e1 el f\u00e9retro a la Iglesia Santa Mar\u00eda de la Mayor.<\/p>\n<p class=\"com-paragraph   --s\">El funeral del Papa Francisco est\u00e1 pautado para este s\u00e1bado a partir de<strong> las 10 horas (horario de Roma)<\/strong>, lo que significa que en la Argentina, el rito comienza a las <strong>5 de la madrugada.<\/strong><\/p>\n<p class=\"com-paragraph   --s\">De acuerdo a la informaci\u00f3n provista por el Vaticano, <a href=\"https:\/\/www.lanacion.com.ar\/el-mundo\/asi-sera-el-funeral-del-papa-gestos-de-austeridad-y-predileccion-por-los-pobres-conviviran-con-la-nid25042025\/\" target=\"_self\" title=\"https:\/\/www.lanacion.com.ar\/el-mundo\/asi-sera-el-funeral-del-papa-gestos-de-austeridad-y-predileccion-por-los-pobres-conviviran-con-la-nid25042025\/\" class=\"com-link\" data-mrf-recirculation=\"n_link_parrafo\"><strong>al funeral asistir\u00e1n 130 delegaciones, en las que se incluyen 50 jefes de Estado y 10 monarcas<\/strong><\/a> en ejercicio, que estar\u00e1n presentes en la ceremonia religiosa en la Bas\u00edlica de San Pedro, adem\u00e1s de <strong>los miles de fieles que se ubicar\u00e1n en la Plaza San Pedro<\/strong>, para despedir al Pont\u00edfice.<\/p>\n<div class=\"content-media\">\n<section role=\"button\" class=\"mod-media   \">\n<figure role=\"button\" class=\"mod-figure \"><figcaption class=\"mod-figcaption\"><span class=\"com-text --caption --twoxs\">Los preparativos para el funeral del Papa Francisco el s\u00e1bado 26 de abril<\/span><span class=\"com-text --credit --twoxs\">TIZIANA FABI  &#8211; AFP <\/span><\/figcaption><\/figure>\n<\/section>\n<\/div>\n<p class=\"com-paragraph   --s\">El <strong>funeral del papa Francisco <\/strong>tendr\u00e1 una amplia cobertura en los medios, por lo cual permitir\u00e1 que sus seguidores lo puedan ver una \u00faltima vez antes de su entierro. El canal <strong>LN+<\/strong> ofrecer\u00e1 la <strong>transmisi\u00f3n del evento<\/strong>, tanto por cable como por su <a href=\"https:\/\/www.youtube.com\/@lanacion\" rel=\"nofollow\" target=\"_blank\" title=\"https:\/\/www.youtube.com\/@lanacion\" class=\"com-link\" data-mrf-recirculation=\"n_link_parrafo\">canal de YouTube<\/a>.<\/p>\n<p class=\"com-paragraph   --s\">A su vez, la agencia de noticias <em><strong>Vatican News<\/strong><\/em> \u2015la cual dirige el Dicasterio para la Comunicaci\u00f3n de la Santa Sede\u2015 tambi\u00e9n ofrece una cobertura completa de la ocasi\u00f3n.<\/p>\n<p class=\"com-paragraph   --s\">La transmisi\u00f3n comenzar\u00e1 en la Bas\u00edlica de San Pedro y luego seguir\u00e1 con el <strong>cortejo f\u00fanebre<\/strong> que acompa\u00f1ar\u00e1 el cuerpo del Papa, y que se realizar\u00e1 a paso de hombre hasta el lugar de su entierro.<\/p>\n<p class=\"com-paragraph   --s\">El director de la oficina de prensa del Vaticano, Matteo Bruni, confirm\u00f3 que la transmisi\u00f3n televisiva se detendr\u00e1 en la entrada de la bas\u00edlica mariana, dado que <strong>el entierro ser\u00e1 un evento privado<\/strong>.<\/p>\n<div class=\"content-media\">\n<section role=\"button\" class=\"mod-media   \">\n<figure role=\"button\" class=\"mod-figure \"><figcaption class=\"mod-figcaption\"><span class=\"com-text --caption --twoxs\">C\u00f3mo est\u00e1 planificado el \u00faltimo adi\u00f3s al Papa<\/span><span class=\"com-text --credit --twoxs\">ALBERTO PIZZOLI &#8211; AFP<\/span><\/figcaption><\/figure>\n<\/section>\n<\/div>\n<p class=\"com-paragraph   --s\">El Papa buscaba asegurarse que su funeral fuera<a href=\"https:\/\/www.lanacion.com.ar\/el-mundo\/murio-el-papa-francisco-las-reglas-del-funeral-de-francisco-que-el-mismo-modifico-para-que-sea-mas-nid21042025\/\" target=\"_self\" title=\"https:\/\/www.lanacion.com.ar\/el-mundo\/murio-el-papa-francisco-las-reglas-del-funeral-de-francisco-que-el-mismo-modifico-para-que-sea-mas-nid21042025\/\" class=\"com-link\" data-mrf-recirculation=\"n_link_parrafo\"><strong> \u201cel de un pastor y no el de un poderoso de este mundo\u201d<\/strong><\/a>, de acuerdo a las modificaciones que hizo en 2024, a los rituales de las exequias del m\u00e1ximo jefe de la Iglesia Cat\u00f3lica.<\/p>\n<p class=\"com-paragraph   --s\">El 20 de noviembre de 2024 el Vaticano public\u00f3 la nueva edici\u00f3n del <em>Ordo Exsequiarum Romani Pontificis<\/em>, el libro lit\u00fargico que regula c\u00f3mo deben ser los rituales de las exequias de un Papa.<\/p>\n<p class=\"com-paragraph   --s\">Entre los principales cambios se encontraron la decisi\u00f3n del Papa sobre la <strong>constataci\u00f3n de la muerte<\/strong>, solicitando que no se haga en su habitaci\u00f3n, sino en la capilla; la <strong>deposici\u00f3n inmediata del cuerpo del difunto adentro del ata\u00fad<\/strong>; la exposici\u00f3n a la veneraci\u00f3n de los fieles directamente en la bas\u00edlica del Vaticano y no en el Palacio Apost\u00f3lico, <strong>sin el catafalco<\/strong> -el armaz\u00f3n de madera, vestida de pa\u00f1os f\u00fanebres que se erige para la celebraci\u00f3n de las honras de un difunto- y la <strong>eliminaci\u00f3n de los tradicionales tres f\u00e9retros<\/strong> de cipr\u00e9s, plomo y roble.<\/p>\n<div class=\"content-media cursor-pointer\">\n<section class=\"mod-media ratio-16-9\">\n<figure class=\"mod-video\">\n<div class=\"video-player bg-black ratio-16-9\">\n<div id=\"facade-IHhwKyy5\" class=\"content-facade-jw relative bg-black ratio-16-9\"><picture><source media=\"(max-width: 767px)\" srcset=\"https:\/\/resizer.glanacion.com\/resizer\/v2\/https%3A%2F%2Fcdn.jwplayer.com%2Fv2%2Fmedia%2FIHhwKyy5%2Fposter.jpg%3Fwidth%3D720?auth=cffdb8cfb913b71be983cb374d328aeebde0b3a26af916c8c2b6849d300ef405&amp;width=480&amp;quality=70&amp;smart=false\"\/><\/picture><\/div>\n<\/div><figcaption class=\"border border-1 border-bottom border-light-300 bg-white relative px-16 py-8 min-h-36 w-100_md px-0_l mb-8\"><span class=\"text ln-text text-16 block\">El d\u00eda que Francisco habl\u00f3 de su velorio y entierro<\/span><\/figcaption><\/figure>\n<\/section>\n<\/div>\n<p class=\"com-paragraph   --s\">Adem\u00e1s, Francisco incorpor\u00f3 otra novedad, que fue \u201cla introducci\u00f3n de las indicaciones necesarias para una posible <strong>inhumaci\u00f3n en un lugar distinto de la bas\u00edlica vaticana<\/strong>\u201d: precisamente en respuesta al deseo de Francisco de ser enterrado en la <strong>Bas\u00edlica de Santa Mar\u00eda la Mayor de Roma<\/strong>.<\/p>\n<p class=\"com-paragraph   --s\">La idea de Francisco era <strong>simplificar y adaptar algunos ritos<\/strong> para que la celebraci\u00f3n de los funerales del obispo de Roma expresara mejor la fe de la Iglesia.<\/p>\n<\/div>\n\n","protected":false},"excerpt":{"rendered":"<p>El funeral del Papa Francisco es uno de los momentos m\u00e1s significativos de las ceremonias de despedida desde su fallecimiento y este s\u00e1bado 26 de abril se llevar\u00e1 a cabo el \u00faltimo adi\u00f3s en la Bas\u00edlica de San Pedro y luego se trasladar\u00e1 el f\u00e9retro a la Iglesia Santa Mar\u00eda de la Mayor. El funeral [&hellip;]<\/p>\n","protected":false},"author":2,"featured_media":154540,"comment_status":"closed","ping_status":"closed","sticky":false,"template":"","format":"standard","meta":{"footnotes":""},"categories":[1],"tags":[],"class_list":["post-154539","post","type-post","status-publish","format-standard","has-post-thumbnail","hentry","category-uncategorized"],"_links":{"self":[{"href":"https:\/\/radioacuariofm.com.ar\/index.php?rest_route=\/wp\/v2\/posts\/154539","targetHints":{"allow":["GET"]}}],"collection":[{"href":"https:\/\/radioacuariofm.com.ar\/index.php?rest_route=\/wp\/v2\/posts"}],"about":[{"href":"https:\/\/radioacuariofm.com.ar\/index.php?rest_route=\/wp\/v2\/types\/post"}],"author":[{"embeddable":true,"href":"https:\/\/radioacuariofm.com.ar\/index.php?rest_route=\/wp\/v2\/users\/2"}],"replies":[{"embeddable":true,"href":"https:\/\/radioacuariofm.com.ar\/index.php?rest_route=%2Fwp%2Fv2%2Fcomments&post=154539"}],"version-history":[{"count":1,"href":"https:\/\/radioacuariofm.com.ar\/index.php?rest_route=\/wp\/v2\/posts\/154539\/revisions"}],"predecessor-version":[{"id":154541,"href":"https:\/\/radioacuariofm.com.ar\/index.php?rest_route=\/wp\/v2\/posts\/154539\/revisions\/154541"}],"wp:featuredmedia":[{"embeddable":true,"href":"https:\/\/radioacuariofm.com.ar\/index.php?rest_route=\/wp\/v2\/media\/154540"}],"wp:attachment":[{"href":"https:\/\/radioacuariofm.com.ar\/index.php?rest_route=%2Fwp%2Fv2%2Fmedia&parent=154539"}],"wp:term":[{"taxonomy":"category","embeddable":true,"href":"https:\/\/radioacuariofm.com.ar\/index.php?rest_route=%2Fwp%2Fv2%2Fcategories&post=154539"},{"taxonomy":"post_tag","embeddable":true,"href":"https:\/\/radioacuariofm.com.ar\/index.php?rest_route=%2Fwp%2Fv2%2Ftags&post=154539"}],"curies":[{"name":"wp","href":"https:\/\/api.w.org\/{rel}","templated":true}]}}