{"id":152062,"date":"2025-04-21T14:51:42","date_gmt":"2025-04-21T17:51:42","guid":{"rendered":"https:\/\/radioacuariofm.com.ar\/?p=152062"},"modified":"2025-04-21T14:51:43","modified_gmt":"2025-04-21T17:51:43","slug":"estos-son-los-favoritos-para-ser-nuevo-papa-y-suceder-a-francisco-segun-los-especialistas","status":"publish","type":"post","link":"https:\/\/radioacuariofm.com.ar\/?p=152062","title":{"rendered":"Estos son los favoritos para ser nuevo Papa y suceder a Francisco, seg\u00fan los\u00a0especialistas"},"content":{"rendered":"<p> <br \/>\n<\/p>\n<div>\n<p class=\"com-paragraph  --capital --s\">CIUDAD DEL VATICANO.- Con la posici\u00f3n m\u00e1s importante de la Iglesia Cat\u00f3lica vacante, ya empiezan a barajarse los nombres de los cardenales que podr\u00edan suceder a <a href=\"https:\/\/www.lanacion.com.ar\/el-mundo\/murio-el-papa-francisco-informo-el-vaticano-nid21042025\/\" target=\"_self\" title=\"https:\/\/www.lanacion.com.ar\/el-mundo\/murio-el-papa-francisco-informo-el-vaticano-nid21042025\/\" class=\"com-link\" data-mrf-recirculation=\"n_link_parrafo\"><strong>Francisco<\/strong><\/a><strong> <\/strong>y convertirse en el<strong> pr\u00f3ximo Sumo Pont\u00edfice<\/strong>, en un momento en la historia en la que el catolicismo se enfrenta a <strong>retos por la p\u00e9rdida de creyentes en el mundo y la secularizaci\u00f3n.<\/strong><\/p>\n<p class=\"com-paragraph   --s\">El encargado de elegir al candidato es el <strong>Colegio Cardenalicio, <\/strong>una entidad de alta jerarqu\u00eda de la Iglesia donde los cardenales deben decidir qui\u00e9n ser\u00e1 el nuevo Pont\u00edfice bajo un sistema de votos.<\/p>\n<p class=\"com-paragraph   --s\">Desde el momento en que queda la vacante, se esperan 15 d\u00edas para el inicio del C\u00f3nclave; incluso es posible adelantar la fecha si ya todos los cardenales se encuentran en Roma. <strong>Todos ellos se re\u00fanen en un C\u00f3nclave y tienen prohibido cualquier contacto con el mundo exterior hasta nombrar a un nuevo papa.<\/strong><\/p>\n<div class=\"content-media cursor-pointer\">\n<section class=\"mod-media ratio-16-9\">\n<figure class=\"mod-video\">\n<div class=\"video-player bg-black ratio-16-9\">\n<div id=\"facade-hJ9MhdXh\" class=\"content-facade-jw relative bg-black ratio-16-9\"><picture><source media=\"(max-width: 767px)\" srcset=\"https:\/\/resizer.glanacion.com\/resizer\/v2\/https%3A%2F%2Fcdn.jwplayer.com%2Fv2%2Fmedia%2FhJ9MhdXh%2Fposter.jpg%3Fwidth%3D720?auth=0a2fa0bb6f93a4372d025a7e8e9a425ced4e030b1c3eabf1d3b607ab6d5cf0ad&amp;width=480&amp;quality=70&amp;smart=false\"\/><\/picture><\/div>\n<\/div><figcaption class=\"border border-1 border-bottom border-light-300 bg-white relative px-16 py-8 min-h-36 w-100_md px-0_l mb-8\"><span class=\"text ln-text text-16 block\">El momento en el que el Vaticano anuncia la muerte del papa Francisco<\/span><\/figcaption><\/figure>\n<\/section>\n<\/div>\n<h3 class=\"com-title --font-primary --l --font-extra\"><b>Matteo Mar\u00eda Zuppi (Italia, 69 a\u00f1os)<\/b><\/h3>\n<p class=\"com-paragraph   --s\">Es el <strong>arzobispo de Bolonia. <\/strong>Ha sido una estrella en r\u00e1pido ascenso en el episcopado y es considerado un prelado en el ala pol\u00edtica izquierdista de la Iglesia,<strong> \u201cque<\/strong> <strong>probablemente continuar\u00eda el legado del papa Francisco\u201d,<\/strong> seg\u00fan define el sitio web del Sacro Colegio Cardenalicio.<\/p>\n<div class=\"content-media\">\n<section role=\"button\" class=\"mod-media   \">\n<figure role=\"button\" class=\"mod-figure \"><figcaption class=\"mod-figcaption\"><span class=\"com-text --caption --twoxs\">En mayo de 2022 el papa Francisco nombr\u00f3 al cardenal Mateo Maria Zuppi como presidente de la Conferencia Episcopal Italiana.<\/span><span class=\"com-text --credit --twoxs\">Alessandra Benedetti &#8211; Corbis &#8211; Corbis News<\/span><\/figcaption><\/figure>\n<\/section>\n<\/div>\n<p class=\"com-paragraph   --s\">Est\u00e1 a favor de que el celibato sacerdotal sea una opci\u00f3n, de la Iglesia sinodal como la define Francisco, \u201cabierta a todos, sin burocracia, ni formalismos\u201d, y de la uni\u00f3n legal de parejas del mismo sexo.<strong> Zuppi incluso<\/strong> <strong>permiti\u00f3 una bendici\u00f3n eclesi\u00e1stica de una pareja homosexual en su arquidi\u00f3cesis.<\/strong><\/p>\n<h3 class=\"com-title --font-primary --l --font-extra\"><b>Luis Antonio Gokim Tagle (Filipinas, 67 a\u00f1os)<\/b><\/h3>\n<p class=\"com-paragraph   --s\">Es<strong> <\/strong>el <strong>prefecto de la Congregaci\u00f3n para la Evangelizaci\u00f3n de los Pueblos. <\/strong>Se dice que el cardenal Tagle posee atributos similares a los de Jorge Bergoglio y adem\u00e1s una amplia experiencia pastoral, administrativa y una importante formaci\u00f3n teol\u00f3gica e hist\u00f3rica. De hecho, cuando fue designado prefecto, en alg\u00fan momento fue considerado el sucesor preferido de Francisco.<\/p>\n<div class=\"content-media\">\n<section role=\"button\" class=\"mod-media   \">\n<figure role=\"button\" class=\"mod-figure \"><figcaption class=\"mod-figcaption\"><span class=\"com-text --caption --twoxs\">El cardenal filipino Luis Antonio Tagle, izquierda, muestra al papa Francisco c\u00f3mo hacer la popular se\u00f1al con la mano para decir \u00abTe amo\u00bb en el estadio Mall of Asia en Manila, Filipinas, el viernes 16 de enero de 2015. (Foto AP\/Wally Santana, archivo)<\/span><span class=\"com-text --credit --twoxs\">Wally Santana  &#8211; AP <\/span><\/figcaption><\/figure>\n<\/section>\n<\/div>\n<p class=\"com-paragraph   --s\">El cardenal se ha opuesto en\u00e9rgicamente al aborto y la eutanasia y ha dado algunas declaraciones ambiguas sobre temas relacionados con la relaci\u00f3n de la Iglesia con la comunidad LGTBI y las parejas que conviven antes del sacramento del matrimonio.<\/p>\n<h3 class=\"com-title --font-primary --l --font-extra\"><b>Pietro Parolin (Italia, 70 a\u00f1os)<\/b><\/h3>\n<p class=\"com-paragraph   --s\">Es el <strong>secretario de Estado del Vaticano. <\/strong>Tras tres a\u00f1os de servicio en Nigeria, trabaj\u00f3 en la nunciatura de M\u00e9xico, donde contribuy\u00f3 a restablecer las relaciones diplom\u00e1ticas con la Santa Sede. Parolin fue tambi\u00e9n nombrado responsable de las relaciones diplom\u00e1ticas con Espa\u00f1a, Andorra, Italia y San Marino.<\/p>\n<p class=\"com-paragraph   --s\">Una de las principales desventajas de Parolin es su falta de experiencia pastoral, pues su carrera sacerdotal se ha dedicado a la diplomacia y la administraci\u00f3n del Vaticano, m\u00e1s que al ministerio parroquial.<\/p>\n<div class=\"content-media\">\n<section role=\"button\" class=\"mod-media   \">\n<figure role=\"button\" class=\"mod-figure \"><figcaption class=\"mod-figcaption\"><span class=\"com-text --caption --twoxs\">El cardenal Pietro Parolin naci\u00f3 en Schiavon, en la provincia y di\u00f3cesis de Vicenza, en el norte de Italia, hijo de un gerente de una ferreter\u00eda y una maestra de escuela primaria, ambos cat\u00f3licos practicantes. SOCIEDAD Maricel Blanch &#8211; Europa Press<\/span><span class=\"com-text --credit --twoxs\">Maricel Blanch &#8211; Europa Press &#8211; Maricel Blanch &#8211; Europa Press<\/span><\/figcaption><\/figure>\n<\/section>\n<\/div>\n<p class=\"com-paragraph   --s\">Parolin se ha mostrado abierto a que la Iglesia discuta temas como la bendici\u00f3n a parejas homosexuales y el celibato como opci\u00f3n para los sacerdotes.<\/p>\n<h3 class=\"com-title --font-primary --l --font-extra\"><b>P\u00e9ter Erd\u0151 (Hungr\u00eda, 72 a\u00f1os)<\/b><\/h3>\n<p class=\"com-paragraph   --s\">Es el <strong>arzobispo de Esztergom, Budapest. <\/strong>Creci\u00f3 bajo el<strong> <\/strong>\u201ccomunismo ateo\u201d y, seg\u00fan \u00e9l mismo ha compartido, se sinti\u00f3 perseguido por su fe cat\u00f3lica luego de que tropas invasoras incendiaran su casa familiar. Complet\u00f3 sus estudios en Budapest y en Roma y ense\u00f1\u00f3 teolog\u00eda en Hungr\u00eda, Roma, California y <strong>Buenos Aires.<\/strong><\/p>\n<div class=\"content-media\">\n<section role=\"button\" class=\"mod-media   \">\n<figure role=\"button\" class=\"mod-figure \"><figcaption class=\"mod-figcaption\"><span class=\"com-text --caption --twoxs\">Erd\u0151 era, a los 51 a\u00f1os, uno de los cardenales m\u00e1s j\u00f3venes de la Iglesia cuando Juan Pablo II lo elev\u00f3 al Colegio Cardenalicio en 2003.<\/span><span class=\"com-text --credit --twoxs\">Prensa Vatican<\/span><\/figcaption><\/figure>\n<\/section>\n<\/div>\n<p class=\"com-paragraph   --s\"><strong>De ideas m\u00e1s tradicionales. <\/strong>Est\u00e1 firmemente en contra de la aceptaci\u00f3n de las uniones homosexuales, aunque aprueba que \u201cse apoye pastoralmente\u201d a quienes sienten atracci\u00f3n por personas del mismo sexo. El cardenal Erd\u0151 ha subrayado que los cat\u00f3licos que se vuelven a casar por lo civil s\u00f3lo pueden recibir la comuni\u00f3n si viven en continencia, es decir, se abstienen de relaciones sexuales.<\/p>\n<h3 class=\"com-title --font-primary --l --font-extra\"><b>Jean-Marc Aveline (Francia, 66 a\u00f1os)<\/b><\/h3>\n<p class=\"com-paragraph   --s\">Es el <strong>arzobispo metropolitano de Marsella<\/strong>. En un papable emergente que se dedica a cuestiones de migraci\u00f3n y di\u00e1logo interreligioso. El cardenal Aveline ha sido retratado a menudo en la prensa francesa, cat\u00f3lica o no, como el prelado favorito de Francisco, y se dice que es el m\u00e1s \u201cbergogliano\u201d de los obispos franceses.<\/p>\n<p class=\"com-paragraph   --s\">Aveline fue uno de los 21 cardenales creados por Francisco en el consistorio del 27 de agosto de 2022.<\/p>\n<div class=\"content-media\">\n<section role=\"button\" class=\"mod-media   \">\n<figure role=\"button\" class=\"mod-figure \"><figcaption class=\"mod-figcaption\"><span class=\"com-text --caption --twoxs\">El Papa Francisco, junto al arzobispo y cardenal de Marsella Jean-Marc Aveline (tercero a la izquierda) en un  a un homenaje en el monumento dedicado a los marineros y migrantes perdidos en el mar, en la Bas\u00edlica de Notre-Dame de la Garde en Marsella, sur de Francia, el 22 de septiembre de 2023. (Foto de NICOLAS TUCAT \/ AFP)<\/span><span class=\"com-text --credit --twoxs\">NICOLAS TUCAT  &#8211; AFP <\/span><\/figcaption><\/figure>\n<\/section>\n<\/div>\n<p class=\"com-paragraph   --s\">En algunos de los temas susceptibles de generar controversia como la ordenaci\u00f3n de mujeres, el cuestionamiento del celibato sacerdotal y el acceso a la comuni\u00f3n de los divorciados vueltos a casar, el cardenal Aveline mantiene una actitud cautelosa y se muestra reacio a adoptar una postura clara. <strong>Prefiere no hablar de temas delicados ni revelar sus inclinaciones pol\u00edticas.<\/strong><\/p>\n<h3 class=\"com-title --font-primary --l --font-extra\"><b>Gerald Lacroix (Canad\u00e1, 67 a\u00f1os)<\/b><\/h3>\n<p class=\"com-paragraph   --s\">Fue nombrado <strong>arzobispo de Qu\u00e9bec en 2011<\/strong> por Benedicto XVI en 2011. Tres a\u00f1os m\u00e1s tarde se convirti\u00f3 en el decimos\u00e9ptimo cardenal en la historia de Canad\u00e1. Es conocido por tener un gusto especial por la tecnolog\u00eda y las redes sociales: desde 2006 tiene una p\u00e1gina personal en Facebook.<\/p>\n<div class=\"content-media\">\n<section role=\"button\" class=\"mod-media   \">\n<figure role=\"button\" class=\"mod-figure \"><figcaption class=\"mod-figcaption\"><span class=\"com-text --caption --twoxs\">Gerald Lacroix, arzobispo de Qu\u00e9bec.<\/span><span class=\"com-text --credit --twoxs\">Prensa Vaticano<\/span><\/figcaption><\/figure>\n<\/section>\n<\/div>\n<p class=\"com-paragraph   --s\">En marzo de 2024<strong> el Vaticano desestim\u00f3 una acusaci\u00f3n <\/strong>contra Lacroix de parte de una mujer que denunci\u00f3 que a sus 17 a\u00f1os (en 1987) Lacroix la agredi\u00f3 sexualmente. La Santa Sede desestim\u00f3 al no hallar pruebas de \u201cmala conducta o abuso\u201d por parte del religioso.<\/p>\n<h3 class=\"com-title --font-primary --l --font-extra\"><b>Jean Claude Hollerich (Luxemburgo, 66 a\u00f1os)<\/b><\/h3>\n<p class=\"com-paragraph   --s\">Es el <strong>arzobispo de Luxemburgo y es considerado uno de los papables m\u00e1s progresistas. <\/strong>Ha afirmado que \u00e9l est\u00e1 en la misma l\u00ednea que Francisco. \u201c\u00bfNos negar\u00edamos a bendecir a una pareja homosexual porque son \u00b4pecadores\u00b4 y bendecir\u00edamos a un empresario que va a invertir contra la humanidad? <strong>Es hip\u00f3crita\u201d, <\/strong>dijo en <a href=\"https:\/\/www.lessentiel.lu\/fr\/story\/cardinal-hollerich-linterdiction-de-la-mendicite-ce-netait-pas-justifie-103039439\" rel=\"nofollow\" target=\"_blank\" title=\"una entrevista.\" class=\"com-link\" data-mrf-recirculation=\"n_link_parrafo\">una entrevista.<\/a> Cuando le preguntaron qu\u00e9 opinaba de un \u201cHollerich papa\u201d, el cardenal contest\u00f3 entre risas: \u201chay hombres mucho m\u00e1s calificados que yo\u201d.<\/p>\n<p class=\"com-paragraph   --s\">Tambi\u00e9n se ha mostrado <strong>a favor de que el celibato sea una opci\u00f3n <\/strong>para los sacerdotes.<\/p>\n<div class=\"content-media\">\n<section role=\"button\" class=\"mod-media   \">\n<figure role=\"button\" class=\"mod-figure \"><figcaption class=\"mod-figcaption\"><span class=\"com-text --caption --twoxs\">El cardenal Jean Claude Hollerich, arzobispo de Luzemburgo<\/span><span class=\"com-text --credit --twoxs\">P\u00e1gina web de la Compa\u00f1\u00eda de Jes\u00fas<\/span><\/figcaption><\/figure>\n<\/section>\n<\/div>\n<h3 class=\"com-title --font-primary --l --font-extra\"><b>Robert Francis Prevost (Estados Unidos, 69 a\u00f1os)<\/b><\/h3>\n<p class=\"com-paragraph   --s\">Es<a href=\"https:\/\/www.lanacion.com.ar\/el-mundo\/el-papa-francisco-acepto-la-renuncia-de-un-influyente-cardenal-acusado-por-abuso-y-sorprendio-al-nid30012023\/\" target=\"_self\" title=\"https:\/\/www.lanacion.com.ar\/el-mundo\/el-papa-francisco-acepto-la-renuncia-de-un-influyente-cardenal-acusado-por-abuso-y-sorprendio-al-nid30012023\/\" class=\"com-link\" data-mrf-recirculation=\"n_link_parrafo\"> el prefecto del Dicasterio para los Obispos y <strong>arzobispo em\u00e9rito de Chiclayo, Per\u00fa.<\/strong><\/a><strong> <\/strong>Recibi\u00f3 la ordenaci\u00f3n sacerdotal en 1982, obtuvo la licenciatura en 1984 y luego fue enviado a trabajar a la misi\u00f3n de Chulucanas, en Per\u00fa, por lo que tiene amplio acercamiento con Am\u00e9rica Latina.<\/p>\n<div class=\"content-media\">\n<section role=\"button\" class=\"mod-media   \">\n<figure role=\"button\" class=\"mod-figure \"><figcaption class=\"mod-figcaption\"><span class=\"com-text --caption --twoxs\">Robert Francis Prevost<\/span><span class=\"com-text --credit --twoxs\">Conferencia Episcopal Peruana<\/span><\/figcaption><\/figure>\n<\/section>\n<\/div>\n<p class=\"com-paragraph   --s\">La designaci\u00f3n por parte de Francisco de<strong> <\/strong><a href=\"https:\/\/www.lanacion.com.ar\/estados-unidos\/quien-es-prevost-el-cardenal-de-eeuu-que-figura-entre-los-posibles-sucesores-del-papa-francisco-nid21042025\/\" target=\"_self\" title=\"https:\/\/www.lanacion.com.ar\/estados-unidos\/quien-es-prevost-el-cardenal-de-eeuu-que-figura-entre-los-posibles-sucesores-del-papa-francisco-nid21042025\/\" class=\"com-link\" data-mrf-recirculation=\"n_link_parrafo\"><strong>Prevost <\/strong><\/a><strong>al frente del Dicasterio para los Obispos, <\/strong>uno de los \u201cministerios\u201d m\u00e1s importante del Vaticano porque es el que le aconseja al Papa la selecci\u00f3n de los obispos, fue le\u00edda por expertos como una muestra del impulso reformista de Bergoglio.<\/p>\n<p class=\"com-paragraph   --s\">En Per\u00fa, el cardenal ha sido acusado de encubrir a sacerdotes denunciados por violencia sexual. Sin embargo, la di\u00f3cesis de Chiclayo ha negado todos los se\u00f1alamientos.<\/p>\n<h3 class=\"com-title --font-primary --l --font-extra\"><b>Cristophe Pierre (Francia, 79 a\u00f1os)<\/b><\/h3>\n<p class=\"com-paragraph   --s\">Se desempe\u00f1a como <strong>nuncio apost\u00f3lico en los Estados Unidos. <\/strong>Fue proclamado cardenal por Francisco en el consistorio del 30 de septiembre de 2023 de la Diacon\u00eda de San Benedetto.<\/p>\n<div class=\"content-media\">\n<section role=\"button\" class=\"mod-media   \">\n<figure role=\"button\" class=\"mod-figure \"><figcaption class=\"mod-figcaption\"><span class=\"com-text --caption --twoxs\">El Cardenal Christophe Pierre naci\u00f3 el 30 de enero de 1946 en Rennes, Francia.<\/span><span class=\"com-text --credit --twoxs\">Conferencia Episcopal de Estados Unidos. <\/span><\/figcaption><\/figure>\n<\/section>\n<\/div>\n<p class=\"com-paragraph   --s\">Se ha mostrado a favor de buscar soluciones para evangelizar el mundo cambiante. \u201cTenemos que salir siempre. No es f\u00e1cil, pero este es nuestro trabajo. Ir y anunciar la Buena Nueva\u201d, dijo en una <a href=\"https:\/\/es.aleteia.org\/2023\/08\/10\/entrevista-con-christophe-pierre-cardenal-designado-y-exnuncio-en-mexico\" rel=\"nofollow\" target=\"_blank\" title=\"entrevista en 2023.\" class=\"com-link\" data-mrf-recirculation=\"n_link_parrafo\">entrevista en 2023.<\/a> Tambi\u00e9n ha manifestado la importancia de convencer a m\u00e1s j\u00f3venes para que se acerquen a la Iglesia y la necesidad de acercarse a los pobres, como el papa Francisco lo ha pedido.<\/p>\n<h3 class=\"com-title --font-primary --l --font-extra\"><b>Crist\u00f3bal L\u00f3pez (Espa\u00f1a -nacionalizado paraguayo-, 72 a\u00f1os)<\/b><\/h3>\n<p class=\"com-paragraph   --s\">Es es<strong> arzobispo de Rabat, Marruecos.<\/strong> El salesiano nacido en Almer\u00eda fue ordenado como sacerdote en 1979 y en 1984 fue enviado a Paraguay para trabajar con la pastoral de ese pa\u00eds suramericano.<\/p>\n<p class=\"com-paragraph   --s\">Francisco lo nombr\u00f3 como nuevo arzobispo de la di\u00f3cesis de Rabat. Posteriormente, el 1 de septiembre de 2019, el Papa anunci\u00f3 que ser\u00eda cardenal por su amplio conocimiento <strong>tanto del mundo isl\u00e1mico como de las comunidades populares de la Iglesia en Latinoam\u00e9rica<\/strong>, lo que podr\u00eda sumarle apoyos de cara a una votaci\u00f3n para elegir al pr\u00f3ximo papa.<\/p>\n<div class=\"content-media\">\n<section role=\"button\" class=\"mod-media   \">\n<figure role=\"button\" class=\"mod-figure \"><figcaption class=\"mod-figcaption\"><span class=\"com-text --caption --twoxs\">Cardenal Crist\u00f3bal L\u00f3pez, arzobispo en Rabat.<\/span><span class=\"com-text --credit --twoxs\">Vatican Press<\/span><\/figcaption><\/figure>\n<\/section>\n<\/div>\n<p class=\"com-paragraph   --s\">Se ha mostrado a favor de <strong>ordenar a personas casadas y de reevaluar la obligatoriedad del celibato sacerdotal. \u201c<\/strong>Otra cosa es el diaconado femenino, sobre el que no estoy preparado teol\u00f3gicamente para ver si entrar\u00eda o no\u201d, dijo en <a href=\"https:\/\/alfayomega.es\/cardenal-cristobal-lopez-todavia-estamos-intentando-aplicar-el-concilio-vaticano-ii\/\" rel=\"nofollow\" target=\"_blank\" title=\"una entrevista\" class=\"com-link\" data-mrf-recirculation=\"n_link_parrafo\">una entrevista<\/a> en 2023.<\/p>\n<h3 class=\"com-title --font-primary --l --font-extra\"><b>Pablo Virgilio David (Filipinas, 65 a\u00f1os)<\/b><\/h3>\n<p class=\"com-paragraph   --s\">Es el <strong>obispo de Kalookan, Filipinas<\/strong>, y<strong> <\/strong>es considerado uno de los principales expertos en la Biblia de su pa\u00eds. \u201c\u00a1Santo Padre, me ha cambiado la vida otra vez!\u201d, dijo luego de comprobar que su nombre figuraba entre los nuevos purpurados del \u00faltimo consistorio celebrado el pasado 7 diciembre en Roma.<\/p>\n<div class=\"content-media\">\n<section role=\"button\" class=\"mod-media   \">\n<figure role=\"button\" class=\"mod-figure \"><figcaption class=\"mod-figcaption\"><span class=\"com-text --caption --twoxs\">Cardenal Pablo Virgilio David.<\/span><span class=\"com-text --credit --twoxs\">Vatican Press.<\/span><\/figcaption><\/figure>\n<\/section>\n<\/div>\n<p class=\"com-paragraph   --s\">Sobre su voto para elegir al nuevo papa, dijo que elegir\u00eda a un cardenal \u201cprofundamente espiritual y pastoral en su estilo de liderazgo, <strong>que represente a una Iglesia local vibrante, especialmente del sur global,<\/strong> que conozca bien las Sagradas Escrituras, que est\u00e9 arraigado en la genuina tradici\u00f3n apost\u00f3lica y represente<strong> la orientaci\u00f3n radical\u201d.<\/strong><\/p>\n<p class=\"com-paragraph   --s\"><strong>\u201cDebemos abandonar la tendencia a discriminar a las personas debido a su orientaci\u00f3n sexual\u201d, <\/strong>dijo el obispo filipino en una declaraci\u00f3n a medios luego del S\u00ednodo de la Sinodalidad de octubre de 2023.<\/p>\n<h3 class=\"com-title --font-primary --l --font-extra\"><b>Odilio Pedro Scherer (Brasil, 76 a\u00f1os)<\/b><\/h3>\n<p class=\"com-paragraph   --s\">Es el <strong>arzobispo de San Pablo. <\/strong>L\u00edder de una de las di\u00f3cesis m\u00e1s grandes del mundo en el pa\u00eds con m\u00e1s cat\u00f3licos de la regi\u00f3n. Particip\u00f3 en el c\u00f3nclave de 2013 como <strong>un candidato con mucha fuerza para suceder a Benedicto XVI<\/strong> porque conjugaba experiencia curial y pastoral, decisivas a la hora de la elecci\u00f3n.<\/p>\n<div class=\"content-media\">\n<section role=\"button\" class=\"mod-media   \">\n<figure role=\"button\" class=\"mod-figure \"><figcaption class=\"mod-figcaption\"><span class=\"com-text --caption --twoxs\">El arzobispo Scherer es descendiente de alemanes.<\/span><span class=\"com-text --credit --twoxs\">Vatican Press.<\/span><\/figcaption><\/figure>\n<\/section>\n<\/div>\n<p class=\"com-paragraph   --s\">Una de las caracter\u00edsticas que definen al cardenal brasile\u00f1o es su fuerte presencia en los medios, tanto en televisi\u00f3n como en las redes sociales.<\/p>\n<p class=\"com-paragraph   --s\">Consultado sobre su opini\u00f3n acerca de la homosexualidad, el religioso dijo que \u201cla pretensi\u00f3n de introducirse en la armon\u00eda que Dios ha establecido entre los sexos y someter la identidad sexual a la voluntad arbitraria, <strong>es una temeridad que no promete buenos resultados para el futuro de la humanidad\u201d.<\/strong><\/p>\n<h3 class=\"com-title --font-primary --l --font-extra\"><b>Robert Sarah (Guinea, 79 a\u00f1os)<\/b><\/h3>\n<p class=\"com-paragraph   --s\">Prefecto Em\u00e9rito de la Congregaci\u00f3n para el Culto Divino y la Disciplina de los Sacramentos. Es un ex alto funcionario del Vaticano, <strong>de mentalidad tradicional y ortodoxa<\/strong>, cuyas obras literarias le han valido un amplio grupo de seguidores en todo el mundo. Habla con fluidez franc\u00e9s, italiano e ingl\u00e9s.<\/p>\n<div class=\"content-media\">\n<section role=\"button\" class=\"mod-media   \">\n<figure role=\"button\" class=\"mod-figure \"><figcaption class=\"mod-figcaption\"><span class=\"com-text --caption --twoxs\">Cardenal Robert Sarah<\/span><span class=\"com-text --credit --twoxs\">Arquidi\u00f3cesis de Toledo<\/span><\/figcaption><\/figure>\n<\/section>\n<\/div>\n<p class=\"com-paragraph   --s\">El cardenal Sarah habl\u00f3 de manera casi apocal\u00edptica en el S\u00ednodo sobre la Familia de 2015 sobre lo que considera los <strong>\u201cmales contempor\u00e1neos\u201d <\/strong>del aborto, la agenda homosexual y el islamismo. Public\u00f3 el libro <em>Desde lo m\u00e1s profundo de nuestros corazones <\/em>(2019), escrito en conjunto con Benedicto XVI sobre la crisis del sacerdocio y en defensa del celibato sacerdotal.<\/p>\n<p class=\"com-paragraph   --s\">S\u00f3lo los cardenales menores de 80 a\u00f1os pueden votar en estas elecciones. El prefecto em\u00e9rito Sarah cumple esa edad el 15 de junio de 2025.<\/p>\n<section class=\"border border-bottom border-thin border-neutral-light-100 py-24 mb-32\">\n<div class=\"w-100 flex flex-column gap-4\"><span class=\"text ln-text text-12\">Conforme a <strong> los criterios de<\/strong><\/span><\/div>\n<\/section>\n<\/div>\n\n","protected":false},"excerpt":{"rendered":"<p>CIUDAD DEL VATICANO.- Con la posici\u00f3n m\u00e1s importante de la Iglesia Cat\u00f3lica vacante, ya empiezan a barajarse los nombres de los cardenales que podr\u00edan suceder a Francisco y convertirse en el pr\u00f3ximo Sumo Pont\u00edfice, en un momento en la historia en la que el catolicismo se enfrenta a retos por la p\u00e9rdida de creyentes en [&hellip;]<\/p>\n","protected":false},"author":2,"featured_media":152063,"comment_status":"closed","ping_status":"closed","sticky":false,"template":"","format":"standard","meta":{"footnotes":""},"categories":[1],"tags":[],"class_list":["post-152062","post","type-post","status-publish","format-standard","has-post-thumbnail","hentry","category-uncategorized"],"_links":{"self":[{"href":"https:\/\/radioacuariofm.com.ar\/index.php?rest_route=\/wp\/v2\/posts\/152062","targetHints":{"allow":["GET"]}}],"collection":[{"href":"https:\/\/radioacuariofm.com.ar\/index.php?rest_route=\/wp\/v2\/posts"}],"about":[{"href":"https:\/\/radioacuariofm.com.ar\/index.php?rest_route=\/wp\/v2\/types\/post"}],"author":[{"embeddable":true,"href":"https:\/\/radioacuariofm.com.ar\/index.php?rest_route=\/wp\/v2\/users\/2"}],"replies":[{"embeddable":true,"href":"https:\/\/radioacuariofm.com.ar\/index.php?rest_route=%2Fwp%2Fv2%2Fcomments&post=152062"}],"version-history":[{"count":1,"href":"https:\/\/radioacuariofm.com.ar\/index.php?rest_route=\/wp\/v2\/posts\/152062\/revisions"}],"predecessor-version":[{"id":152064,"href":"https:\/\/radioacuariofm.com.ar\/index.php?rest_route=\/wp\/v2\/posts\/152062\/revisions\/152064"}],"wp:featuredmedia":[{"embeddable":true,"href":"https:\/\/radioacuariofm.com.ar\/index.php?rest_route=\/wp\/v2\/media\/152063"}],"wp:attachment":[{"href":"https:\/\/radioacuariofm.com.ar\/index.php?rest_route=%2Fwp%2Fv2%2Fmedia&parent=152062"}],"wp:term":[{"taxonomy":"category","embeddable":true,"href":"https:\/\/radioacuariofm.com.ar\/index.php?rest_route=%2Fwp%2Fv2%2Fcategories&post=152062"},{"taxonomy":"post_tag","embeddable":true,"href":"https:\/\/radioacuariofm.com.ar\/index.php?rest_route=%2Fwp%2Fv2%2Ftags&post=152062"}],"curies":[{"name":"wp","href":"https:\/\/api.w.org\/{rel}","templated":true}]}}