{"id":151503,"date":"2025-04-20T14:29:48","date_gmt":"2025-04-20T17:29:48","guid":{"rendered":"https:\/\/radioacuariofm.com.ar\/?p=151503"},"modified":"2025-04-20T14:29:53","modified_gmt":"2025-04-20T17:29:53","slug":"edinson-cavani-y-miguel-merentiel-los-uruguayos-de-boca-que-vivieron-realidades-opuestas-en-el-triunfo-contra-estudiantes-de-la-plata","status":"publish","type":"post","link":"https:\/\/radioacuariofm.com.ar\/?p=151503","title":{"rendered":"Edinson Cavani y Miguel Merentiel, los uruguayos de Boca que vivieron realidades opuestas en el triunfo contra Estudiantes de La Plata"},"content":{"rendered":"<p><img decoding=\"async\" src=\"https:\/\/radioacuariofm.com.ar\/wp-content\/uploads\/2025\/04\/7PYkmU8wg_2000x1500__1-1.jpg\"\/> <\/p>\n<p><strong>Nacieron en el mismo pa\u00eds, juegan en id\u00e9ntico puesto, pero viven realidades diferentes<\/strong>. Uno perdi\u00f3 el puesto, mastic\u00f3 bronca y ahora que le devolvieron la titularidad, quiere permanecer en el equipo. El otro es inamovible, y aunque tiene participaci\u00f3n en los goles del equipo, no logra convertir los propios. De <strong>Miguel Merentiel <\/strong>y <strong>Edinson Cavani <\/strong>se trata esta historia. Los uruguayos fueron protagonistas en un partido que arranc\u00f3 con dificultades y termin\u00f3 con una victoria inapelable ante Estudiantes de La Plata, para seguir como l\u00edder de la zona B del Torneo Apertura 2025.<\/p>\n<p>Merentiel corr\u00eda de atr\u00e1s porque Fernando Gago decidi\u00f3 jugar con dos \u201c9\u201d, pero apost\u00f3 a Milton Gim\u00e9nez. El atacante de 29 a\u00f1os nacido en Paysand\u00fa hab\u00eda sido titular por \u00faltima vez el 11 de febrero ante Independiente Rivadavia, un partido que Boca gan\u00f3 2 a 0 con un gol suyo. A partir de la siguiente fecha, contra Banfield, siempre jugaron Gim\u00e9nez o Cavani. No obstante, cada vez que ingres\u00f3, <strong>Merentiel dej\u00f3 su sello en la red<\/strong>. Hizo goles contra Central C\u00f3rdoba de Santiago del Estero y Defensa y Justicia saltando desde el banco.<\/p>\n<p>Con la lesi\u00f3n de Gim\u00e9nez, el t\u00e9cnico eligi\u00f3 a Merentiel para acompa\u00f1ar a Cavani en el ataque. Y tuvo <strong>dos momentos clave<\/strong>, decisivos para el triunfo azul y oro. Asisti\u00f3 a Carlos Palacios en el primer gol y peg\u00f3 su propio grito, el segundo, tras un grosero error de Eric Meza, que jug\u00f3 hacia atr\u00e1s con un pase tres dedos, intercept\u00f3 Cavani y la pelota deriv\u00f3 en el ex delantero de Defensa y Justicia, Godoy Cruz y Palmeiras, que sacudi\u00f3 de media distancia y dej\u00f3 sin chances a Mat\u00edas Mansilla.<\/p>\n<p>Aquella intervenci\u00f3n de Cavani, puntear la pelota para su compa\u00f1ero, fue <strong>su mejor prestaci\u00f3n <\/strong>en un duelo en el que tuvo la posibilidad de abrir el marcador con un penal que le hicieron a \u00e9l. S\u00ed, <strong>Sebasti\u00e1n Boselli <\/strong>lo baj\u00f3 en el \u00e1rea y <strong>Nazareno Arasa <\/strong>no dud\u00f3. Sin embargo, <strong>volvi\u00f3 a fallar, como 20 d\u00edas atr\u00e1s contra Newell\u2019s en Rosario<\/strong>. Esta vez, pate\u00f3 anunciado y Mansilla adivin\u00f3 su intenci\u00f3n. <strong>El arquero tap\u00f3 con notables reflejos<\/strong>.<\/p>\n<p>En el inicio del segundo tiempo, Cavani no lleg\u00f3 a conectar un centro rasante desde la derecha, otra situaci\u00f3n muy clara para resolver en su h\u00e1bitat. Su falta de contundencia es una cruz que est\u00e1 cargando en 2025. Su piso fue ante <strong>Alianza Lima<\/strong>, cuando err\u00f3 abajo del arco lo que hubiera sido el gol de la clasificaci\u00f3n a la fase 3 de la Copa Libertadores. Marc\u00f3 dos tantos, ante Hurac\u00e1n en la 3\u00aa fecha y contra Defensa y Justicia en la 10\u00aa. No obstante, esta vez Gago no lo reemplaz\u00f3 como en los seis partidos anteriores. Le quiso dar un respaldo, consciente de la necesidad de convertir que tiene el delantero oriundo de Salto.<\/p>\n<p>Merentiel, en cambio, dej\u00f3 la cancha a los 27 minutos del segundo tiempo reemplazado por Ignacio Miram\u00f3n. <strong>Y por supuesto, se retir\u00f3 aplaudido<\/strong>. Esta actuaci\u00f3n, \u00bfle abre la puerta para el Supercl\u00e1sico? Con Gim\u00e9nez entre algodones y despu\u00e9s de este s\u00e1bado extraordinario, no llamar\u00eda la atenci\u00f3n verlo de entrada en N\u00fa\u00f1ez. Junto a Cavani, claro, que buscar\u00e1 quebrar el maleficio, muy a pesar de sus buenos momentos frente a Belgrano, hace una semana en C\u00f3rdoba, donde no pudo marcar pero particip\u00f3 en los tres goles.<\/p>\n<p>Luego de la victoria, el goleador uruguayo -quien lleva m\u00e1s de un mes de sequ\u00eda- hizo un posteo en redes sociales luego de la victoria del equipo de Fernando Gago frente al Pincha en condici\u00f3n de local.<\/p>\n<p><strong>\u201cBuen trabajo, muchachos\u201d<\/strong>, expres\u00f3 el capit\u00e1n de Boca en su cuenta de Instagram, con una foto del festejo con Luis Adv\u00edncula y Carlos Palacios, sin mencionar el penal que fall\u00f3 en el encuentro.<\/p>\n<p>M\u00e1s all\u00e1 de esta racha negativa, \u2018Edi\u2019 recibi\u00f3 la banca de La Bombonera. Es que los hinchas no le soltaron la mano y le transmiti\u00f3 su apoyo con un canto elocuente: <em>\u201cAplaudan, no dejen de aplaudir los goles de Cavani que ya van a venir\u201d<\/em>.<\/p>\n","protected":false},"excerpt":{"rendered":"<p>Nacieron en el mismo pa\u00eds, juegan en id\u00e9ntico puesto, pero viven realidades diferentes. Uno perdi\u00f3 el puesto, mastic\u00f3 bronca y ahora que le devolvieron la titularidad, quiere permanecer en el equipo. El otro es inamovible, y aunque tiene participaci\u00f3n en los goles del equipo, no logra convertir los propios. De Miguel Merentiel y Edinson Cavani se trata esta historia. Los uruguayos fueron protagonistas en un partido que arranc\u00f3 con dificultades y termin\u00f3 con una victoria inapelable ante Estudiantes de La Plata, para seguir como l\u00edder de la zona B del Torneo Apertura 2025.<br \/>\n Merentiel corr\u00eda de atr\u00e1s porque Fernando Gago decidi\u00f3 jugar con dos \u201c9\u201d, pero apost\u00f3 a Milton Gim\u00e9nez. El atacante de 29 a\u00f1os nacido en Paysand\u00fa hab\u00eda sido titular por \u00faltima vez el 11 de febrero ante Independiente Rivadavia, un partido que Boca gan\u00f3 2 a 0 con un gol suyo. A partir de la siguiente fecha, contra Banfield, siempre jugaron Gim\u00e9nez o Cavani. No obstante, cada vez que ingres\u00f3, Merentiel dej\u00f3 su sello en l..<\/p>\n","protected":false},"author":2,"featured_media":151504,"comment_status":"closed","ping_status":"closed","sticky":false,"template":"","format":"standard","meta":{"footnotes":""},"categories":[35],"tags":[],"class_list":["post-151503","post","type-post","status-publish","format-standard","has-post-thumbnail","hentry","category-deportes"],"_links":{"self":[{"href":"https:\/\/radioacuariofm.com.ar\/index.php?rest_route=\/wp\/v2\/posts\/151503","targetHints":{"allow":["GET"]}}],"collection":[{"href":"https:\/\/radioacuariofm.com.ar\/index.php?rest_route=\/wp\/v2\/posts"}],"about":[{"href":"https:\/\/radioacuariofm.com.ar\/index.php?rest_route=\/wp\/v2\/types\/post"}],"author":[{"embeddable":true,"href":"https:\/\/radioacuariofm.com.ar\/index.php?rest_route=\/wp\/v2\/users\/2"}],"replies":[{"embeddable":true,"href":"https:\/\/radioacuariofm.com.ar\/index.php?rest_route=%2Fwp%2Fv2%2Fcomments&post=151503"}],"version-history":[{"count":1,"href":"https:\/\/radioacuariofm.com.ar\/index.php?rest_route=\/wp\/v2\/posts\/151503\/revisions"}],"predecessor-version":[{"id":151506,"href":"https:\/\/radioacuariofm.com.ar\/index.php?rest_route=\/wp\/v2\/posts\/151503\/revisions\/151506"}],"wp:featuredmedia":[{"embeddable":true,"href":"https:\/\/radioacuariofm.com.ar\/index.php?rest_route=\/wp\/v2\/media\/151504"}],"wp:attachment":[{"href":"https:\/\/radioacuariofm.com.ar\/index.php?rest_route=%2Fwp%2Fv2%2Fmedia&parent=151503"}],"wp:term":[{"taxonomy":"category","embeddable":true,"href":"https:\/\/radioacuariofm.com.ar\/index.php?rest_route=%2Fwp%2Fv2%2Fcategories&post=151503"},{"taxonomy":"post_tag","embeddable":true,"href":"https:\/\/radioacuariofm.com.ar\/index.php?rest_route=%2Fwp%2Fv2%2Ftags&post=151503"}],"curies":[{"name":"wp","href":"https:\/\/api.w.org\/{rel}","templated":true}]}}