{"id":145494,"date":"2025-04-08T14:19:19","date_gmt":"2025-04-08T17:19:19","guid":{"rendered":"https:\/\/radioacuariofm.com.ar\/?p=145494"},"modified":"2025-04-08T14:19:20","modified_gmt":"2025-04-08T17:19:20","slug":"se-reactivo-la-obra-del-acueducto-gran-tulum-y-comenzaron-los-trabajos","status":"publish","type":"post","link":"https:\/\/radioacuariofm.com.ar\/?p=145494","title":{"rendered":"Se reactiv\u00f3 la obra del Acueducto Gran Tulum y comenzaron los trabajos"},"content":{"rendered":"<p><\/p>\n<div>\n<p>Luego de m\u00e1s de dos a\u00f1os de paralizaci\u00f3n, se firm\u00f3 el acta de inicio de obra y comenzaron formalmente los trabajos del Acueducto Gran Tulum, una infraestructura estrat\u00e9gica para garantizar el abastecimiento de agua potable en San Juan.<\/p>\n<p>El reinicio de esta importante obra se concret\u00f3 tras la visita del ministro de Infraestructura, Agua y Energ\u00eda, Fernando Perea; el presidente de OSSE, Jos\u00e9 Luis Beltr\u00e1n; el inspector de la obra, Maximiliano Mill\u00f3n; el representante de la UTE a cargo de los trabajos, Carlos Villalonga; y funcionarios de la Secretar\u00eda de Recursos H\u00eddricos de la Naci\u00f3n.<\/p>\n<p>Tras el acto formal, donde se firm\u00f3 el inicio de obra, las autoridades realizaron un recorrido por el \u00e1rea donde ya se encuentran en marcha las primeras tareas. Gracias a las gestiones realizadas por el gobernador Marcelo Orrego y el ministro Fernando Perea ante la Secretar\u00eda de Recursos H\u00eddricos de la Naci\u00f3n, se logr\u00f3 destrabar el proyecto, considerado uno de los m\u00e1s relevantes en materia h\u00eddrica para el futuro de la provincia.<\/p>\n<p>La obra tiene como objetivo asegurar el suministro de agua potable para una poblaci\u00f3n futura superior al mill\u00f3n de habitantes, reforzando y optimizando el servicio en todo el Gran San Juan. Adem\u00e1s, permitir\u00e1 abastecer a nuevas zonas urbanas y anticiparse al crecimiento poblacional proyectado para las pr\u00f3ximas d\u00e9cadas.<\/p>\n<p>Actualmente, ya hay operarios trabajando en la construcci\u00f3n del Establecimiento Potabilizador Punta Negra, ubicado al pie de la Presa del Dique Punta Negra. All\u00ed se instalar\u00e1 una toma de agua cruda en el Canal de Salida de la Zona de Generaci\u00f3n del dique, desde donde se iniciar\u00e1 el proceso de potabilizaci\u00f3n.<\/p>\n<p>Esta obra representa un paso fundamental hacia un sistema h\u00eddrico m\u00e1s moderno, eficiente y con capacidad de respuesta a las necesidades actuales y futuras de la poblaci\u00f3n sanjuanina.<\/p>\n<\/p><\/div>\n<p><script async defer crossorigin=\"anonymous\" src=\"https:\/\/connect.facebook.net\/es_ES\/sdk.js#xfbml=1&#038;version=v3.3\"><\/script><\/p>\n","protected":false},"excerpt":{"rendered":"<p>Luego de m\u00e1s de dos a\u00f1os de paralizaci\u00f3n, se firm\u00f3 el acta de inicio de obra y comenzaron formalmente los trabajos del Acueducto Gran Tulum, una infraestructura estrat\u00e9gica para garantizar el abastecimiento de agua potable en San Juan. El reinicio de esta importante obra se concret\u00f3 tras la visita del ministro de Infraestructura, Agua y [&hellip;]<\/p>\n","protected":false},"author":2,"featured_media":145495,"comment_status":"closed","ping_status":"closed","sticky":false,"template":"","format":"standard","meta":{"footnotes":""},"categories":[27],"tags":[],"class_list":["post-145494","post","type-post","status-publish","format-standard","has-post-thumbnail","hentry","category-san-juan"],"_links":{"self":[{"href":"https:\/\/radioacuariofm.com.ar\/index.php?rest_route=\/wp\/v2\/posts\/145494","targetHints":{"allow":["GET"]}}],"collection":[{"href":"https:\/\/radioacuariofm.com.ar\/index.php?rest_route=\/wp\/v2\/posts"}],"about":[{"href":"https:\/\/radioacuariofm.com.ar\/index.php?rest_route=\/wp\/v2\/types\/post"}],"author":[{"embeddable":true,"href":"https:\/\/radioacuariofm.com.ar\/index.php?rest_route=\/wp\/v2\/users\/2"}],"replies":[{"embeddable":true,"href":"https:\/\/radioacuariofm.com.ar\/index.php?rest_route=%2Fwp%2Fv2%2Fcomments&post=145494"}],"version-history":[{"count":1,"href":"https:\/\/radioacuariofm.com.ar\/index.php?rest_route=\/wp\/v2\/posts\/145494\/revisions"}],"predecessor-version":[{"id":145496,"href":"https:\/\/radioacuariofm.com.ar\/index.php?rest_route=\/wp\/v2\/posts\/145494\/revisions\/145496"}],"wp:featuredmedia":[{"embeddable":true,"href":"https:\/\/radioacuariofm.com.ar\/index.php?rest_route=\/wp\/v2\/media\/145495"}],"wp:attachment":[{"href":"https:\/\/radioacuariofm.com.ar\/index.php?rest_route=%2Fwp%2Fv2%2Fmedia&parent=145494"}],"wp:term":[{"taxonomy":"category","embeddable":true,"href":"https:\/\/radioacuariofm.com.ar\/index.php?rest_route=%2Fwp%2Fv2%2Fcategories&post=145494"},{"taxonomy":"post_tag","embeddable":true,"href":"https:\/\/radioacuariofm.com.ar\/index.php?rest_route=%2Fwp%2Fv2%2Ftags&post=145494"}],"curies":[{"name":"wp","href":"https:\/\/api.w.org\/{rel}","templated":true}]}}