{"id":145096,"date":"2025-04-07T19:30:05","date_gmt":"2025-04-07T22:30:05","guid":{"rendered":"https:\/\/radioacuariofm.com.ar\/?p=145096"},"modified":"2025-04-07T19:30:14","modified_gmt":"2025-04-07T22:30:14","slug":"maligno-torres-mostro-los-fuertes-detalles-de-una-operacion-para-un-cambio-clave-para-seguir-en-la-cima-mundial-del-bmx","status":"publish","type":"post","link":"https:\/\/radioacuariofm.com.ar\/?p=145096","title":{"rendered":"\u2018Maligno\u2019 Torres mostr\u00f3 los fuertes detalles de una operaci\u00f3n para un cambio clave para seguir en la cima mundial del BMX"},"content":{"rendered":"<p><img decoding=\"async\" src=\"https:\/\/radioacuariofm.com.ar\/wp-content\/uploads\/2025\/04\/5LJAtHr9__2000x1500__1-1.jpg\"\/> <\/p>\n<p>Cuando <strong>Jos\u00e9 \u2018Maligno\u2019 Torres<\/strong> se colg\u00f3 la medalla dorada como <strong>campe\u00f3n ol\u00edmpico en Par\u00eds 2024 <\/strong>el inter\u00e9s por su historia creci\u00f3 notablemente y uno de los t\u00edtulos m\u00e1s buscados fue <strong>la cantidad de lesiones <\/strong>que hab\u00eda superado para llegar a <strong>la cima del BMX freestyle<\/strong>. Hasta aquel 31 de julio hab\u00edan sido pasado por el quir\u00f3fano para curar el hombro, el h\u00famero, el codo, la mu\u00f1eca, el dedo \u00edndice y los ligamentos de las rodillas. Este lunes, el nacido en Bolivia pero que creci\u00f3 en C\u00f3rdoba, anunci\u00f3 que <strong>tuvo que operarse nuevamente<\/strong>, pero esta vez de <strong>la nariz <\/strong>con el objetivo de mejorar su respiraci\u00f3n tanto en su vida cotidiana como deportiva.<\/p>\n<p>\u201cHace 1 semana que me oper\u00e9. Volviendo a respirar luego de varios a\u00f1os de estar batallando con este problema\u2026 El equipo ven\u00eda insisti\u00e9ndome, al final decid\u00ed operarme de varios problemas que ven\u00eda arrastrando en mi vida en la parte respiratoria, complicaciones en mis entrenamientos deportivos hasta en mi vida cotidiana\u201d, escribi\u00f3 a trav\u00e9s de su cuenta de Instagram (@malignobmx).<\/p>\n<p>\u201cEn el hombro, una luxaci\u00f3n acromio y una fractura arriba del h\u00famero. En el codo creo que fueron tres fracturas; en la mu\u00f1eca, una; y en el dedo \u00edndice, otra\u201d, hab\u00eda recordado todav\u00eda en Par\u00eds, en una entrevista con Clar\u00edn, horas despu\u00e9s de subirse a lo m\u00e1s alto del podio.<\/p>\n<p>\u201cEn las rodillas, los ligamentos cruzados. Y en los tobillos, problemas cr\u00f3nicos. Soy uno de los deportistas m\u00e1s lesionados. As\u00ed y todo lo conseguimos. Todo vali\u00f3 la pena\u201d, complet\u00f3.<\/p>\n<p>La particularidad fue que el argentino comparti\u00f3 tambi\u00e9n im\u00e1genes elocuentes de lo que fue el momento del post operatorio, utilizando una jeringa dentro de uno de sus orificios nasales para limpiar la sangre acumulada. <\/p>\n<p>A fines de febrero, el Maligno Torres hab\u00eda ratificado su buen momento en los aires del BMX con un segundo puesto en el <strong>Costa Rica Freestyle Series 2025 (UCI C1)<\/strong>, que se desarroll\u00f3 en Puntarenas, tras obtener <strong>90.33 puntos <\/strong>y ubicarse a tan s\u00f3lo 1.67 del campe\u00f3n, el local <strong>Kenneth Tencio<\/strong>.<\/p>\n","protected":false},"excerpt":{"rendered":"<p>Cuando Jos\u00e9 \u2018Maligno\u2019 Torres se colg\u00f3 la medalla dorada como campe\u00f3n ol\u00edmpico en Par\u00eds 2024 el inter\u00e9s por su historia creci\u00f3 notablemente y uno de los t\u00edtulos m\u00e1s buscados fue la cantidad de lesiones que hab\u00eda superado para llegar a la cima del BMX freestyle. Hasta aquel 31 de julio hab\u00edan sido pasado por el quir\u00f3fano para curar el hombro, el h\u00famero, el codo, la mu\u00f1eca, el dedo \u00edndice y los ligamentos de las rodillas. Este lunes, el nacido en Bolivia pero que creci\u00f3 en C\u00f3rdoba, anunci\u00f3 que tuvo que operarse nuevamente, pero esta vez de la nariz con el objetivo de mejorar su respiraci\u00f3n tanto en su vida cotidiana como deportiva.<br \/>\n \u201cHace 1 semana que me oper\u00e9. Volviendo a respirar luego de varios a\u00f1os de estar batallando con este problema\u2026 El equipo ven\u00eda insisti\u00e9ndome, al final decid\u00ed operarme de varios problemas que ven\u00eda arrastrando en mi vida en la parte respiratoria, complicaciones en mis entrenamientos deportivos hasta en mi vida cotidiana\u201d, escribi\u00f3 a trav\u00e9s de su cuenta de Instag..<\/p>\n","protected":false},"author":2,"featured_media":145097,"comment_status":"closed","ping_status":"closed","sticky":false,"template":"","format":"standard","meta":{"footnotes":""},"categories":[35],"tags":[],"class_list":["post-145096","post","type-post","status-publish","format-standard","has-post-thumbnail","hentry","category-deportes"],"_links":{"self":[{"href":"https:\/\/radioacuariofm.com.ar\/index.php?rest_route=\/wp\/v2\/posts\/145096","targetHints":{"allow":["GET"]}}],"collection":[{"href":"https:\/\/radioacuariofm.com.ar\/index.php?rest_route=\/wp\/v2\/posts"}],"about":[{"href":"https:\/\/radioacuariofm.com.ar\/index.php?rest_route=\/wp\/v2\/types\/post"}],"author":[{"embeddable":true,"href":"https:\/\/radioacuariofm.com.ar\/index.php?rest_route=\/wp\/v2\/users\/2"}],"replies":[{"embeddable":true,"href":"https:\/\/radioacuariofm.com.ar\/index.php?rest_route=%2Fwp%2Fv2%2Fcomments&post=145096"}],"version-history":[{"count":1,"href":"https:\/\/radioacuariofm.com.ar\/index.php?rest_route=\/wp\/v2\/posts\/145096\/revisions"}],"predecessor-version":[{"id":145099,"href":"https:\/\/radioacuariofm.com.ar\/index.php?rest_route=\/wp\/v2\/posts\/145096\/revisions\/145099"}],"wp:featuredmedia":[{"embeddable":true,"href":"https:\/\/radioacuariofm.com.ar\/index.php?rest_route=\/wp\/v2\/media\/145097"}],"wp:attachment":[{"href":"https:\/\/radioacuariofm.com.ar\/index.php?rest_route=%2Fwp%2Fv2%2Fmedia&parent=145096"}],"wp:term":[{"taxonomy":"category","embeddable":true,"href":"https:\/\/radioacuariofm.com.ar\/index.php?rest_route=%2Fwp%2Fv2%2Fcategories&post=145096"},{"taxonomy":"post_tag","embeddable":true,"href":"https:\/\/radioacuariofm.com.ar\/index.php?rest_route=%2Fwp%2Fv2%2Ftags&post=145096"}],"curies":[{"name":"wp","href":"https:\/\/api.w.org\/{rel}","templated":true}]}}