{"id":145092,"date":"2025-04-07T19:19:56","date_gmt":"2025-04-07T22:19:56","guid":{"rendered":"https:\/\/radioacuariofm.com.ar\/?p=145092"},"modified":"2025-04-07T19:19:59","modified_gmt":"2025-04-07T22:19:59","slug":"el-gobierno-dio-inicio-al-ciclo-lectivo-2025-del-instituto-de-formacion-policial-2","status":"publish","type":"post","link":"https:\/\/radioacuariofm.com.ar\/?p=145092","title":{"rendered":"El Gobierno dio inicio al ciclo lectivo 2025 del Instituto de Formaci\u00f3n Policial"},"content":{"rendered":"<p><img decoding=\"async\" src=\"https:\/\/radioacuariofm.com.ar\/wp-content\/uploads\/2025\/04\/8a0782ecf727d74c9fc6a8059cb5b94b_L-2.jpg\"\/>  <\/p>\n<p>Este lunes 7 de abril, comenz\u00f3 el Ciclo Lectivo 2025 en el Instituto de Formaci\u00f3n Policial con un acto formal de la academia. La capacitaci\u00f3n y la formaci\u00f3n en materia de seguridad de los agentes y futuros integrantes de la fuerza, es una de los ejes trascendentales en la gesti\u00f3n.<\/p>\n<p>La ceremonia se desarroll\u00f3 en el Patio de Armas del Instituto de Formaci\u00f3n Policial. Las autoridades presentes destacaron la importancia de asumir esta etapa con disciplina, dedicaci\u00f3n y respeto por los valores que rigen la funci\u00f3n p\u00fablica.<\/p>\n<p>El secretario de Seguridad de la provincia, Enrique Delgado, habl\u00f3 sobre la responsabilidad del servicio y la pertenencia, como elementos fundamentales en la etapa de formaci\u00f3n. \u201cEl Estado es el contacto directo con el ciudadano, y cada d\u00eda nos exigir\u00e1 m\u00e1s, por eso es importante este lugar donde comienza la preparaci\u00f3n, esta es la cuna de la capacitaci\u00f3n, ac\u00e1 se forma el Polic\u00eda y obtiene las herramientas para poder ejercer eficazmente su rol con el ciudadano\u201d dijo.<\/p>\n<p>Luego, el jefe de la Polic\u00eda de San Juan, N\u00e9stor \u00c1lvarez, coment\u00f3 que \u201cla tarea del polic\u00eda no es com\u00fan, se necesita de mucho compromiso y vocaci\u00f3n de Servicio, adem\u00e1s del trabajo en equipo que es la \u00fanica manera de alcanzar objetivos juntos\u201d.<\/p>\n<p>\u00c1lvarez record\u00f3 una charla que tuvo con efectivos policiales retirados y resalt\u00f3 que \u201cellos me manifestaron que su vida en la actividad policial fueron los mejores a\u00f1os de su vida, que todav\u00eda sent\u00edan la pasi\u00f3n y ganas de seguir prestando servicios, esto es lo que quiero transmitir a ustedes, poner todo de s\u00ed para cumplir con nuestra misi\u00f3n de proteger la comunidad\u201d.<\/p>\n<p>Seguidamente, el jefe del D6, Antonio Salinas, remarc\u00f3 que \u201csi trabajamos con esp\u00edritu de cuerpo, armando equipos podemos llegar muy lejos, adem\u00e1s si sumamos el apoyo de la familia como siempre tenemos, podremos concretar muchos objetivos\u201d. \u201cTenemos que confiar en nuestro trabajo en equipo con el objetivo de obtener buenos resultados\u201d concluy\u00f3 Salinas.<\/p>\n<p>De la actividad tambi\u00e9n participaron la subsecretaria de Seguridad, Sandra Chamorro; subjefe de Polic\u00eda, Diego Morales; subdirector a cargo de la Direcci\u00f3n del SPP, Carlos Su\u00e1rez; integrantes de la Plana Mayor, de la Academia de Formaci\u00f3n y el Capell\u00e1n Gabriel Aciar.<\/p>\n","protected":false},"excerpt":{"rendered":"<p>Este lunes 7 de abril, comenz\u00f3 el Ciclo Lectivo 2025 en el Instituto de Formaci\u00f3n Policial con un acto formal de la academia. La capacitaci\u00f3n y la formaci\u00f3n en materia de seguridad de los agentes y futuros integrantes de la fuerza, es una de los ejes trascendentales en la gesti\u00f3n. La ceremonia se desarroll\u00f3 en [&hellip;]<\/p>\n","protected":false},"author":2,"featured_media":145093,"comment_status":"closed","ping_status":"closed","sticky":false,"template":"","format":"standard","meta":{"footnotes":""},"categories":[27],"tags":[],"class_list":["post-145092","post","type-post","status-publish","format-standard","has-post-thumbnail","hentry","category-san-juan"],"_links":{"self":[{"href":"https:\/\/radioacuariofm.com.ar\/index.php?rest_route=\/wp\/v2\/posts\/145092","targetHints":{"allow":["GET"]}}],"collection":[{"href":"https:\/\/radioacuariofm.com.ar\/index.php?rest_route=\/wp\/v2\/posts"}],"about":[{"href":"https:\/\/radioacuariofm.com.ar\/index.php?rest_route=\/wp\/v2\/types\/post"}],"author":[{"embeddable":true,"href":"https:\/\/radioacuariofm.com.ar\/index.php?rest_route=\/wp\/v2\/users\/2"}],"replies":[{"embeddable":true,"href":"https:\/\/radioacuariofm.com.ar\/index.php?rest_route=%2Fwp%2Fv2%2Fcomments&post=145092"}],"version-history":[{"count":1,"href":"https:\/\/radioacuariofm.com.ar\/index.php?rest_route=\/wp\/v2\/posts\/145092\/revisions"}],"predecessor-version":[{"id":145095,"href":"https:\/\/radioacuariofm.com.ar\/index.php?rest_route=\/wp\/v2\/posts\/145092\/revisions\/145095"}],"wp:featuredmedia":[{"embeddable":true,"href":"https:\/\/radioacuariofm.com.ar\/index.php?rest_route=\/wp\/v2\/media\/145093"}],"wp:attachment":[{"href":"https:\/\/radioacuariofm.com.ar\/index.php?rest_route=%2Fwp%2Fv2%2Fmedia&parent=145092"}],"wp:term":[{"taxonomy":"category","embeddable":true,"href":"https:\/\/radioacuariofm.com.ar\/index.php?rest_route=%2Fwp%2Fv2%2Fcategories&post=145092"},{"taxonomy":"post_tag","embeddable":true,"href":"https:\/\/radioacuariofm.com.ar\/index.php?rest_route=%2Fwp%2Fv2%2Ftags&post=145092"}],"curies":[{"name":"wp","href":"https:\/\/api.w.org\/{rel}","templated":true}]}}