{"id":144476,"date":"2025-04-06T11:53:14","date_gmt":"2025-04-06T14:53:14","guid":{"rendered":"https:\/\/radioacuariofm.com.ar\/?p=144476"},"modified":"2025-04-06T11:53:18","modified_gmt":"2025-04-06T14:53:18","slug":"laura-alonso-le-atribuyo-a-la-gestion-de-jorge-macri-el-fin-de-los-piquetes-en-la-ciudad-y-calento-la-pelea-con-los-libertarios","status":"publish","type":"post","link":"https:\/\/radioacuariofm.com.ar\/?p=144476","title":{"rendered":"Laura Alonso le atribuy\u00f3 a la gesti\u00f3n de Jorge Macri el fin de los piquetes en la Ciudad y calent\u00f3 la pelea con los libertarios"},"content":{"rendered":"<p><img decoding=\"async\" src=\"https:\/\/radioacuariofm.com.ar\/wp-content\/uploads\/2025\/04\/kml8Fv6el_2000x1500__1-1.jpg\"\/> <\/p>\n<p>Dom. 06.04.2025-09:00<\/p>\n<h2>Luego de lanzar la campa\u00f1a del PRO, Mauricio Macri camin\u00f3 las calles porte\u00f1as junto a Laura Alonso<\/h2>\n<p>Con un pa\u00f1uelo amarillo en la mu\u00f1eca izquierda, respetando la consigna de campa\u00f1a del Pro de salir a la calle con alguna prenda de ese color, el expresidente Mauricio Macri camin\u00f3 por algunos barrios de la zona norte de Ciudad de Buenos Aires para promover a los candidatos a legisladores porte\u00f1os.<\/p>\n<p>\u201cGracias a todos los vecinos de Palermo por el abrazo y el apoyo a @mauriciomacri. Gracias por su calidez y por estar cerca. La Ciudad es, fue y ser\u00e1 PRO. Porque todos saben que para este equipo est\u00e1 siempre Buenos Aires Primero\u201d, escribi\u00f3 Laura Alonso en su cuenta de la red social X junto a un video con im\u00e1genes de la recorrida del expresidente. Seguir leyendo<\/p>\n","protected":false},"excerpt":{"rendered":"<p>Dom. 06.04.2025-09:00 Luego de lanzar la campa\u00f1a del PRO, Mauricio Macri camin\u00f3 las calles porte\u00f1as junto a Laura Alonso Con un pa\u00f1uelo amarillo en la mu\u00f1eca izquierda, respetando la consigna de campa\u00f1a del Pro de salir a la calle con alguna prenda de ese color, el expresidente Mauricio Macri camin\u00f3 por algunos barrios de la [&hellip;]<\/p>\n","protected":false},"author":2,"featured_media":144477,"comment_status":"closed","ping_status":"closed","sticky":false,"template":"","format":"standard","meta":{"footnotes":""},"categories":[26],"tags":[],"class_list":["post-144476","post","type-post","status-publish","format-standard","has-post-thumbnail","hentry","category-politica"],"_links":{"self":[{"href":"https:\/\/radioacuariofm.com.ar\/index.php?rest_route=\/wp\/v2\/posts\/144476","targetHints":{"allow":["GET"]}}],"collection":[{"href":"https:\/\/radioacuariofm.com.ar\/index.php?rest_route=\/wp\/v2\/posts"}],"about":[{"href":"https:\/\/radioacuariofm.com.ar\/index.php?rest_route=\/wp\/v2\/types\/post"}],"author":[{"embeddable":true,"href":"https:\/\/radioacuariofm.com.ar\/index.php?rest_route=\/wp\/v2\/users\/2"}],"replies":[{"embeddable":true,"href":"https:\/\/radioacuariofm.com.ar\/index.php?rest_route=%2Fwp%2Fv2%2Fcomments&post=144476"}],"version-history":[{"count":1,"href":"https:\/\/radioacuariofm.com.ar\/index.php?rest_route=\/wp\/v2\/posts\/144476\/revisions"}],"predecessor-version":[{"id":144479,"href":"https:\/\/radioacuariofm.com.ar\/index.php?rest_route=\/wp\/v2\/posts\/144476\/revisions\/144479"}],"wp:featuredmedia":[{"embeddable":true,"href":"https:\/\/radioacuariofm.com.ar\/index.php?rest_route=\/wp\/v2\/media\/144477"}],"wp:attachment":[{"href":"https:\/\/radioacuariofm.com.ar\/index.php?rest_route=%2Fwp%2Fv2%2Fmedia&parent=144476"}],"wp:term":[{"taxonomy":"category","embeddable":true,"href":"https:\/\/radioacuariofm.com.ar\/index.php?rest_route=%2Fwp%2Fv2%2Fcategories&post=144476"},{"taxonomy":"post_tag","embeddable":true,"href":"https:\/\/radioacuariofm.com.ar\/index.php?rest_route=%2Fwp%2Fv2%2Ftags&post=144476"}],"curies":[{"name":"wp","href":"https:\/\/api.w.org\/{rel}","templated":true}]}}