{"id":143588,"date":"2025-04-04T14:24:15","date_gmt":"2025-04-04T17:24:15","guid":{"rendered":"https:\/\/radioacuariofm.com.ar\/?p=143588"},"modified":"2025-04-04T14:24:19","modified_gmt":"2025-04-04T17:24:19","slug":"los-jardines-del-auditorio-se-llenaran-de-arte-y-diseno-con-la-feria-la-lolita-2","status":"publish","type":"post","link":"https:\/\/radioacuariofm.com.ar\/?p=143588","title":{"rendered":"Los jardines del Auditorio se llenar\u00e1n de arte y dise\u00f1o con la Feria La Lolita"},"content":{"rendered":"<p><img decoding=\"async\" src=\"https:\/\/radioacuariofm.com.ar\/wp-content\/uploads\/2025\/04\/26cae79bdd2adccfa5f60b184e0aba00_L-2.jpg\"\/>  <\/p>\n<p>Por octava vez, se llevar\u00e1 a cabo la feria de dise\u00f1o La Lolita. Con la presencia de m\u00e1s de 100 expositores, el evento que se caracteriza por convocar a los emprendedores de la provincia tendr\u00e1 lugar el pr\u00f3ximo domingo 6 en los Jardines del Auditorio Juan Victoria.<\/p>\n<p>Con producciones propias, el p\u00fablico en general podr\u00e1 disfrutar del arte y el dise\u00f1o desde las 17:30 hasta las 22:30 hs con entrada libre y gratuita.<\/p>\n<p>Como cada edici\u00f3n, la feria apostar\u00e1 al compre local con el fin de apoyar a los emprendedores sanjuaninos.<\/p>\n","protected":false},"excerpt":{"rendered":"<p>Por octava vez, se llevar\u00e1 a cabo la feria de dise\u00f1o La Lolita. Con la presencia de m\u00e1s de 100 expositores, el evento que se caracteriza por convocar a los emprendedores de la provincia tendr\u00e1 lugar el pr\u00f3ximo domingo 6 en los Jardines del Auditorio Juan Victoria. Con producciones propias, el p\u00fablico en general podr\u00e1 [&hellip;]<\/p>\n","protected":false},"author":2,"featured_media":143589,"comment_status":"closed","ping_status":"closed","sticky":false,"template":"","format":"standard","meta":{"footnotes":""},"categories":[27],"tags":[],"class_list":["post-143588","post","type-post","status-publish","format-standard","has-post-thumbnail","hentry","category-san-juan"],"_links":{"self":[{"href":"https:\/\/radioacuariofm.com.ar\/index.php?rest_route=\/wp\/v2\/posts\/143588","targetHints":{"allow":["GET"]}}],"collection":[{"href":"https:\/\/radioacuariofm.com.ar\/index.php?rest_route=\/wp\/v2\/posts"}],"about":[{"href":"https:\/\/radioacuariofm.com.ar\/index.php?rest_route=\/wp\/v2\/types\/post"}],"author":[{"embeddable":true,"href":"https:\/\/radioacuariofm.com.ar\/index.php?rest_route=\/wp\/v2\/users\/2"}],"replies":[{"embeddable":true,"href":"https:\/\/radioacuariofm.com.ar\/index.php?rest_route=%2Fwp%2Fv2%2Fcomments&post=143588"}],"version-history":[{"count":1,"href":"https:\/\/radioacuariofm.com.ar\/index.php?rest_route=\/wp\/v2\/posts\/143588\/revisions"}],"predecessor-version":[{"id":143591,"href":"https:\/\/radioacuariofm.com.ar\/index.php?rest_route=\/wp\/v2\/posts\/143588\/revisions\/143591"}],"wp:featuredmedia":[{"embeddable":true,"href":"https:\/\/radioacuariofm.com.ar\/index.php?rest_route=\/wp\/v2\/media\/143589"}],"wp:attachment":[{"href":"https:\/\/radioacuariofm.com.ar\/index.php?rest_route=%2Fwp%2Fv2%2Fmedia&parent=143588"}],"wp:term":[{"taxonomy":"category","embeddable":true,"href":"https:\/\/radioacuariofm.com.ar\/index.php?rest_route=%2Fwp%2Fv2%2Fcategories&post=143588"},{"taxonomy":"post_tag","embeddable":true,"href":"https:\/\/radioacuariofm.com.ar\/index.php?rest_route=%2Fwp%2Fv2%2Ftags&post=143588"}],"curies":[{"name":"wp","href":"https:\/\/api.w.org\/{rel}","templated":true}]}}