{"id":142639,"date":"2025-04-02T22:19:58","date_gmt":"2025-04-03T01:19:58","guid":{"rendered":"https:\/\/radioacuariofm.com.ar\/?p=142639"},"modified":"2025-04-02T22:20:02","modified_gmt":"2025-04-03T01:20:02","slug":"primeras-reacciones-globales-al-anuncio-de-trump-medidas-injustificadas-y-una-ley-de-reciprocidad-economica-2","status":"publish","type":"post","link":"https:\/\/radioacuariofm.com.ar\/?p=142639","title":{"rendered":"Primeras reacciones globales al anuncio de Trump: medidas \u201cinjustificadas\u201d y una \u201cley de reciprocidad econ\u00f3mica\u201d"},"content":{"rendered":"<p><img decoding=\"async\" src=\"https:\/\/radioacuariofm.com.ar\/wp-content\/uploads\/2025\/04\/donald-trump-en-su-anuncio-en-la-casa-G4S5TOEF5BFLNLVAFIJT7AVF3E-2.jpg\"\/><\/p>\n<p><\/p>\n<p>WASHINGTON.- El cimbronazo arancelario de alcance universal que anunci\u00f3 este mi\u00e9rcoles <strong>Donald Trump<\/strong> desat\u00f3 un <strong>aluvi\u00f3n de reacciones en la comunidad internacional<\/strong>, afectada en su totalidad por una bater\u00eda de tarifas que van desde el <strong>10% de base<\/strong> a cerca del 50% en los casos m\u00e1s extremos.<\/p>\n<p>El anuncio tuvo tambi\u00e9n repercusiones en los <strong>mercados financieros,<\/strong> <strong>que sintieron el impacto seg\u00fa nlas primeras se\u00f1ales<\/strong>, as\u00ed como entre los analistas econ\u00f3micos, que recibieron con estupor el alcance y la magnitud de las cifras enunciadas por el presidente norteamericano en su espectacular presentaci\u00f3n.<\/p>\n<p>El secretario del Tesoro de Estados Unidos, <strong>Scott Bessent,<\/strong> previendo represalias, <strong>advirti\u00f3 a todos los pa\u00edses que no respondan,<\/strong> aunque pronto qued\u00f3 claro que nadie tiene pensado quedarse de brazos cruzados.<\/p>\n<figure><figcaption>El presidente Donald Trump, en su discurso en la Casa Blanca. (Andrew Leyden\/ZUMA Press Wire\/dpa)Andrew Leyden  \u2013 ZUMA Press Wire <\/figcaption><\/figure>\n<p>Desde Canad\u00e1, el primer ministro <strong>Mark Carney<\/strong> dijo que <strong>\u201cmillones de canadienses se ver\u00e1n afectados\u201d<\/strong> por las medidas de Trump. Carney confirm\u00f3 que los aranceles se mantendr\u00e1n sobre el aluminio y el acero, que los aranceles sobre los autom\u00f3viles comenzar\u00e1n esta noche, y que Canad\u00e1 se ver\u00e1 afectado por aranceles sectoriales sobre la madera, los semiconductores y los productos farmac\u00e9uticos.<\/p>\n<p><strong>\u201cLucharemos de nuevo contra esos aranceles\u2026 protegeremos a los trabajadores canadienses\u2026 construiremos la econom\u00eda m\u00e1s fuerte del G7\u201d, <\/strong>dijo Carney.<\/p>\n<figure><figcaption>El primer ministro de Canad\u00e1, Mark Carney, habla con la prensa en la sede del Parlamento canadiense tras una reuni\u00f3n del comit\u00e9 del gabinete sobre relaciones con EE.UU. en Ottawa, el jueves 27 de marzo de 2025. (Adrian Wyld\/The Canadian Press v\u00eda AP)Adrian Wyld \u2013 The Canadian Press<\/figcaption><\/figure>\n<p>La presidenta de la Comisi\u00f3n Europea, <strong>Ursula von der Leyen,<\/strong> se manifestar\u00e1 en las pr\u00f3ximas horas sobre el anuncio arancelario de Trump, aunque ya hab\u00eda anticipado el martes que desde Bruselas ten\u00edan previsto un <strong>\u201cs\u00f3lido plan\u201d<\/strong> en respuesta al previsible tarifazo norteamericano.<\/p>\n<p>El presidente de la Comisi\u00f3n de Comercio Internacional del Parlamento Europeo, Bernd Lange, <strong>reaccion\u00f3 de inmediato con un comunicado en los t\u00e9rminos m\u00e1s duros,<\/strong> se\u00f1al de lo que puede venir tambi\u00e9n de la mano de Von der Leyen.<\/p>\n<p>\u201cEstas medidas <strong>injustificadas, ilegales y desproporcionadas<\/strong> solo pueden conducir a una mayor escalada arancelaria y a una espiral econ\u00f3mica descendente para Estados Unidos y el mundo en su conjunto\u201d, se\u00f1al\u00f3. <strong>\u201cLa UE responder\u00e1. Lo haremos con medidas legales, leg\u00edtimas, proporcionadas y decisivas\u201d,<\/strong> concluy\u00f3.<\/p>\n<p>La primera ministra italiana, <strong>Giorgia Meloni,<\/strong> fue una de las primeras l\u00edderes europeas en reaccionar se\u00f1alando que se trata de una \u201cmedida equivocada\u201d.<\/p>\n<figure><figcaption>La primera ministra italiana, Giorgia Meloni. (Tiziana FABI \/ AFP)TIZIANA FABI \u2013 AFP<\/figcaption><\/figure>\n<p>\u201cLa introducci\u00f3n por parte de Estados Unidos de aranceles sobre la Uni\u00f3n Europea (UE)<strong> es una medida que considero err\u00f3nea <\/strong>y que no beneficia a ninguna de las partes\u201d, escribi\u00f3 en las redes sociales. \u201cHaremos todo lo posible para llegar a un acuerdo con Estados Unidos, con el objetivo de evitar <strong>una guerra comercial<\/strong> que inevitablemente debilitar\u00eda a Occidente en favor de otros actores globales\u201d, a\u00f1adi\u00f3.<\/p>\n<p>El canciller italiano, <strong>Antonio Tajani<\/strong>,se\u00f1al\u00f3 por su parte que est\u00e1n trabajando con la Uni\u00f3n Europea y los socios europeos para una evaluaci\u00f3n inicial y una respuesta com\u00fan.<\/p>\n<p>El primer ministro sueco, <strong>Ulf Kristersson,<\/strong> coincidi\u00f3 en que los europeos no quieren una \u201cguerra comercial\u201d y abog\u00f3 por el di\u00e1logo. \u201cMi esperanza y nuestro objetivo es que a trav\u00e9s de las negociaciones <strong>podamos limitar<\/strong> los aranceles que ha presentado Estados Unidos\u201d, se\u00f1al\u00f3.<\/p>\n<figure><figcaption>El primer ministro sueco, Ulf Kristersson. Magnus Lejhall  \u2013 TT News Agency <\/figcaption><\/figure>\n<p><strong>Gran Breta\u00f1a<\/strong> se\u00f1al\u00f3 por su parte que tiene la intenci\u00f3n de llegar a un acuerdo con Estados Unidos para <strong>\u201cmitigar\u201d el impacto de los aranceles<\/strong>, seg\u00fan declaraciones el ministro brit\u00e1nico de Comercio, Jonathan Reynolds.<\/p>\n<p>\u201cEstados Unidos es nuestro aliado m\u00e1s cercano, pensamos que <strong>debemos estar calmados<\/strong> y comprometernos en lograr este acuerdo que, esperemos, mitigue el impacto de lo que fue anunciado hoy\u201d, declar\u00f3 Reynolds.<\/p>\n<p>\u201cTenemos una serie de herramientas a nuestra disposici\u00f3n y <strong>no dudaremos en actuar.<\/strong> Seguiremos dialogando con las empresas brit\u00e1nicas, incluso sobre su evaluaci\u00f3n del impacto de cualquier nueva medida que adoptemos\u201d, subray\u00f3.<\/p>\n<p>En Am\u00e9rica Latina, mientras se aguarda la respuesta de M\u00e9xico, <strong>el Congreso de Brasil aprob\u00f3 por unanimidad un proyecto que otorga herramientas al presidente Luiz Inacio Lula da Silva<\/strong> para responder a las barreras comerciales de Estados Unidos. Bautizada como <strong>\u201cley de reciprocidad econ\u00f3mica\u201d,<\/strong> la medida fue aprobada por todos los partidos de la C\u00e1mara de Diputados, tras pasar el visto bueno del Senado.<\/p>\n<figure><figcaption>Luiz Inacio Lula da Silva, en Hanoi, Vietnam. (AP\/Minh Hoang, Pool)Minh Hoang  \u2013 AP POOL <\/figcaption><\/figure>\n<p>Se espera que, si no hay acuerdo entre los dos pa\u00edses, <strong>Brasil recurra a la Organizaci\u00f3n Mundial del Comercio (OMC).<\/strong> Otra v\u00eda ser\u00eda <strong>tomar represalias<\/strong> contra Estados Unidos aumentando los aranceles y adoptando tambi\u00e9n medidas en un \u00e1mbito sensible para los norteamericanos<strong>: la propiedad intelectual.<\/strong> Podr\u00eda tratarse de gravar pel\u00edculas, musicales y libros y anular patentes de medicamentos.<\/p>\n<p>En paralelo a la reacci\u00f3n de los gobiernos, las se\u00f1ales negativas de <strong>las bolsas mundiales <\/strong>mostraron que la magnitud de los aranceles que anunci\u00f3 Trump sorprendi\u00f3 a algunos inversores.<\/p>\n<p>Wall Street se estremeci\u00f3 con el anuncio de aranceles generalizados a pa\u00edses de todo el mundo, <strong>con impuestos m\u00e1s altos a las importaciones de lo que los inversores esperaban,<\/strong> lo que ya empez\u00f3 a impactar en los mercados globales.<\/p>\n<p>Los futuros sobre el Standard &amp; Poor\u2019s 500, que permiten a los inversores negociar el \u00edndice fuera de las horas normales de negociaci\u00f3n, <strong>cayeron 1,6%,<\/strong> mientras que las referencias burs\u00e1tiles mundiales tambi\u00e9n se vieron presionadas. Los futuros del \u00edndice japon\u00e9s Nikkei 225 <strong>cayeron 2%<\/strong> antes de la apertura de los mercados asi\u00e1ticos.<\/p>\n<p>La reacci\u00f3n inicial del mercado sugiri\u00f3 que la magnitud de los aranceles hab\u00eda sido una sorpresa, <strong>y los analistas a\u00fan intentaban averiguar c\u00f3mo se hab\u00edan obtenido las cifras que mostr\u00f3 Trump<\/strong> en una tabla (luego la Casa Blanca difundi\u00f3 la lista de aranceles con 185 pa\u00edses y territorios). Poco despu\u00e9s del anuncio, algunos analistas segu\u00edan confusos sobre las cifras citadas por la administraci\u00f3n republicana.<\/p>\n<p><strong>\u201cCreo que las cifras son escandalosamente altas en comparaci\u00f3n con lo que la gente esperaba y es inexplicable en muchos sentidos\u201d,<\/strong> estim\u00f3 Peter Tchir, jefe de estrategia macro de Academy Securities, citado por <em>The New York Times.<\/em> <strong>\u201cCreo que es un desastre\u201d.<\/strong><\/p>\n<p>Otros concluyeron que los elevados niveles eran el punto de partida de nuevas negociaciones.<\/p>\n<p><strong>\u201cLos aranceles exorbitantes pa\u00eds por pa\u00eds gritan \u2018t\u00e1ctica de negociaci\u00f3n\u2019, lo que mantendr\u00e1 a los mercados en vilo en el futuro inmediato\u201d,<\/strong> afirm\u00f3 Adam Hetts, responsable mundial de multiactivos de Janus Henderson Investors. \u201cAfortunadamente, esto significa que <strong>hay<\/strong> <strong>un margen sustancial para bajar los aranceles<\/strong> a partir de ahora\u201d, a\u00f1adi\u00f3.<\/p>\n<p>Los mercados burs\u00e1tiles de todo el mundo han estado agitados en las \u00faltimas semanas, <strong>ya que los inversores se vieron sacudidos por los mensajes contradictorios de la administraci\u00f3n Trump sobre los aranceles,<\/strong> finalmente anunciados este mi\u00e9rcoles.<\/p>\n<p>La incertidumbre en torno a los niveles arancelarios ha dejado a los inversores incapaces de evaluar las posibles ramificaciones para los consumidores, las empresas y la econom\u00eda en general.<\/p>\n<p><strong>\u201cEste \u2018D\u00eda de la Liberaci\u00f3n\u2019, yo lo llamo arancel-palooza\u201d,<\/strong> dijo George Goncalves, jefe de estrategia macro de Estados Unidos en MUFG Securities, y agreg\u00f3 que se hab\u00eda hecho <strong>\u201cmucho da\u00f1o\u201d<\/strong> a la <strong>\u201cpsicolog\u00eda de este mercado\u201d.<\/strong><\/p>\n<p>Hasta el mi\u00e9rcoles, <strong>el S&amp;P 500 hab\u00eda ca\u00eddo un 7,7% por debajo de su m\u00e1ximo m\u00e1s reciente de febrero.<\/strong> Desde ese m\u00e1ximo del 19 de febrero hasta finales de marzo, cayero diez de los 11 sectores.<\/p>\n<p>El \u00edndice compuesto del <strong>Nasdaq,<\/strong> que est\u00e1 repleto de valores tecnol\u00f3gicos que se han visto presionados durante la \u00faltima oleada de ventas, cay\u00f3 a\u00fan m\u00e1s, <strong>casi un 13% <\/strong>desde su m\u00e1ximo de diciembre.<\/p>\n<p><strong>Agencias AP, AFP y Reuters<\/strong><\/p>\n<p>  Conforme a <strong> los criterios de<\/strong><\/p>\n","protected":false},"excerpt":{"rendered":"<p>WASHINGTON.- El cimbronazo arancelario de alcance universal que anunci\u00f3 este mi\u00e9rcoles Donald Trump desat\u00f3 un aluvi\u00f3n de reacciones en la comunidad internacional, afectada en su totalidad por una bater\u00eda de tarifas que van desde el 10% de base a cerca del 50% en los casos m\u00e1s extremos. El anuncio tuvo tambi\u00e9n repercusiones en los mercados [&hellip;]<\/p>\n","protected":false},"author":2,"featured_media":142640,"comment_status":"closed","ping_status":"closed","sticky":false,"template":"","format":"standard","meta":{"footnotes":""},"categories":[33],"tags":[],"class_list":["post-142639","post","type-post","status-publish","format-standard","has-post-thumbnail","hentry","category-el-mundo"],"_links":{"self":[{"href":"https:\/\/radioacuariofm.com.ar\/index.php?rest_route=\/wp\/v2\/posts\/142639","targetHints":{"allow":["GET"]}}],"collection":[{"href":"https:\/\/radioacuariofm.com.ar\/index.php?rest_route=\/wp\/v2\/posts"}],"about":[{"href":"https:\/\/radioacuariofm.com.ar\/index.php?rest_route=\/wp\/v2\/types\/post"}],"author":[{"embeddable":true,"href":"https:\/\/radioacuariofm.com.ar\/index.php?rest_route=\/wp\/v2\/users\/2"}],"replies":[{"embeddable":true,"href":"https:\/\/radioacuariofm.com.ar\/index.php?rest_route=%2Fwp%2Fv2%2Fcomments&post=142639"}],"version-history":[{"count":1,"href":"https:\/\/radioacuariofm.com.ar\/index.php?rest_route=\/wp\/v2\/posts\/142639\/revisions"}],"predecessor-version":[{"id":142642,"href":"https:\/\/radioacuariofm.com.ar\/index.php?rest_route=\/wp\/v2\/posts\/142639\/revisions\/142642"}],"wp:featuredmedia":[{"embeddable":true,"href":"https:\/\/radioacuariofm.com.ar\/index.php?rest_route=\/wp\/v2\/media\/142640"}],"wp:attachment":[{"href":"https:\/\/radioacuariofm.com.ar\/index.php?rest_route=%2Fwp%2Fv2%2Fmedia&parent=142639"}],"wp:term":[{"taxonomy":"category","embeddable":true,"href":"https:\/\/radioacuariofm.com.ar\/index.php?rest_route=%2Fwp%2Fv2%2Fcategories&post=142639"},{"taxonomy":"post_tag","embeddable":true,"href":"https:\/\/radioacuariofm.com.ar\/index.php?rest_route=%2Fwp%2Fv2%2Ftags&post=142639"}],"curies":[{"name":"wp","href":"https:\/\/api.w.org\/{rel}","templated":true}]}}