{"id":142109,"date":"2025-04-01T21:30:55","date_gmt":"2025-04-02T00:30:55","guid":{"rendered":"https:\/\/radioacuariofm.com.ar\/?p=142109"},"modified":"2025-04-01T21:30:58","modified_gmt":"2025-04-02T00:30:58","slug":"como-se-prepara-el-mundo-para-el-drastico-giro-proteccionista-de-trump-con-el-dia-de-la-liberacion-2","status":"publish","type":"post","link":"https:\/\/radioacuariofm.com.ar\/?p=142109","title":{"rendered":"C\u00f3mo se prepara el mundo para el dr\u00e1stico giro proteccionista de Trump con el \u201cD\u00eda de la Liberaci\u00f3n\u201d"},"content":{"rendered":"<p><img decoding=\"async\" src=\"https:\/\/radioacuariofm.com.ar\/wp-content\/uploads\/2025\/04\/el-presidente-donald-trump-al-hablar-con-5RUHEXRWYBEO3IC6V2HYMT377A-1.jpg\"\/><\/p>\n<p><\/p>\n<p>WASHINGTON.- El controvertido \u201cD\u00eda de la Liberaci\u00f3n\u201d <strong>arancelaria de Estados Unidos que proclam\u00f3 Donald Trump<\/strong> para el mi\u00e9rcoles<strong> tiene en vilo al resto del mundo<\/strong>, que se dispone a enfrentar el nuevo escenario con medidas que les permitan amortiguar e, incluso, devolver el golpe a las nuevas medidas, que podr\u00edan trastocar el sistema comercial global.<\/p>\n<p>\u201cA partir de ma\u00f1ana se acabaron los d\u00edas en los que se estafa a Estados Unidos\u201d, sostuvo la vocera de la Casa Blanca, Karoline Leavitt, en una conferencia de prensa, en la que a\u00f1adi\u00f3 que los aranceles<strong> \u201cse har\u00e1n efectivos inmediatamente\u201d<\/strong> una vez que se anuncien, este mi\u00e9rcoles a las 16 (hora local, 17 en la Argentina). Washington no dio detalles sobre el tama\u00f1o y el alcance de las barreras comerciales, que tienen a gobiernos, empresas, consumidores e inversores preocupados por la intensificaci\u00f3n de la guerra comercial global.<\/p>\n<p><strong>Canad\u00e1<\/strong>, el vecino con el que Estados Unidos comparte una de las m\u00e1s extensas fronteras del mundo y uno de sus principales socios comerciales, prometi\u00f3 responder con <strong>aranceles de represalia<\/strong> si se materializa el anuncio de Trump.<\/p>\n<p><strong>\u201cResponderemos a medidas adicionales\u201d<\/strong>, dijo el primer ministro canadiense <strong>Mark Carney<\/strong> a los periodistas este martes. \u201cPondremos en marcha medidas de represalia si hay medidas adicionales contra Canad\u00e1 ma\u00f1ana\u201d, agreg\u00f3.<\/p>\n<figure><figcaption>El primer ministro canadiense, Mark Carney ANDREJ IVANOV  \u2013 AFP <\/figcaption><\/figure>\n<p>Desde la otra frontera, M\u00e9xico, <strong>que destina cerca del 80% de sus exportaciones a Estados Unidos,<\/strong> tambi\u00e9n reaccion\u00f3 con alarma, aunque la presidenta <strong>Claudia Sheinbaum<\/strong> dijo que no cre\u00eda en la m\u00e1xima \u201cojo por ojo, diente por diente\u201d, porque \u201ceso siempre lleva a una mala situaci\u00f3n\u201d.<\/p>\n<p><strong>\u201cPor supuesto que se toman medidas, porque se toman medidas del otro lado, pero tiene que continuar el di\u00e1logo\u201d<\/strong>, a\u00f1adi\u00f3 la presidenta, y dijo que su gobierno anunciar\u00e1 una respuesta el jueves.<\/p>\n<p>Carney y Sheinbaum sostuvieron este martes una conversaci\u00f3n sobre los aranceles de Washington. \u201cCon los tiempos dif\u00edciles que se avecinan, el primer ministro y la presidenta <strong>enfatizaron la importancia de salvaguardar la competitividad de Am\u00e9rica del Norte,<\/strong> respetando la soberan\u00eda de cada naci\u00f3n\u201d, declar\u00f3 la oficina de Carney en un comunicado.<\/p>\n<p>Brasil, el gigante de la econom\u00eda latinoamericana, <strong>se dijo abierto a negociar con Estados Unidos.<\/strong> En declaraciones a la prensa, el ministro de Hacienda, <strong>Fernando Haddad,<\/strong> dijo que se mantiene a la expectativa sobre los detalles concretos de lo que podr\u00eda anunciarse para Brasil.<\/p>\n<figure><figcaption>Claudia Sheinbaum y Donald Trump Collage: AP \u2013 (Pool v\u00eda AP)<\/figcaption><\/figure>\n<p>\u201cTenemos una asociaci\u00f3n con Estados Unidos y seguiremos abordando las negociaciones con apertura, con el objetivo de lograr <strong>la prosperidad mutua<\/strong> en nuestras relaciones bilaterales\u201d, afirm\u00f3 con diplomacia.<\/p>\n<p>La Uni\u00f3n Europea (UE) advirti\u00f3, por su parte, que no tomar\u00edan necesariamente medidas de represalia, aunque <strong>est\u00e1 preparada para hacerlo <\/strong>si las circunstancias se lo exigen.<\/p>\n<p>En una intervenci\u00f3n en el Parlamento Europeo en Estrasburgo, la presidenta de la Comisi\u00f3n Europea (CE), <strong>Ursula von der Leyen,<\/strong> dijo que el bloque tiene fuerza para <strong>\u201ccontraatacar\u201d<\/strong> y tiene un <strong>\u201cplan s\u00f3lido\u201d<\/strong> frente a los aranceles que se dispone a lanzar Trump.<\/p>\n<p>\u201cTiene que quedar claro: <strong>Europa no ha iniciado esta confrontaci\u00f3n.<\/strong> No queremos necesariamente tomar represalias, pero tenemos un plan s\u00f3lido para hacerlo si es necesario\u201d, sostuvo Von der Leyen, tras subrayar que la UE <strong>\u201ctiene todo lo necesario\u201d<\/strong> para proteger a los ciudadanos y la prosperidad europea.<\/p>\n<p>Von der Leyen dijo que lo prioritario era la <strong>\u201cunidad y la determinaci\u00f3n\u201d<\/strong> de los europeos, por lo que defendi\u00f3 sus contactos con los l\u00edderes de la UE sobre <strong>\u201clos pr\u00f3ximos pasos\u201d <\/strong>a dar. <strong>\u201cEvaluaremos cuidadosamente los anuncios de ma\u00f1ana para calibrar nuestra respuesta\u201d,<\/strong> se\u00f1al\u00f3.<\/p>\n<figure><figcaption>La presidenta de la Comisi\u00f3n Europea, Ursula von der LeyenPascal Bastien \u2013 AP<\/figcaption><\/figure>\n<p>La funcionaria reiter\u00f3 adem\u00e1s que la UE conforma el mayor mercado \u00fanico del mundo y que tiene <strong>\u201cla fuerza para negociar y para contraatacar\u201d<\/strong>.<\/p>\n<p>\u201cLos ciudadanos de Europa deben saberlo: juntos <strong>promoveremos y defenderemos siempre nuestros intereses y valores<\/strong> y siempre defenderemos a Europa\u201d, concluy\u00f3.<\/p>\n<p>Tambi\u00e9n a nivel individual los pa\u00edses miembros de la UE se disponen a atenuar el posible impacto arancelario. Tal es el caso de Espa\u00f1a, donde el presidente <strong>Pedro S\u00e1nchez<\/strong> anunci\u00f3 la semana pasada en el Congreso un <strong>Plan de Contingencia<\/strong> para proteger a los afectados por las medidas arancelarias de Estados Unidos. Las medidas todav\u00eda no est\u00e1n cerradas y el Ejecutivo las ajustar\u00e1 en funci\u00f3n de la gravedad de las imposiciones que finalmente anuncie Trump.<\/p>\n<p>S\u00e1nchez insisti\u00f3 en que esta guerra comercial no es deseable, pero asegur\u00f3 que Bruselas <strong>-que es quien tiene las competencias comerciales en la UE-<\/strong> dar\u00e1 la respuesta necesaria. \u201cLa UE es una potencia y responder\u00e1 como una potencia\u201d, advirti\u00f3.<\/p>\n<p>Gran Breta\u00f1a, que est\u00e1 fuera de la UE desde el Brexit y buscar\u00e1 una soluci\u00f3n por su cuenta, <strong>dijo por su parte confiar en que los aranceles de Estados Unidos se reviertan en breve, <\/strong>si ambas partes llegan a un acuerdo econ\u00f3mico basado en la tecnolog\u00eda.<\/p>\n<figure><figcaption>El primer ministro de Reino Unido, Keir StarmerStefan Rousseau \u2013 PA<\/figcaption><\/figure>\n<p>El ministro de Comercio, Jonathan Reynolds, dijo que Gran Breta\u00f1a seguir\u00e1 negociando una nueva alianza econ\u00f3mica para ayudar a garantizar exenciones despu\u00e9s de que entren en vigor los grav\u00e1menes. <strong>Dijo adem\u00e1s tener esperanzas en que un acuerdo conduzca a la eliminaci\u00f3n de los aranceles en semanas o meses. <\/strong>Pero advirti\u00f3 que cuanto m\u00e1s se tardara en llegar a un acuerdo, m\u00e1s probable ser\u00eda que Londres tuviera que imponer aranceles de represalia.<\/p>\n<p>Por el lado de las potencias asi\u00e1ticas, <strong>China ya impuso grav\u00e1menes a productos estadounidenses<\/strong>. El proteccionismo norteamericano tambi\u00e9n llev\u00f3 a que, durante el fin de semana <strong>China, Corea del Sur y Jap\u00f3n<\/strong> acordaran reforzar el libre comercio entre ellos.<\/p>\n<p>Jap\u00f3n anunci\u00f3 adem\u00e1s que pondr\u00e1 en funciones <strong>mil centros de consulta<\/strong> para las empresas de su pa\u00eds al tiempo que intenta conseguir un trato indulgente.<\/p>\n<figure><figcaption>El canciller chino Wang Yi; el ministro de Relaciones Exteriores japon\u00e9s, Takeshi Iwaya, y el canciller surcoreano, Cho Tae-yul, durante una reuni\u00f3n.Rodrigo Reyes Marin \u2013 ZUMA POOL<\/figcaption><\/figure>\n<p>Taiw\u00e1n, que depende de Estados Unidos para reforzar sus defensas ante la constante amenaza militar china, dijo sin embargo que ellos tambi\u00e9n preparan una respuesta. <strong>\u201cNuestras contramedidas han sido evaluadas y analizadas: por ejemplo, c\u00f3mo reaccionar\u00edamos a un arancel del 10% o del 25%\u201d,<\/strong> se\u00f1al\u00f3 el ministro de Econom\u00eda taiwan\u00e9s, Kuo Jyh-huei.<\/p>\n<p>Por su parte, Israel, <strong>para quien Estados Unidos es su principal aliado militar y socio comercial,<\/strong> mostr\u00f3 una jugada distinta y anunci\u00f3 la eliminaci\u00f3n de todos los grav\u00e1menes a los productos norteamericanos.<\/p>\n<p>Tambi\u00e9n es cierto que el acuerdo comercial entre Estados Unidos e Israel de 1985 ya estipula que la gran mayor\u00eda de los productos norteamericanos, <strong>cerca del 99%<\/strong>, est\u00e9n libres de aranceles, con lo que esta eliminaci\u00f3n de tasas afectar\u00e1 seg\u00fan el gobierno a \u201cun n\u00famero muy limitado de productos\u201d.<\/p>\n<p>El gobierno de Benjamin Netanyahu se\u00f1al\u00f3 que esta medida va encaminada no solo a <strong>\u201campliar el acuerdo comercial\u201d<\/strong> entre ambos pa\u00edses, sino tambi\u00e9n a \u201cfortalecer las relaciones estrat\u00e9gicas\u201d con Estados Unidos.<\/p>\n<p><strong>Agencias AP, AFP, Reuters, DPA y ANSA<\/strong><\/p>\n<p>  Conforme a <strong> los criterios de<\/strong><\/p>\n","protected":false},"excerpt":{"rendered":"<p>WASHINGTON.- El controvertido \u201cD\u00eda de la Liberaci\u00f3n\u201d arancelaria de Estados Unidos que proclam\u00f3 Donald Trump para el mi\u00e9rcoles tiene en vilo al resto del mundo, que se dispone a enfrentar el nuevo escenario con medidas que les permitan amortiguar e, incluso, devolver el golpe a las nuevas medidas, que podr\u00edan trastocar el sistema comercial global. [&hellip;]<\/p>\n","protected":false},"author":2,"featured_media":142110,"comment_status":"closed","ping_status":"closed","sticky":false,"template":"","format":"standard","meta":{"footnotes":""},"categories":[33],"tags":[],"class_list":["post-142109","post","type-post","status-publish","format-standard","has-post-thumbnail","hentry","category-el-mundo"],"_links":{"self":[{"href":"https:\/\/radioacuariofm.com.ar\/index.php?rest_route=\/wp\/v2\/posts\/142109","targetHints":{"allow":["GET"]}}],"collection":[{"href":"https:\/\/radioacuariofm.com.ar\/index.php?rest_route=\/wp\/v2\/posts"}],"about":[{"href":"https:\/\/radioacuariofm.com.ar\/index.php?rest_route=\/wp\/v2\/types\/post"}],"author":[{"embeddable":true,"href":"https:\/\/radioacuariofm.com.ar\/index.php?rest_route=\/wp\/v2\/users\/2"}],"replies":[{"embeddable":true,"href":"https:\/\/radioacuariofm.com.ar\/index.php?rest_route=%2Fwp%2Fv2%2Fcomments&post=142109"}],"version-history":[{"count":1,"href":"https:\/\/radioacuariofm.com.ar\/index.php?rest_route=\/wp\/v2\/posts\/142109\/revisions"}],"predecessor-version":[{"id":142112,"href":"https:\/\/radioacuariofm.com.ar\/index.php?rest_route=\/wp\/v2\/posts\/142109\/revisions\/142112"}],"wp:featuredmedia":[{"embeddable":true,"href":"https:\/\/radioacuariofm.com.ar\/index.php?rest_route=\/wp\/v2\/media\/142110"}],"wp:attachment":[{"href":"https:\/\/radioacuariofm.com.ar\/index.php?rest_route=%2Fwp%2Fv2%2Fmedia&parent=142109"}],"wp:term":[{"taxonomy":"category","embeddable":true,"href":"https:\/\/radioacuariofm.com.ar\/index.php?rest_route=%2Fwp%2Fv2%2Fcategories&post=142109"},{"taxonomy":"post_tag","embeddable":true,"href":"https:\/\/radioacuariofm.com.ar\/index.php?rest_route=%2Fwp%2Fv2%2Ftags&post=142109"}],"curies":[{"name":"wp","href":"https:\/\/api.w.org\/{rel}","templated":true}]}}