{"id":140552,"date":"2025-02-25T19:49:49","date_gmt":"2025-02-25T22:49:49","guid":{"rendered":"https:\/\/radioacuariofm.com.ar\/?p=140552"},"modified":"2025-02-25T19:49:53","modified_gmt":"2025-02-25T22:49:53","slug":"se-conmemoro-el-247o-aniversario-del-nacimiento-de-san-martin","status":"publish","type":"post","link":"https:\/\/radioacuariofm.com.ar\/?p=140552","title":{"rendered":"Se conmemor\u00f3 el 247\u00ba aniversario del nacimiento de San Mart\u00edn"},"content":{"rendered":"<p><img decoding=\"async\" src=\"https:\/\/radioacuariofm.com.ar\/wp-content\/uploads\/2025\/02\/2a7ccb5d2928499d97e4f30829b9e34e_L-1.jpg\"\/>  <\/p>\n<p>El emplazamiento de la Celda Hist\u00f3rica fue el escenario de la actividad en recuerdo del nacimiento del General Jos\u00e9 de San Mart\u00edn, nombre clave en los procesos de independencia de Argentina y del continente latinoamericano. Su aniversario n\u00famero 247 fue una nueva oportunidad de rememorar el legado de una persona cuya valent\u00eda, determinaci\u00f3n y visi\u00f3n trascendieron las fronteras de Argentina.<\/p>\n<p>Durante el evento, la ministra de Gobierno Laura Palma expres\u00f3 su gratitud por la invitaci\u00f3n: \u201cAgradezco la posibilidad de participar en este acto que mantiene la memoria viva de uno de los h\u00e9roes del pa\u00eds, un pr\u00f3cer como Jos\u00e9 de San Mart\u00edn cuya figura nos debe dar orgullo como argentinos, al dar su vida para liberarnos, no solamente a la Argentina sino tambi\u00e9n a Chile y a Per\u00fa\u201d. Adem\u00e1s, Palma destac\u00f3 \u201cla importancia de quienes conocen su historia y la transmiten a los ni\u00f1os y los j\u00f3venes, para que no olvidemos a las personas que han hecho grande a nuestro pa\u00eds\u201d.<\/p>\n<p> <img decoding=\"async\" src=\"https:\/\/radioacuariofm.com.ar\/wp-content\/uploads\/2025\/02\/54349542197_2c56d79242_b.jpg\" alt=\"2025-02-25 GOBIERNO Gobierno acompa\u00f1\u00f3 la conmemoraci\u00f3n del 247\u00ba aniversario del nacimiento de San Mart\u00edn\"\/> <\/p>\n<p>Su discurso complet\u00f3 el de sus predecesores, el representante de la Asociaci\u00f3n Cultural Sanmartiniana Miguel Licciardi, el secretario de la Asociaci\u00f3n Carlos Basualdo y el teniente coronel Mart\u00edn Bucanan, quienes hicieron especial hincapi\u00e9 en la figura de San Mart\u00edn como estratega militar, pero tambi\u00e9n como representante de los valores de la independencia, la justicia y la libertad como pilares para la construcci\u00f3n de una regi\u00f3n libre y soberana. A su vez, las autoridades presentes hicieron sendas ofrendas florales en homenaje al Libertador.<\/p>\n<p>Estuvieron presentes en el acto el presidente del Concejo Deliberante de la Municipalidad de la Ciudad de San Juan, Elio Martos y concejales de la Ciudad; la subsecretaria de Cultura de la Ciudad Marcela Zegaib; el C\u00f3nsul de Chile, Mario Schiavone, el representante de la Delegaci\u00f3n Peruana-Argentina, Carlos Lagerte; la diputada nacional, Nancy Pic\u00f3n, el diputado provincial Juan de la Cruz C\u00f3rdoba; secretario de Gobierno, Justicia y Derechos Humanos, Juan Jos\u00e9 Dubos y la secretaria de Relaciones Institucionales del Ministerio de Gobierno Claudia Sarmiento; el jefe de la secci\u00f3n Inteligencia del RIM 22, Mauricio Prato; el secretario General de la Polic\u00eda de San Juan, Carlos Torres; el director de la Agencia Regional Federal Cuyo, Leonardo Bracamonte; director del Servicio Penitenciario Provincial, Enrique Delgado; representante de la Delegaci\u00f3n Naval San Juan, Gustavo Jerez; el representante de la Polic\u00eda de Seguridad Aeroportuaria, Mario Far\u00edas y Granaderos Reservistas de San Juan.<\/p>\n<p> <img decoding=\"async\" src=\"https:\/\/radioacuariofm.com.ar\/wp-content\/uploads\/2025\/02\/54350636324_7947c636ca_b.jpg\" alt=\"2025-02-25 GOBIERNO Gobierno acompa\u00f1\u00f3 la conmemoraci\u00f3n del 247\u00ba aniversario del nacimiento de San Mart\u00edn\"\/> <\/p>\n<p>Jos\u00e9 de San Mart\u00edn naci\u00f3 un 25 de febrero de 1778 en la ciudad de Yapey\u00fa, Corrientes, y desde temprana edad demostr\u00f3 un gran sentido del deber y una vocaci\u00f3n hacia la lucha por la libertad. Tras embarcarse en su carrera militar en Europa, regres\u00f3 a Sudam\u00e9rica para desempe\u00f1ar un papel decisivo en la Revoluci\u00f3n de Independencia. Su liderazgo se destac\u00f3 especialmente en la liberaci\u00f3n de Chile y Per\u00fa, con lo que consolid\u00f3 su lugar como uno de los mayores h\u00e9roes de la historia continental.<\/p>\n<p>La importancia de San Mart\u00edn radica en su visi\u00f3n estrat\u00e9gica y su capacidad para articular alianzas clave, como la hist\u00f3rica reuni\u00f3n con Sim\u00f3n Bol\u00edvar en Guayaquil, que permiti\u00f3 la consolidaci\u00f3n del proceso emancipador en Am\u00e9rica del Sur. A diferencia de otros l\u00edderes, San Mart\u00edn siempre prioriz\u00f3 la unidad de los pueblos latinoamericanos por encima de los intereses personales o nacionales.<\/p>\n","protected":false},"excerpt":{"rendered":"<p>El emplazamiento de la Celda Hist\u00f3rica fue el escenario de la actividad en recuerdo del nacimiento del General Jos\u00e9 de San Mart\u00edn, nombre clave en los procesos de independencia de Argentina y del continente latinoamericano. Su aniversario n\u00famero 247 fue una nueva oportunidad de rememorar el legado de una persona cuya valent\u00eda, determinaci\u00f3n y visi\u00f3n [&hellip;]<\/p>\n","protected":false},"author":2,"featured_media":140553,"comment_status":"closed","ping_status":"closed","sticky":false,"template":"","format":"standard","meta":{"footnotes":""},"categories":[27],"tags":[],"class_list":["post-140552","post","type-post","status-publish","format-standard","has-post-thumbnail","hentry","category-san-juan"],"_links":{"self":[{"href":"https:\/\/radioacuariofm.com.ar\/index.php?rest_route=\/wp\/v2\/posts\/140552","targetHints":{"allow":["GET"]}}],"collection":[{"href":"https:\/\/radioacuariofm.com.ar\/index.php?rest_route=\/wp\/v2\/posts"}],"about":[{"href":"https:\/\/radioacuariofm.com.ar\/index.php?rest_route=\/wp\/v2\/types\/post"}],"author":[{"embeddable":true,"href":"https:\/\/radioacuariofm.com.ar\/index.php?rest_route=\/wp\/v2\/users\/2"}],"replies":[{"embeddable":true,"href":"https:\/\/radioacuariofm.com.ar\/index.php?rest_route=%2Fwp%2Fv2%2Fcomments&post=140552"}],"version-history":[{"count":1,"href":"https:\/\/radioacuariofm.com.ar\/index.php?rest_route=\/wp\/v2\/posts\/140552\/revisions"}],"predecessor-version":[{"id":140557,"href":"https:\/\/radioacuariofm.com.ar\/index.php?rest_route=\/wp\/v2\/posts\/140552\/revisions\/140557"}],"wp:featuredmedia":[{"embeddable":true,"href":"https:\/\/radioacuariofm.com.ar\/index.php?rest_route=\/wp\/v2\/media\/140553"}],"wp:attachment":[{"href":"https:\/\/radioacuariofm.com.ar\/index.php?rest_route=%2Fwp%2Fv2%2Fmedia&parent=140552"}],"wp:term":[{"taxonomy":"category","embeddable":true,"href":"https:\/\/radioacuariofm.com.ar\/index.php?rest_route=%2Fwp%2Fv2%2Fcategories&post=140552"},{"taxonomy":"post_tag","embeddable":true,"href":"https:\/\/radioacuariofm.com.ar\/index.php?rest_route=%2Fwp%2Fv2%2Ftags&post=140552"}],"curies":[{"name":"wp","href":"https:\/\/api.w.org\/{rel}","templated":true}]}}