{"id":139333,"date":"2025-02-22T02:51:27","date_gmt":"2025-02-22T05:51:27","guid":{"rendered":"https:\/\/radioacuariofm.com.ar\/?p=139333"},"modified":"2025-02-22T02:51:32","modified_gmt":"2025-02-22T05:51:32","slug":"la-agencia-ap-demando-al-gobierno-de-trump-por-impedirle-a-sus-periodistas-acceder-a-eventos-oficiales","status":"publish","type":"post","link":"https:\/\/radioacuariofm.com.ar\/?p=139333","title":{"rendered":"La agencia AP demand\u00f3 al gobierno de Trump por impedirle a sus periodistas acceder a eventos oficiales"},"content":{"rendered":"<p><img decoding=\"async\" src=\"https:\/\/radioacuariofm.com.ar\/wp-content\/uploads\/2025\/02\/LmeQtS82G_2000x1500__1-1.jpg\"\/><\/p>\n<p><\/p>\n<p>La hist\u00f3rica agencia de noticias <strong>Associated Press<\/strong> (AP) present\u00f3 este viernes ante una Corte de Washington una <strong>demanda contra funcionarios del gobierno de Donald Trump<\/strong> para reclamar que vuelvan a permitirle a sus cronistas el acceso a eventos presidenciales, que les fue vedado recientemente porque este medio de comunicaci\u00f3n no cambi\u00f3 a\u00fan en sus textos el nombre de <strong>Golfo de M\u00e9xico<\/strong> al de Estados Unidos, como lo rebautiz\u00f3 el magnate.<\/p>\n<p>En su denuncia contra la jefa de despacho de la Casa Blanca, <strong>Susan Wiles, <\/strong>su adjunto, <strong>Taylor Budowich<\/strong>, y la secretaria de prensa,<strong> Karoline Leavitt, <\/strong>la agencia advirti\u00f3 que en base a principios constitucionales <strong>\u201cla prensa y todas las personas<\/strong> en Estados Unidos tienen el <strong>derecho de elegir <\/strong>sus propias palabras y <strong>no ser objeto de represalias<\/strong> por parte del gobierno\u201d.<\/p>\n<p>La agencia de noticias fundada en 1846 asegur\u00f3 que el bloqueo contra sus periodistas <strong>comenz\u00f3 hace 10 d\u00edas <\/strong>en un intento de la Casa Blanca de controlar el discurso por no cambiar en su l\u00ednea editorial la definici\u00f3n de \u201cGolfo de M\u00e9xico\u201d a \u201cGolfo de Estados Unidos\u201d como lo pidi\u00f3 Trump en enero, a poco de asumir como presidente, con un decreto.<\/p>\n<p>\u201cEste <strong>ataque contra la independencia editorial<\/strong> de la AP y su capacidad para recopilar e informar noticias ataca el n\u00facleo mismo de la Primera Enmienda\u201d de la Constituci\u00f3n de Estados Unidos, alert\u00f3 la agencia de noticias en su demanda en la que tambi\u00e9n pidi\u00f3 a la justicia \u201cremediarlo de inmediato\u201d.<\/p>\n<p>Si bien no hubo reacciones oficiales de la Casa Blanca ante la presentaci\u00f3n de la demanda, el propio <strong>Trump <\/strong>hab\u00eda confirmado el martes que a los periodistas de AP \u201ca mantenerlos fuera hasta que acepten que es el Golfo de Estados Unidos\u201d.<\/p>\n<p>Entre otros eventos, la gesti\u00f3n de Trump impidi\u00f3 que la AP asistiera a conferencias en la Casa Blanca y en Mar-a-Lago, o que volara en el Air Force One, el avi\u00f3n presidencial.<\/p>\n<p>Esta semana, alrededor de 40 organizaciones de noticias firmaron una carta organizada por la Asociaci\u00f3n de Corresponsales de la Casa Blanca en la que instaron a la presidencia a revertir su pol\u00edtica contra la AP.<\/p>\n<p>Asimismo, la agencia inform\u00f3 hoy que sus periodistas incluso hab\u00edan sido excluidos del llamado \u201cpool\u201d de periodistas que cubren eventos en espacios m\u00e1s peque\u00f1os de la Casa Blanca.<\/p>\n<p>Trump tambi\u00e9n lleg\u00f3 a tildar a los periodistas de AP como \u201c<strong>lun\u00e1ticos radicales de izquierda<\/strong>\u201d y consider\u00f3 que \u201cAssociated Press es una organizaci\u00f3n de tercera categor\u00eda con un nombre de primera categor\u00eda\u201d, seg\u00fan una entrevista que ofreci\u00f3 a Fox News d\u00edas atr\u00e1s, en la que opin\u00f3 que esta agencia \u201cquiere hacerse la interesante\u201d al no cambiar el nombre del golfo como \u00e9l dispuso.<\/p>\n","protected":false},"excerpt":{"rendered":"<p>La hist\u00f3rica agencia de noticias Associated Press (AP) present\u00f3 este viernes ante una Corte de Washington una demanda contra funcionarios del gobierno de Donald Trump para reclamar que vuelvan a permitirle a sus cronistas el acceso a eventos presidenciales, que les fue vedado recientemente porque este medio de comunicaci\u00f3n no cambi\u00f3 a\u00fan en sus textos [&hellip;]<\/p>\n","protected":false},"author":2,"featured_media":139334,"comment_status":"closed","ping_status":"closed","sticky":false,"template":"","format":"standard","meta":{"footnotes":""},"categories":[33],"tags":[],"class_list":["post-139333","post","type-post","status-publish","format-standard","has-post-thumbnail","hentry","category-el-mundo"],"_links":{"self":[{"href":"https:\/\/radioacuariofm.com.ar\/index.php?rest_route=\/wp\/v2\/posts\/139333","targetHints":{"allow":["GET"]}}],"collection":[{"href":"https:\/\/radioacuariofm.com.ar\/index.php?rest_route=\/wp\/v2\/posts"}],"about":[{"href":"https:\/\/radioacuariofm.com.ar\/index.php?rest_route=\/wp\/v2\/types\/post"}],"author":[{"embeddable":true,"href":"https:\/\/radioacuariofm.com.ar\/index.php?rest_route=\/wp\/v2\/users\/2"}],"replies":[{"embeddable":true,"href":"https:\/\/radioacuariofm.com.ar\/index.php?rest_route=%2Fwp%2Fv2%2Fcomments&post=139333"}],"version-history":[{"count":1,"href":"https:\/\/radioacuariofm.com.ar\/index.php?rest_route=\/wp\/v2\/posts\/139333\/revisions"}],"predecessor-version":[{"id":139336,"href":"https:\/\/radioacuariofm.com.ar\/index.php?rest_route=\/wp\/v2\/posts\/139333\/revisions\/139336"}],"wp:featuredmedia":[{"embeddable":true,"href":"https:\/\/radioacuariofm.com.ar\/index.php?rest_route=\/wp\/v2\/media\/139334"}],"wp:attachment":[{"href":"https:\/\/radioacuariofm.com.ar\/index.php?rest_route=%2Fwp%2Fv2%2Fmedia&parent=139333"}],"wp:term":[{"taxonomy":"category","embeddable":true,"href":"https:\/\/radioacuariofm.com.ar\/index.php?rest_route=%2Fwp%2Fv2%2Fcategories&post=139333"},{"taxonomy":"post_tag","embeddable":true,"href":"https:\/\/radioacuariofm.com.ar\/index.php?rest_route=%2Fwp%2Fv2%2Ftags&post=139333"}],"curies":[{"name":"wp","href":"https:\/\/api.w.org\/{rel}","templated":true}]}}