{"id":136036,"date":"2025-02-13T14:49:47","date_gmt":"2025-02-13T17:49:47","guid":{"rendered":"https:\/\/radioacuariofm.com.ar\/?p=136036"},"modified":"2025-02-13T14:49:49","modified_gmt":"2025-02-13T17:49:49","slug":"mateo-maldonado-se-prepara-para-el-sudamericano-y-el-selectivo-panamericano","status":"publish","type":"post","link":"https:\/\/radioacuariofm.com.ar\/?p=136036","title":{"rendered":"Mateo Maldonado se prepara para el Sudamericano y el selectivo Panamericano"},"content":{"rendered":"<p><img decoding=\"async\" src=\"https:\/\/radioacuariofm.com.ar\/wp-content\/uploads\/2025\/02\/04bd50792248cf51a0bee5485583d987_L-1.jpg\"\/>  <\/p>\n<p>El pasado s\u00e1bado 8 de febrero finaliz\u00f3 en Mar del Plata la <strong>60\u00b0 Semana Internacional del Yachting, con Mateo Maldonado representando a San Juan<\/strong>, pero con la intensi\u00f3n clara de lograr la mejor forma de cara a dos objetivos a corto plazo: <strong>El sudamericano de Paracas en Per\u00fa y la clasificaci\u00f3n a los Juegos Panamericanos Junior en Asunci\u00f3n Paraguay.<\/strong><\/p>\n<p>Con respecto a su participaci\u00f3n en Mar del Plata, Mateo nos coment\u00f3: \u201cNos metimos en la Medal Race, que es la final, con los 10 mejores, as\u00ed que la verdad bien, qued\u00e9 sexto en la general, me qued\u00e9 ah\u00ed a un pasito, pero bueno, era un campeonato m\u00e1s que nada de fogueo y ver, un poco de testear cosas para lo que se viene\u201d sentenci\u00f3 el timonel sanjuanino que participa en la clase ILCA7.<\/p>\n<p>Mateo regres\u00f3 a la provincia y entrenando en los diques sanjuaninos, en Ullum o Punta Negra, se prepara intensamente para afrontar en marzo dos compromisos claves: \u201cMe queda el sudamericano, ahora a principios de marzo, y despu\u00e9s empieza el selectivo para los Juegos Panamericanos Junior\u201d. El Sudamericano se realizar\u00e1 en Paracas, Per\u00fa del 3 al 10 de marzo, lugar que le sienta muy bien a Mateo, ya que aqu\u00ed se coron\u00f3 campe\u00f3n sudamericano sub 19.<\/p>\n<p>Con respecto al selectivo para los Juegos Panamericanos Junior, se realizar\u00e1n dos campeonatos en Buenos Aires, uno en marzo y otro en abril y de aqu\u00ed saldr\u00e1 el representante argentino, un chicana burocr\u00e1tica de la Federaci\u00f3n Argentina de Yachting, ya que fue <strong>Mateo fue quien gan\u00f3 la plaza argentina, al imponerse en enero pasado, en el Mayan Wind Fest en Canc\u00fan M\u00e9xico<\/strong>, por lo que deber\u00eda ser el representante argentino en Asunci\u00f3n.<\/p>\n<p>Tratando de entrenar en la provincia, utilizando nuestros espejos de agua, muy diferentes a los escenarios de las regatas que enfrentar\u00e1, finalmente Mateo reflexiona: \u201cFue linda semana en Mar del Plata, mucho viento, y nos metimos en la Medal Race, as\u00ed que contento. Ahora nada, a seguir entrenando y llegar mejor al sudamericano, ya para ir afinando detalles hacia marzo y abril\u201d sentenci\u00f3 el velerista que se mantiene como el mejor Sub 23 del pa\u00eds.<\/p>\n","protected":false},"excerpt":{"rendered":"<p>El pasado s\u00e1bado 8 de febrero finaliz\u00f3 en Mar del Plata la 60\u00b0 Semana Internacional del Yachting, con Mateo Maldonado representando a San Juan, pero con la intensi\u00f3n clara de lograr la mejor forma de cara a dos objetivos a corto plazo: El sudamericano de Paracas en Per\u00fa y la clasificaci\u00f3n a los Juegos Panamericanos [&hellip;]<\/p>\n","protected":false},"author":2,"featured_media":136037,"comment_status":"closed","ping_status":"closed","sticky":false,"template":"","format":"standard","meta":{"footnotes":""},"categories":[27],"tags":[],"class_list":["post-136036","post","type-post","status-publish","format-standard","has-post-thumbnail","hentry","category-san-juan"],"_links":{"self":[{"href":"https:\/\/radioacuariofm.com.ar\/index.php?rest_route=\/wp\/v2\/posts\/136036","targetHints":{"allow":["GET"]}}],"collection":[{"href":"https:\/\/radioacuariofm.com.ar\/index.php?rest_route=\/wp\/v2\/posts"}],"about":[{"href":"https:\/\/radioacuariofm.com.ar\/index.php?rest_route=\/wp\/v2\/types\/post"}],"author":[{"embeddable":true,"href":"https:\/\/radioacuariofm.com.ar\/index.php?rest_route=\/wp\/v2\/users\/2"}],"replies":[{"embeddable":true,"href":"https:\/\/radioacuariofm.com.ar\/index.php?rest_route=%2Fwp%2Fv2%2Fcomments&post=136036"}],"version-history":[{"count":1,"href":"https:\/\/radioacuariofm.com.ar\/index.php?rest_route=\/wp\/v2\/posts\/136036\/revisions"}],"predecessor-version":[{"id":136039,"href":"https:\/\/radioacuariofm.com.ar\/index.php?rest_route=\/wp\/v2\/posts\/136036\/revisions\/136039"}],"wp:featuredmedia":[{"embeddable":true,"href":"https:\/\/radioacuariofm.com.ar\/index.php?rest_route=\/wp\/v2\/media\/136037"}],"wp:attachment":[{"href":"https:\/\/radioacuariofm.com.ar\/index.php?rest_route=%2Fwp%2Fv2%2Fmedia&parent=136036"}],"wp:term":[{"taxonomy":"category","embeddable":true,"href":"https:\/\/radioacuariofm.com.ar\/index.php?rest_route=%2Fwp%2Fv2%2Fcategories&post=136036"},{"taxonomy":"post_tag","embeddable":true,"href":"https:\/\/radioacuariofm.com.ar\/index.php?rest_route=%2Fwp%2Fv2%2Ftags&post=136036"}],"curies":[{"name":"wp","href":"https:\/\/api.w.org\/{rel}","templated":true}]}}