{"id":135346,"date":"2025-02-12T04:20:41","date_gmt":"2025-02-12T07:20:41","guid":{"rendered":"https:\/\/radioacuariofm.com.ar\/?p=135346"},"modified":"2025-02-12T04:20:46","modified_gmt":"2025-02-12T07:20:46","slug":"ya-en-campana-el-gobierno-prepara-un-codigo-penal-mucho-mas-duro","status":"publish","type":"post","link":"https:\/\/radioacuariofm.com.ar\/?p=135346","title":{"rendered":"ya en campa\u00f1a, el Gobierno prepara un c\u00f3digo penal mucho m\u00e1s duro"},"content":{"rendered":"<p><img decoding=\"async\" src=\"https:\/\/radioacuariofm.com.ar\/wp-content\/uploads\/2025\/02\/EfgkMBi4s_2000x1500__1-1.jpg\"\/>   <\/p>\n<p>El Gobierno acelera en el a\u00f1o el electoral con propuestas que dif\u00edcilmente puedan ser debatidas o aprobadas en el Congreso y con la discusi\u00f3n por la inseguridad arriba de la mesa. \u201cEstamos estudiando un nuevo c\u00f3digo penal a corto plazo que <strong>podr\u00eda estar listo para el 1 de marzo<\/strong>, con la apertura de las sesiones ordinarias\u201d, explicaron en la mesa chica del Presidente. Se entusiasman con que sea el propio Presidente quien haga el anuncio frente a la Asamblea Legislativa.<\/p>\n<p>En algunos de los despachos m\u00e1s importantes de Balcarce 50 argumentan que en los \u00faltimos a\u00f1os el derecho penal \u201c<strong>fue muy condescendiente con los victimarios<\/strong>\u201c. Por eso, anticipan que el nuevo proyecto buscar\u00eda endurecer las penas para que, por ejemplo, la reclusi\u00f3n perpetua sea de pena efectiva sin el beneficio de extenderla como m\u00e1ximo hasta los 35 a\u00f1os.<\/p>\n<p>Funcionarios con <strong>acceso permanente al despacho presidencial<\/strong> explicitaron que el Gobierno pretende que <strong>el delito de violaci\u00f3n tambi\u00e9n sea penado con prisi\u00f3n perpetua<\/strong>. La iniciativa avanza al mismo tiempo que el proyecto de <strong>igualdad ante la ley<\/strong> que eliminar\u00eda la figura de femicidio, incorporada al c\u00f3digo. <\/p>\n<p>Las reformas del C\u00f3digo Penal -que <strong>ya tuvo 900 modificaciones desde su sanci\u00f3n en 1921<\/strong>\u2013 y del C\u00f3digo Procesal Penal hab\u00edan sido una promesa de campa\u00f1a del Presidente. El Gobierno cre\u00f3 una comisi\u00f3n de especialistas que redact\u00f3 el anteproyecto que a\u00fan no fue enviado al Congreso y que ahora podr\u00eda presentar el Presidente.<\/p>\n<p>Desde que asumi\u00f3 Milei se aceler\u00f3 la implementaci\u00f3n del sistema acusatorio (que les da un rol clave a los fiscales), que debe ser incorporado en otras jurisdicciones\/provincias, adem\u00e1s de las cuatro en las que ya est\u00e1 vigente. \u201cEstamos avanzando m\u00e1s r\u00e1pido que nadie en materia acusatoria en los \u00faltimos 20 a\u00f1os\u201d, dijeron cerca del Presidente<\/p>\n<p>El ministro de Justicia, <strong>Mariano C\u00faneo Libarona<\/strong>, explic\u00f3 el avance de la iniciativa que busca confrontar con el supuesto garantismo con el que el Gobierno quiere vincular a la oposici\u00f3n. <\/p>\n<p>\u201c<strong>Estoy trabajando en el C\u00f3digo Penal para que haya penas m\u00e1s duras<\/strong>. Robos con armas, homicidios, jueces que cometen cohecho con casos de narcotr\u00e1fico, corrupci\u00f3n, incendio, <strong>vamos por una pena que no sea excarcelable, un m\u00ednimo de cuatro a\u00f1os<\/strong>\u201c, resumi\u00f3 el funcionario en di\u00e1logo con TN.<\/p>\n<p>Parad\u00f3jicamente, el ministro hab\u00eda valorado el trabajo de las comisiones de reformas que presidieron <strong>Roberto Carl\u00e9s y Mariano Borinsky<\/strong> durante las presidencias de Cristina Kirchner y Mauricio Macri respectivamente. El juez de la C\u00e1mara de Casaci\u00f3n Penal, adem\u00e1s, fue incorporado a la comisi\u00f3n que elabor\u00f3 el anteproyecto.<\/p>\n<p>\u201cEl proyecto de c\u00f3digo tiene aumento sustancial de las escalas penales respecto de los <strong>delitos de corrupci\u00f3n<\/strong>. En especial, de los delitos de cohecho (pasivo y activo), soborno transnacional -en cumplimiento con la OCDE- y enriquecimiento il\u00edcito\u201d, escribi\u00f3 Borinsky sobre el texto.<\/p>\n<h2>Un sistema \u201cm\u00e1s punitivo\u201d y c\u00e1rceles privadas<\/h2>\n<p>En la Rosada piensan en modificaciones en el sistema penitenciario que durante esta gesti\u00f3n pas\u00f3 por primera vez a depender del Ministerio de Seguridad. \u201c<strong>Queremos un sistema penal m\u00e1s punitivo<\/strong> que castigue m\u00e1s a los delincuentes y que al mismo tiempo se puedan <strong>reinsertar m\u00e1s a la sociedad aquellos que est\u00e9n presos<\/strong>\u201c, valor\u00f3 un alto funcionario.<\/p>\n<p>Ponen como ejemplo la construcci\u00f3n de dos <strong>c\u00e1rceles de gesti\u00f3n privada<\/strong>, cuya puesta en marcha fue anunciada por Patricia Bullrich en 2024. \u201cEs necesario mayor infraestructura, leyes adecuadas y, por \u00faltimo, <strong>la reinserci\u00f3n de los presos en la sociedad<\/strong>\u201c, consignaron en el entorno del tri\u00e1ngulo de hierro presidencial.<\/p>\n<p>Seg\u00fan consignaron en la Cartera de Seguridad oportunamente, el proceso de resocializaci\u00f3n de los internos tambi\u00e9n quedar\u00eda bajo supervisi\u00f3n privada y el Estado solo deber\u00eda pagar un canon por cada recluso. <\/p>\n","protected":false},"excerpt":{"rendered":"<p>El Gobierno acelera en el a\u00f1o el electoral con propuestas que dif\u00edcilmente puedan ser debatidas o aprobadas en el Congreso y con la discusi\u00f3n por la inseguridad arriba de la mesa. \u201cEstamos estudiando un nuevo c\u00f3digo penal a corto plazo que podr\u00eda estar listo para el 1 de marzo, con la apertura de las sesiones [&hellip;]<\/p>\n","protected":false},"author":2,"featured_media":135347,"comment_status":"closed","ping_status":"closed","sticky":false,"template":"","format":"standard","meta":{"footnotes":""},"categories":[26],"tags":[],"class_list":["post-135346","post","type-post","status-publish","format-standard","has-post-thumbnail","hentry","category-politica"],"_links":{"self":[{"href":"https:\/\/radioacuariofm.com.ar\/index.php?rest_route=\/wp\/v2\/posts\/135346","targetHints":{"allow":["GET"]}}],"collection":[{"href":"https:\/\/radioacuariofm.com.ar\/index.php?rest_route=\/wp\/v2\/posts"}],"about":[{"href":"https:\/\/radioacuariofm.com.ar\/index.php?rest_route=\/wp\/v2\/types\/post"}],"author":[{"embeddable":true,"href":"https:\/\/radioacuariofm.com.ar\/index.php?rest_route=\/wp\/v2\/users\/2"}],"replies":[{"embeddable":true,"href":"https:\/\/radioacuariofm.com.ar\/index.php?rest_route=%2Fwp%2Fv2%2Fcomments&post=135346"}],"version-history":[{"count":1,"href":"https:\/\/radioacuariofm.com.ar\/index.php?rest_route=\/wp\/v2\/posts\/135346\/revisions"}],"predecessor-version":[{"id":135349,"href":"https:\/\/radioacuariofm.com.ar\/index.php?rest_route=\/wp\/v2\/posts\/135346\/revisions\/135349"}],"wp:featuredmedia":[{"embeddable":true,"href":"https:\/\/radioacuariofm.com.ar\/index.php?rest_route=\/wp\/v2\/media\/135347"}],"wp:attachment":[{"href":"https:\/\/radioacuariofm.com.ar\/index.php?rest_route=%2Fwp%2Fv2%2Fmedia&parent=135346"}],"wp:term":[{"taxonomy":"category","embeddable":true,"href":"https:\/\/radioacuariofm.com.ar\/index.php?rest_route=%2Fwp%2Fv2%2Fcategories&post=135346"},{"taxonomy":"post_tag","embeddable":true,"href":"https:\/\/radioacuariofm.com.ar\/index.php?rest_route=%2Fwp%2Fv2%2Ftags&post=135346"}],"curies":[{"name":"wp","href":"https:\/\/api.w.org\/{rel}","templated":true}]}}