{"id":135342,"date":"2025-02-12T04:20:35","date_gmt":"2025-02-12T07:20:35","guid":{"rendered":"https:\/\/radioacuariofm.com.ar\/?p=135342"},"modified":"2025-02-12T04:20:40","modified_gmt":"2025-02-12T07:20:40","slug":"el-gobierno-le-pidio-al-congreso-que-se-trate-el-pliego-de-alec-oxenford-como-embajador-en-estados-unidos","status":"publish","type":"post","link":"https:\/\/radioacuariofm.com.ar\/?p=135342","title":{"rendered":"El Gobierno le pidi\u00f3 al Congreso que se trate el pliego de Alec Oxenford como embajador en Estados Unidos"},"content":{"rendered":"<p><img decoding=\"async\" src=\"https:\/\/radioacuariofm.com.ar\/wp-content\/uploads\/2025\/02\/yQ_izNp4D_2000x1500__1-1.jpg\"\/>   <\/p>\n<p>A pocos d\u00edas del viaje que el presidente Javier Milei emprender\u00e1 el pr\u00f3ximo 19 a Washington, adonde buscar\u00e1 reunirse con su colega <strong>Donald Trump<\/strong>, la Canciller\u00eda envi\u00f3 al Senado el pliego de confirmaci\u00f3n como embajador ante los Estados Unidos de <strong>Alejandro \u201cAlec\u201d Oxenford<\/strong>.<\/p>\n<p>Empresario, emprendedor en el sector de las tecnolog\u00edas y coleccionista de arte, Oxenford fue designado sorpresivamente en noviembre pasado por Milei cuando se especulaba que lo ser\u00edan otros candidatos.<\/p>\n<p>  El mensaje enviado por el Poder Ejecutivo al Senado de la Naci\u00f3n pidiendo que se trate el pliego de Alec Oxenford como embajador ante los Estados Unidos  <\/p>\n<p>Su designaci\u00f3n se produjo tras la crisis de Milei con su canciller Diana Mondino por el voto afirmativo de la Argentina ante la Asamblea General de las Naciones Unidas a favor del levantamiento del embargo a Cuba que mantienen los Estados Unidos.<\/p>\n<p>Aunque voces de la Casa Rosada dieron luz verde al equipo de Mondino sin que el Presidente de la Naci\u00f3n lo supiera, Mondino termin\u00f3 despedida y el entonces embajador ante Estados Unidos del gobierno libertario el empresario Gerardo Werthein pas\u00f3 a ser Ministro de Relaciones Exteriores Comercio Internacional y Culto en el lugar de la economista cordobesa.<strong> Desde entonces la embajada est\u00e1 en manos de un diplom\u00e1tico.<\/strong><\/p>\n<p>Tambi\u00e9n qued\u00f3 por ahora en manos de una diplom\u00e1tica la representaci\u00f3n argentina ante la Organizaci\u00f3n de Estados Americanos. El lunes, Milei ech\u00f3 de all\u00ed a la embajadora Sonia Cavallo, enojado con su padre, el ex ministro de Econom\u00eda, Domingo Cavallo.<\/p>\n<p>Werthein tiene sobre Milei la influencia que no tuvo Mondino y el nombramiento de Oxenford tiene su marca, al igual que un reciente decreto que cre\u00f3 la figura de \u201cEmbajadores Comerciales\u201d que \u201cno responder\u00e1n al Estado\u201d.<\/p>\n<h2>A\u00fan sin estado parlamentario<\/h2>\n<p><strong>Si bien el mensaje con el pedido para que el pliego de Oxenford sea aprobado lleg\u00f3 este lunes, todav\u00eda no tom\u00f3 estado parlamentario como para que la Comisi\u00f3n de Acuerdos del Senado, que preside Guadalupe Tagliaferri (PRO) trate su caso.<\/strong><\/p>\n<p>Los mensajes del Poder Ejecutivo, para ser efectivos, tienen que tener estado parlamentario y eso sucede cuando son le\u00eddos en una sesi\u00f3n. Este lunes el Poder Ejecutivo envi\u00f3 el mensaje, pero a\u00fan no hubo sesi\u00f3n. Va a tomar estado parlamentario una vez que en el recinto, con los senadores, se lea el mensaje. Y a partir de ah\u00ed, la senadora Tagliaferri tendr\u00e1 un<strong> m\u00ednimo de siete d\u00edas para poder llamar a una audiencia.<\/strong><\/p>\n<p>El de Oxenford es el<strong> \u00fanico pliego de un embajador pol\u00edtico que llega al Congreso en casi un a\u00f1o<\/strong> pese a que hay otras embajadas que est\u00e1n sin jefatura, entre ellas la de Espa\u00f1a. Los nombramientos de embajadores diplom\u00e1ticos, casi inexistentes con el actual gobierno, no precisan pasar por el Senado.<\/p>\n<p><strong>Tal como ya lo hab\u00eda contado este diario, Oxeford es administrador de Empresas por la Universidad Cat\u00f3lica y con un MBA en la Universidad de Harvard. Es un emprendedor e inversor que cre\u00f3 una seguidilla de empresas tecnol\u00f3gicas, desde Dineromail.com a DeRemate.com, que termin\u00f3 vendiendo por US$ 40 millones a Mercado Libre, la empresa de su contempor\u00e1neo Marcos Galper\u00edn, con quien en esa \u00e9poca compet\u00edan cabeza a cabeza.<\/strong><\/p>\n<p>Tambi\u00e9n fund\u00f3 Letgo y la plataforma de clasificados OLX, que opera en todo el mundo. Y, m\u00e1s ac\u00e1 en el tiempo, participa de Myelin VC, un fondo de inversi\u00f3n creado por fundadores de emprendimientos exitosos que ayudan a nuevos startups; y es el cofundador de Alpha Capital Adquisition Company, con base en Brasil.<\/p>\n<p>\u201cAL H. SENADO DE LA NACI\u00d3N: Tengo el agrado de dirigirme con el objeto de solicitarle el Acuerdo correspondiente para nombrar Embajador Extraordinario y Plenipotenciario al se\u00f1or Alejandro Carlos Francisco Oxenford (D.N.I. N\u00b0 22.347.588), de conformidad con lo dispuesto por el art\u00edculo 5\u00b0 de la Ley del Servicio Exterior de la Naci\u00f3n N\u00b0 20.957 y sus modificatorias. Se acompa\u00f1a copia del DNI y Curr\u00edculum Vitae de la persona propuesta. Saludo con mi mayor consideraci\u00f3n\u201d, indica el mensaje enviado al Congreso por la Canciller\u00eda con fecha 10 de febrero y que firm\u00f3 el ministro Gerardo Werthein<\/p>\n","protected":false},"excerpt":{"rendered":"<p>A pocos d\u00edas del viaje que el presidente Javier Milei emprender\u00e1 el pr\u00f3ximo 19 a Washington, adonde buscar\u00e1 reunirse con su colega Donald Trump, la Canciller\u00eda envi\u00f3 al Senado el pliego de confirmaci\u00f3n como embajador ante los Estados Unidos de Alejandro \u201cAlec\u201d Oxenford. Empresario, emprendedor en el sector de las tecnolog\u00edas y coleccionista de arte, [&hellip;]<\/p>\n","protected":false},"author":2,"featured_media":135343,"comment_status":"closed","ping_status":"closed","sticky":false,"template":"","format":"standard","meta":{"footnotes":""},"categories":[26],"tags":[],"class_list":["post-135342","post","type-post","status-publish","format-standard","has-post-thumbnail","hentry","category-politica"],"_links":{"self":[{"href":"https:\/\/radioacuariofm.com.ar\/index.php?rest_route=\/wp\/v2\/posts\/135342","targetHints":{"allow":["GET"]}}],"collection":[{"href":"https:\/\/radioacuariofm.com.ar\/index.php?rest_route=\/wp\/v2\/posts"}],"about":[{"href":"https:\/\/radioacuariofm.com.ar\/index.php?rest_route=\/wp\/v2\/types\/post"}],"author":[{"embeddable":true,"href":"https:\/\/radioacuariofm.com.ar\/index.php?rest_route=\/wp\/v2\/users\/2"}],"replies":[{"embeddable":true,"href":"https:\/\/radioacuariofm.com.ar\/index.php?rest_route=%2Fwp%2Fv2%2Fcomments&post=135342"}],"version-history":[{"count":1,"href":"https:\/\/radioacuariofm.com.ar\/index.php?rest_route=\/wp\/v2\/posts\/135342\/revisions"}],"predecessor-version":[{"id":135345,"href":"https:\/\/radioacuariofm.com.ar\/index.php?rest_route=\/wp\/v2\/posts\/135342\/revisions\/135345"}],"wp:featuredmedia":[{"embeddable":true,"href":"https:\/\/radioacuariofm.com.ar\/index.php?rest_route=\/wp\/v2\/media\/135343"}],"wp:attachment":[{"href":"https:\/\/radioacuariofm.com.ar\/index.php?rest_route=%2Fwp%2Fv2%2Fmedia&parent=135342"}],"wp:term":[{"taxonomy":"category","embeddable":true,"href":"https:\/\/radioacuariofm.com.ar\/index.php?rest_route=%2Fwp%2Fv2%2Fcategories&post=135342"},{"taxonomy":"post_tag","embeddable":true,"href":"https:\/\/radioacuariofm.com.ar\/index.php?rest_route=%2Fwp%2Fv2%2Ftags&post=135342"}],"curies":[{"name":"wp","href":"https:\/\/api.w.org\/{rel}","templated":true}]}}