{"id":135233,"date":"2025-02-11T21:20:22","date_gmt":"2025-02-12T00:20:22","guid":{"rendered":"https:\/\/radioacuariofm.com.ar\/?p=135233"},"modified":"2025-02-11T21:20:25","modified_gmt":"2025-02-12T00:20:25","slug":"vance-arremete-contra-el-exceso-de-regulacion-de-la-inteligencia-artificial-en-una-cumbre-en-paris","status":"publish","type":"post","link":"https:\/\/radioacuariofm.com.ar\/?p=135233","title":{"rendered":"Vance arremete contra el \u201cexceso de regulaci\u00f3n\u201d de la Inteligencia Artificial en una cumbre en Par\u00eds"},"content":{"rendered":"<p><img decoding=\"async\" src=\"https:\/\/radioacuariofm.com.ar\/wp-content\/uploads\/2025\/02\/jd-vance-vicepresidente-de-estados-unidos-da-un-AD6ZTSAS3JB2HPHPM5TE3QRRUY-1.jpg\"\/><\/p>\n<p><\/p>\n<p>PAR\u00cdS.- El vicepresidente de Estados Unidos,<strong> JD Vance,<\/strong> quien encabeza la delegaci\u00f3n norteamericana en la<strong>cumbre de Par\u00eds sobre Inteligencia Artificial (IA)<\/strong><strong>, advirti\u00f3 el martes a los europeos que lo que llam\u00f3 su excesiva regulaci\u00f3n de la IA podr\u00eda estrangular la tecnolog\u00eda, y rechaz\u00f3 la moderaci\u00f3n de contenidos como \u201ccensura autoritaria\u201d.<\/strong><\/p>\n<p><strong>Este lunes y martes se llev\u00f3 a cabo en Par\u00eds la Cumbre de Acci\u00f3n sobre IA.<\/strong> Este evento re\u00fane a jefes de estado, organizaciones internacionales, empresas, acad\u00e9micos, investigadores y ONG, y<strong> Vance lleg\u00f3 con su familia a la ciudad para representar a Estados Unidos<\/strong>, en su primer viaje al extranjero desde que asumi\u00f3 el cargo, el 20 de enero.<\/p>\n<figure><figcaption>El vicepresidente de Estados Unidos, JD Vance, lleva en brazos a su hija Mirabel a su llegada al aeropuerto de Orly, para participar de la cumbre sobre IA en Par\u00eds, el lunes 10 de febrero de 2025.Thomas Padilla \u2013 AP<\/figcaption><\/figure>\n<p>Una se\u00f1al de divergencias sobre las normas para la IA fue que <strong>Estados Unidos y Gran Breta\u00f1a no firmaron la declaraci\u00f3n final.<\/strong><\/p>\n<p>El estado de \u00e1nimo en torno a la IA ha cambiado a medida que la tecnolog\u00eda se afianza, pasando de la preocupaci\u00f3n por la seguridad a la competencia geopol\u00edtica, ya que los pa\u00edses buscan tener al pr\u00f3ximo gran gigante de la inteligencia artificial.<\/p>\n<p>\u201c<strong>Haremos todo lo posible por fomentar pol\u00edticas que favorezcan el crecimiento de la IA<\/strong>\u201d, indic\u00f3 Vance en su discurso ante centenares de l\u00edderes, como los copresidentes de la cita, el primer ministro indio, Narendra Modi, y el presidente franc\u00e9s, Emmanuel Macron. \u201c<strong>Estados Unidos es l\u00edder en IA<\/strong>\u201d y la administraci\u00f3n del presidente <strong>Donald Trump<\/strong> \u201cpretende que siga si\u00e9ndolo\u201d, a\u00f1adi\u00f3.<\/p>\n<p>Vance tambi\u00e9n se\u00f1al\u00f3 que al gobierno de Trump le preocupa que algunos gobiernos extranjeros est\u00e9n considerando \u201capretar las tuercas\u201d a las empresas tecnol\u00f3gicas estadounidenses.<\/p>\n<p>Vance, al exponer la agenda \u201cEstados Unidos Primero\u201d del gobierno de Trump, dijo que ten\u00edan la intenci\u00f3n de seguir siendo la fuerza dominante en IA y <strong>se opuso firmemente al enfoque regulatorio mucho m\u00e1s estricto de la Uni\u00f3n Europea (UE)<\/strong>.<\/p>\n<p>\u201cEn este momento, enfrentamos la perspectiva extraordinaria de una nueva revoluci\u00f3n industrial, una a la altura de la invenci\u00f3n del motor a vapor\u201d, afirm\u00f3 Vance, aunque advirti\u00f3 que \u201c<strong>nunca ocurrir\u00e1, si la sobrerregulaci\u00f3n impide a los innovadores correr los riesgos necesarios para avanzar<\/strong>\u201d.<\/p>\n<figure><figcaption>\u201cUna regulaci\u00f3n excesiva del sector de la IA podr\u00eda acabar con una industria transformadora\u201d, dijo JD Vance en la Cumbre sobre IA en Par\u00eds, el 11 de febrero de 2025.Michel Euler \u2013 AP<\/figcaption><\/figure>\n<p>\u201c<strong>Creemos que una regulaci\u00f3n excesiva del sector de la IA podr\u00eda terminar con una industria transformadora<\/strong>\u201d, a\u00f1adi\u00f3 Vance. \u201cCreemos firmemente que la <strong>IA debe permanecer libre de prejuicios ideol\u00f3gicos <\/strong>y que la IA estadounidense <strong>no ser\u00e1 cooptada para convertirse en una herramienta de censura autoritaria<\/strong>\u201d, enfatiz\u00f3.<\/p>\n<p>El gobierno de Trump \u201cgarantizar\u00e1 que los sistemas de IA desarrollados en Estados Unidos <strong>est\u00e9n libres de sesgos ideol\u00f3gicos<\/strong>\u201d, dijo Vance, que prometi\u00f3 que Estados Unidos \u201cnunca restringir\u00e1 el derecho de nuestros ciudadanos a la<strong> libertad de expresi\u00f3n<\/strong>\u201d.<\/p>\n<p>El vicepresidente estadounidense tambi\u00e9n destac\u00f3 que navegar por las <strong>normas de privacidad en l\u00ednea de Europa<\/strong>, conocidas por el acr\u00f3nimo GDPR, significaba costos de cumplimiento legal interminables para las empresas m\u00e1s peque\u00f1as. \u201cPor supuesto, <strong>queremos garantizar que internet sea un lugar seguro,<\/strong> pero una cosa es impedir que un depredador se aproveche de un ni\u00f1o en internet, y otra muy distinta impedir que un hombre o una mujer adultos accedan a una opini\u00f3n que el gobierno considera desinformaci\u00f3n\u201d, dijo.<\/p>\n<p><strong>Los legisladores europeos aprobaron el a\u00f1o pasado la Ley de Inteligencia Artificial<\/strong>, el primer conjunto completo de normas sobre esta tecnolog\u00eda.<\/p>\n<p>En referencia a China, pero sin nombrarla, Vance remarc\u00f3 su mensaje, en su cuenta de X: \u201c<strong>Adversarios extranjeros hostiles han utilizado software de IA como arma para reescribir la historia, vigilar a los usuarios y censurar el discurso<\/strong>. Quiero ser claro: esta administraci\u00f3n bloquear\u00e1 esos esfuerzos, punto\u201d. El viceprimer ministro chino, Zhang Guoqing, estaba presente en la sala aunque no intervino en el plenario.<\/p>\n<p>En un contexto de tensiones comerciales entre Washington y Pek\u00edn, el dirigente republicano declar\u00f3 que<strong> \u201casociarse con reg\u00edmenes autoritarios significa encadenar su naci\u00f3n a un amo autoritario que busca infiltrarse, instalarse y apoderarse de su infraestructura de informaci\u00f3n<\/strong>\u201d.<\/p>\n<p>Vance puso como ejemplo las exportaciones \u201cmuy subvencionadas\u201d, como las realizadas por China con su tecnolog\u00eda 5G. \u201cDesde la CCTV (circuito cerrado de televisi\u00f3n) hasta los equipos 5G, todos estamos familiarizados con la <strong>tecnolog\u00eda barata en el mercado que ha sido fuertemente subvencionada y exportada por reg\u00edmenes autoritarios<\/strong>\u201d, dijo Vance.<\/p>\n<p>El mes pasado, la start-up china DeepSeek distribuy\u00f3 libremente un potente modelo de razonamiento de IA que, seg\u00fan algunos, pon\u00eda en entredicho el liderazgo tecnol\u00f3gico estadounidense. Vance no mencion\u00f3 a DeepSeek por su nombre, pero pareci\u00f3 referirse a la misma cuando dijo: \u201c\u00bfUn negocio parece demasiado bueno para ser verdad? Solo recuerda la vieja frase que aprendimos en Silicon Valley: <strong>si no est\u00e1s pagando por el producto, el producto sos vos<\/strong>\u201d.<\/p>\n<p>Asimismo, enfatiz\u00f3 que <strong>el gobierno estadounidense pondr\u00e1 el foco en los trabajadores<\/strong>, y que consideran que la IA \u201char\u00e1 que los trabajadores sean m\u00e1s productivos\u201d y que la IA \u201ccomplementa, no reemplaza, el trabajo que realizan los estadounidenses\u201d. Y afirm\u00f3 que se asegurar\u00e1n que <strong>Estados Unidos tenga la fuerza laboral mejor entrenada y que \u201clas escuelas ense\u00f1ar\u00e1n a los estudiantes a gestionar y supervisar la IA<\/strong>\u201d.<\/p>\n<p><strong>Estados Unidos y Reino Unido rehusaron firmar este martes la declaraci\u00f3n mundial suscrita por cerca de 60 pa\u00edses,<\/strong> entre ellos China y los miembros de la UE, para \u201cpromover la accesibilidad de la IA para <strong>reducir las brechas digitales<\/strong>\u201d y \u201casegurar que la<strong> IA sea abierta, inclusiva, transparente, \u00e9tica, segura y confiable\u201d.<\/strong><\/p>\n<figure><figcaption>El presidente franc\u00e9s, Emmanuel Macron, y su esposa, Brigitte, posan junto con el vicepresidente estadounidense, JD Vance, y su esposa, Usha, en el Palacio del El\u00edseo, el 11 de febrero de 2025.Thomas Padilla \u2013 AP<\/figcaption><\/figure>\n<p>El acuerdo tambi\u00e9n llam\u00f3 a \u201c<strong>hacer que la IA sea sostenible<\/strong> para las personas y el planeta\u201d y a proteger \u201clos derechos humanos, la igualdad de g\u00e9nero, la diversidad ling\u00fc\u00edstica, la protecci\u00f3n de los consumidores y de los derechos de propiedad intelectual\u201d. La cumbre oficializ\u00f3 con este fin la creaci\u00f3n de un <strong>observatorio del impacto energ\u00e9tico de la IA,<\/strong> dirigido por la Agencia Internacional de Energ\u00eda (AIE), con sede en la capital francesa.<\/p>\n<p>Los signatarios del documento se pronunciaron a favor de una <strong>mayor coordinaci\u00f3n en la gobernanza internacional de la IA, que requiere un \u201cdi\u00e1logo multilateral\u201d, y por evitar \u201cuna concentraci\u00f3n del mercado\u201d.<\/strong><\/p>\n<p>La cumbre de IA en la capital francesa, la tercera que se celebra en pocos a\u00f1os, mostr\u00f3 tres enfoques del fen\u00f3meno, que se podr\u00edan resumir como <strong>Estados Unidos a favor de la \u201ccreatividad\u201d sin excesos de regulaci\u00f3n; India como voz del Sur, pidiendo que no se olvide a los pa\u00edses pobres; y Europa anunciando inversiones, para no quedar descolgada de la carrera.<\/strong><\/p>\n<p>Por su parte, <strong>China est\u00e1 expandiendo r\u00e1pidamente la IA a trav\u00e9s de gigantes tecnol\u00f3gicos respaldados por el estado, compitiendo por la dominancia en la carrera global<\/strong>.<\/p>\n<p>\u201cLa IA puede ayudar a transformar millones de vidas mediante mejoras en la salud, la educaci\u00f3n, la agricultura y otras muchas cosas\u201d, declar\u00f3 por su parte el primer ministro indio, Narendra Modi. Pero gobernar esta IA tambi\u00e9n implica \u201cgarantizar el acceso de todos, especialmente en el Sur Global\u201d, advirti\u00f3.<\/p>\n<figure><figcaption>JD Vance y el primer ministro indio, Narendra Modi, en Par\u00eds, el 11 de febrero de 2025.LEAH MILLIS \u2013 POOL<\/figcaption><\/figure>\n<p>\u201cSi bien el potencial positivo de la IA es simplemente extraordinario, hay muchos sesgos que no podemos ignorar\u201d, a\u00f1adi\u00f3 el primer ministro indio. <strong>India organizar\u00e1 la siguiente cumbre sobre inteligencia artificial,<\/strong> seg\u00fan anunci\u00f3 la presidencia francesa.<\/p>\n<p>En declaraciones posteriores, el presidente franc\u00e9s,<strong> Emmanuel Macron, <\/strong>se mostr\u00f3 a favor de recortar la burocracia, pero subray\u00f3 que <strong>la regulaci\u00f3n es necesaria para garantizar la confianza en la IA<\/strong>, o la gente acabar\u00e1 rechaz\u00e1ndola. \u201cNecesitamos una inteligencia artificial fiable\u201d, afirm\u00f3.<\/p>\n<figure><figcaption>La presidenta de la Comisi\u00f3n Europea, Ursula von der Leyen, junto a JD Vance.Thomas Padilla \u2013 AP<\/figcaption><\/figure>\n<p>Por su parte, la presidenta de la <strong>Comisi\u00f3n Europea, Ursula von der Leyen, anunci\u00f3 que la UE se propone, asociada al sector privado, invertir unos 200.000 millones de euros en el sector.<\/strong><\/p>\n<p><strong>Agencias Reuters, AFP, ANSA y AP<\/strong><\/p>\n<p>  Conforme a <strong> los criterios de<\/strong><\/p>\n","protected":false},"excerpt":{"rendered":"<p>PAR\u00cdS.- El vicepresidente de Estados Unidos, JD Vance, quien encabeza la delegaci\u00f3n norteamericana en lacumbre de Par\u00eds sobre Inteligencia Artificial (IA), advirti\u00f3 el martes a los europeos que lo que llam\u00f3 su excesiva regulaci\u00f3n de la IA podr\u00eda estrangular la tecnolog\u00eda, y rechaz\u00f3 la moderaci\u00f3n de contenidos como \u201ccensura autoritaria\u201d. Este lunes y martes se [&hellip;]<\/p>\n","protected":false},"author":2,"featured_media":135234,"comment_status":"closed","ping_status":"closed","sticky":false,"template":"","format":"standard","meta":{"footnotes":""},"categories":[33],"tags":[],"class_list":["post-135233","post","type-post","status-publish","format-standard","has-post-thumbnail","hentry","category-el-mundo"],"_links":{"self":[{"href":"https:\/\/radioacuariofm.com.ar\/index.php?rest_route=\/wp\/v2\/posts\/135233","targetHints":{"allow":["GET"]}}],"collection":[{"href":"https:\/\/radioacuariofm.com.ar\/index.php?rest_route=\/wp\/v2\/posts"}],"about":[{"href":"https:\/\/radioacuariofm.com.ar\/index.php?rest_route=\/wp\/v2\/types\/post"}],"author":[{"embeddable":true,"href":"https:\/\/radioacuariofm.com.ar\/index.php?rest_route=\/wp\/v2\/users\/2"}],"replies":[{"embeddable":true,"href":"https:\/\/radioacuariofm.com.ar\/index.php?rest_route=%2Fwp%2Fv2%2Fcomments&post=135233"}],"version-history":[{"count":1,"href":"https:\/\/radioacuariofm.com.ar\/index.php?rest_route=\/wp\/v2\/posts\/135233\/revisions"}],"predecessor-version":[{"id":135236,"href":"https:\/\/radioacuariofm.com.ar\/index.php?rest_route=\/wp\/v2\/posts\/135233\/revisions\/135236"}],"wp:featuredmedia":[{"embeddable":true,"href":"https:\/\/radioacuariofm.com.ar\/index.php?rest_route=\/wp\/v2\/media\/135234"}],"wp:attachment":[{"href":"https:\/\/radioacuariofm.com.ar\/index.php?rest_route=%2Fwp%2Fv2%2Fmedia&parent=135233"}],"wp:term":[{"taxonomy":"category","embeddable":true,"href":"https:\/\/radioacuariofm.com.ar\/index.php?rest_route=%2Fwp%2Fv2%2Fcategories&post=135233"},{"taxonomy":"post_tag","embeddable":true,"href":"https:\/\/radioacuariofm.com.ar\/index.php?rest_route=%2Fwp%2Fv2%2Ftags&post=135233"}],"curies":[{"name":"wp","href":"https:\/\/api.w.org\/{rel}","templated":true}]}}