{"id":128188,"date":"2025-01-27T11:52:32","date_gmt":"2025-01-27T14:52:32","guid":{"rendered":"https:\/\/radioacuariofm.com.ar\/?p=128188"},"modified":"2025-01-27T11:52:36","modified_gmt":"2025-01-27T14:52:36","slug":"se-conmemora-el-dia-internacional-en-memoria-de-las-victimas-del-holocausto-2","status":"publish","type":"post","link":"https:\/\/radioacuariofm.com.ar\/?p=128188","title":{"rendered":"Se conmemora el D\u00eda Internacional en Memoria de las V\u00edctimas del Holocausto"},"content":{"rendered":"<p><img decoding=\"async\" src=\"https:\/\/radioacuariofm.com.ar\/wp-content\/uploads\/2025\/01\/8c5532100f596c1377808843e9e37947_L-2.jpg\"\/>  <\/p>\n<p>El 27 de enero, el mundo recuerda a las v\u00edctimas del Holocausto en una fecha que marca el 80\u00b0 aniversario de la liberaci\u00f3n de Auschwitz-Birkenau. Este lugar, convertido en un s\u00edmbolo universal de las atrocidades cometidas durante la Segunda Guerra Mundial y recordatorio de la necesidad de combatir el odio y la intolerancia, fue testigo del asesinato sistem\u00e1tico de aproximadamente 1,1 millones de personas, en su mayor\u00eda jud\u00edos, adem\u00e1s de polacos, gitanos, prisioneros de guerra sovi\u00e9ticos y otras nacionalidades.<\/p>\n<p>El Holocausto, que cobr\u00f3 la vida de 6 millones de personas por el simple hecho de ser jud\u00edos, incluidos un mill\u00f3n y medio de ni\u00f1os, dej\u00f3 una herida imborrable en la historia de la humanidad. La liberaci\u00f3n del campo, realizada por soldados del Ej\u00e9rcito Rojo en 1945, permiti\u00f3 salvar a los 7.000 prisioneros que a\u00fan permanec\u00edan all\u00ed y revel\u00f3 al mundo las dimensiones de esta tragedia.<\/p>\n<p>En 2005, la Asamblea General de las Naciones Unidas proclam\u00f3 oficialmente el 27 de enero como el D\u00eda Internacional en Memoria de las V\u00edctimas del Holocausto. Desde entonces, la UNESCO y diversas instituciones alrededor del mundo rinden homenaje a las v\u00edctimas, al tiempo que renuevan su compromiso de combatir el antisemitismo, el racismo y cualquier forma de intolerancia que pueda llevar a actos violentos contra grupos humanos.<\/p>\n<p>El Holocausto no solo afect\u00f3 a los pa\u00edses directamente implicados en los cr\u00edmenes nazis, sino que tuvo repercusiones globales. A 80 a\u00f1os de los hechos, la comunidad internacional mantiene la responsabilidad colectiva de preservar la memoria, educar sobre las causas y consecuencias de estos cr\u00edmenes y fortalecer a las nuevas generaciones frente a las ideolog\u00edas de odio.<\/p>\n","protected":false},"excerpt":{"rendered":"<p>El 27 de enero, el mundo recuerda a las v\u00edctimas del Holocausto en una fecha que marca el 80\u00b0 aniversario de la liberaci\u00f3n de Auschwitz-Birkenau. Este lugar, convertido en un s\u00edmbolo universal de las atrocidades cometidas durante la Segunda Guerra Mundial y recordatorio de la necesidad de combatir el odio y la intolerancia, fue testigo [&hellip;]<\/p>\n","protected":false},"author":2,"featured_media":128189,"comment_status":"closed","ping_status":"closed","sticky":false,"template":"","format":"standard","meta":{"footnotes":""},"categories":[27],"tags":[],"class_list":["post-128188","post","type-post","status-publish","format-standard","has-post-thumbnail","hentry","category-san-juan"],"_links":{"self":[{"href":"https:\/\/radioacuariofm.com.ar\/index.php?rest_route=\/wp\/v2\/posts\/128188","targetHints":{"allow":["GET"]}}],"collection":[{"href":"https:\/\/radioacuariofm.com.ar\/index.php?rest_route=\/wp\/v2\/posts"}],"about":[{"href":"https:\/\/radioacuariofm.com.ar\/index.php?rest_route=\/wp\/v2\/types\/post"}],"author":[{"embeddable":true,"href":"https:\/\/radioacuariofm.com.ar\/index.php?rest_route=\/wp\/v2\/users\/2"}],"replies":[{"embeddable":true,"href":"https:\/\/radioacuariofm.com.ar\/index.php?rest_route=%2Fwp%2Fv2%2Fcomments&post=128188"}],"version-history":[{"count":1,"href":"https:\/\/radioacuariofm.com.ar\/index.php?rest_route=\/wp\/v2\/posts\/128188\/revisions"}],"predecessor-version":[{"id":128191,"href":"https:\/\/radioacuariofm.com.ar\/index.php?rest_route=\/wp\/v2\/posts\/128188\/revisions\/128191"}],"wp:featuredmedia":[{"embeddable":true,"href":"https:\/\/radioacuariofm.com.ar\/index.php?rest_route=\/wp\/v2\/media\/128189"}],"wp:attachment":[{"href":"https:\/\/radioacuariofm.com.ar\/index.php?rest_route=%2Fwp%2Fv2%2Fmedia&parent=128188"}],"wp:term":[{"taxonomy":"category","embeddable":true,"href":"https:\/\/radioacuariofm.com.ar\/index.php?rest_route=%2Fwp%2Fv2%2Fcategories&post=128188"},{"taxonomy":"post_tag","embeddable":true,"href":"https:\/\/radioacuariofm.com.ar\/index.php?rest_route=%2Fwp%2Fv2%2Ftags&post=128188"}],"curies":[{"name":"wp","href":"https:\/\/api.w.org\/{rel}","templated":true}]}}