{"id":124502,"date":"2025-01-18T19:02:38","date_gmt":"2025-01-18T22:02:38","guid":{"rendered":"https:\/\/radioacuariofm.com.ar\/?p=124502"},"modified":"2025-01-18T19:02:47","modified_gmt":"2025-01-18T22:02:47","slug":"lula-enfrenta-una-segunda-mitad-de-mandato-incomoda-mientras-cae-su-popularidad","status":"publish","type":"post","link":"https:\/\/radioacuariofm.com.ar\/?p=124502","title":{"rendered":"Lula enfrenta una segunda mitad de mandato inc\u00f3moda mientras cae su popularidad"},"content":{"rendered":"<p><img decoding=\"async\" src=\"https:\/\/radioacuariofm.com.ar\/wp-content\/uploads\/2025\/01\/lula-da-silva-y-el-ministro-de-hacienda-brasileno-D5RRUURIXRCS5EBHXJTRS5546Y-1.jpg\"\/><\/p>\n<p><\/p>\n<p>BRASILIA.- El gobierno del presidente brasile\u00f1o, <strong>Luiz Inacio<\/strong> <strong>Lula da Silva<\/strong>, empez\u00f3 2025 preparado para una segunda mitad de mandato que se avizora compleja. Con una econom\u00eda <strong>con perspectivas de desaceleraci\u00f3n y la popularidad en ca\u00edda<\/strong>, cada vez surgen m\u00e1s dudas sobre la fortaleza del Ejecutivo para afrontar los pr\u00f3ximos dos a\u00f1os y, en 2026, intentar la reelecci\u00f3n.<\/p>\n<p>En medio de las dificultades, Lula promovi\u00f3 esta semana un cambio clave en la comunicaci\u00f3n oficial. Guiado por el entendimiento de que uno de los principales problemas de la gesti\u00f3n es una <strong>\u201ccomunicaci\u00f3n deficiente\u201d,<\/strong> Sidonio Palmeira, un experto publicitario que trabaj\u00f3 con Lula en la campa\u00f1a de 2022, asumi\u00f3 como ministro jefe de la Secretar\u00eda de comunicaci\u00f3n social.\u00ad<\/p>\n<p>\u201cNuestro pa\u00eds <strong>volvi\u00f3 a ser respetado <\/strong>por el mundo. Pero ese trabajo no est\u00e1 siendo percibido por la poblaci\u00f3n, no consigue ver las virtudes del gobierno\u201d, dijo Palmeira al asumir formalmente el cargo, al reemplazar al diputado del Partido de los Trabajadores (PT) Paulo Pimenta.<\/p>\n<figure><figcaption>Lula da Silva habla durante la ceremonia de sanci\u00f3n de la ley que reglamenta la reforma tributaria, en Brasilia   [e]LUCIO TAVORA  \u2013 XinHua <\/figcaption><\/figure>\n<p>El cambio lleg\u00f3 en una semana turbulenta para el gobierno, que se vio obligado a retroceder <strong>en una norma que apuntaba a aumentar la fiscalizaci\u00f3n de las transferencias a trav\u00e9s del Pix,<\/strong> el popular sistema de pagos y transferencias v\u00eda c\u00f3digo QR. La oposici\u00f3n bolsonarista agit\u00f3 en las redes que el gobierno buscaba introducir nuevos impuestos, y ante la repercusi\u00f3n negativa el Ejecutivo termin\u00f3 dando marcha atr\u00e1s.<\/p>\n<p>\u201cEl gobierno enfrenta una oposici\u00f3n cada vez m\u00e1s fuerte y capaz de desafiarlo. Mientras estas noticias dominan los titulares, <strong>las iniciativas del gobierno y su propia agenda terminan quedando en segundo plano.<\/strong> Est\u00e1 perdiendo la batalla por la atenci\u00f3n del elector\u201d, dijo a LA NACION Paulo Calmon, polit\u00f3logo de la Universidad de Brasilia.<\/p>\n<p>La primera mitad del tercer mandato de Lula, quien asumi\u00f3 el 1 de enero de 2023, concluy\u00f3 en diciembre pasado surcada por dificultades que fueron <strong>desde la crisis de confianza del mercado y una consecuente corrida al d\u00f3lar hasta las dudas sobre la deteriorada salud del mandatario,<\/strong> quien en octubre cumplir\u00e1 80 a\u00f1os.<\/p>\n<figure><figcaption>El real sufri\u00f3 una marcada ca\u00edda en 2024 Shutterstock<\/figcaption><\/figure>\n<p>La <strong>desaprobaci\u00f3n del presidente<\/strong> alcanz\u00f3 el nivel m\u00e1s alto de su mandato en diciembre, seg\u00fan una encuesta de la consultora Atlas Intel: <strong>lleg\u00f3 a 49,8%,<\/strong> superior del 47,3% reportado el mes anterior.<\/p>\n<p>Para Leandro Cosentino, profesor de ciencias pol\u00edticas del Insper de San Pablo, se trata del <strong>\u201cpeor momento pol\u00edtico\u201d<\/strong> de Lula como presidente -quien antes presidi\u00f3 Brasil entre 2003 y 2010- desde el esc\u00e1ndalo de corrupci\u00f3n del <em>mensal\u00e3o <\/em>en 2005. \u201cHay cuestiones que van desde una mala comunicaci\u00f3n hasta problemas estructurales <strong>desde el punto de vista de un gobierno que no logra tener un compromiso serio con la responsabilidad fiscal<\/strong>, y esto afecta la imagen que proyecta para la econom\u00eda en su conjunto\u201d, se\u00f1al\u00f3.<\/p>\n<h3>N\u00fameros inquietantes<\/h3>\n<p>Los n\u00fameros respaldan la preocupaci\u00f3n. Seg\u00fan una proyecci\u00f3n del banco de inversiones BTG Pactual, <strong>Brasil tendr\u00e1 este a\u00f1o el segundo mayor d\u00e9ficit nominal del mundo<\/strong>, sensiblemente por arriba de los emergentes y perdiendo s\u00f3lo con Bolivia. <strong>Saltar\u00e1 de 7,8% del PBI en 2024 a 8,6% este a\u00f1o, de acuerdo con el informe <\/strong>publicado esta semana.<\/p>\n<p>Ante <strong>tipos de inter\u00e9s altos<\/strong> definidos por el Banco Central brasile\u00f1o aut\u00f3nomo -hoy en 9,48% cuando se descuenta la inflaci\u00f3n- y <strong>la desconfianza del mercado<\/strong> por el rumbo de las cuentas p\u00fablicas, la econom\u00eda debe mantener un ritmo lento en la segunda mitad de este a\u00f1o y en 2026.<\/p>\n<figure><figcaption>Donald Trump y Jair Bolsonaro en 2020, cuando coincidieron en las presidencias de sus pa\u00edsesAFP<\/figcaption><\/figure>\n<p>El real perdi\u00f3 21,8% de su valor frente al d\u00f3lar en 2024, entre las peores monedas del planeta. Sumado a eso, el presidente electo <strong>Donald Trump<\/strong> se prepara para asumir este lunes la Casa Blanca con la posibilidad de que promueva <strong>un proteccionismo global <\/strong>que impacte en el crecimiento de los emergentes.<\/p>\n<p>\u201cEl gobierno cometi\u00f3 algunos errores estrat\u00e9gicos, <strong>especialmente en la implementaci\u00f3n de la agenda econ\u00f3mica<\/strong> y est\u00e1 pagando caro por ello\u201d, explic\u00f3 Calmon. \u201cNo podr\u00e1 usar <strong>gastos indiscriminados<\/strong> para buscar la reelecci\u00f3n. Est\u00e1 cercado por una oposici\u00f3n fuerte del mercado y en el campo pol\u00edtico\u201d, agreg\u00f3.<\/p>\n<p>Mauricio Santoro, profesor del Centro de Estudios Pol\u00edtico-Estrat\u00e9gicos de la Marina de Brasil, cree que el tercer mandato de Lula ha sido hasta el momento <strong>\u201cun gobierno m\u00e1s dif\u00edcil que los dos primeros\u201d<\/strong>.<\/p>\n<p>\u201cLa d\u00e9cada de 2000 era un momento muy bueno para la econom\u00eda global, <strong>no hab\u00eda ning\u00fan comunicador en la pol\u00edtica mejor que Lula y el Congreso no era tan fuerte como ahora.<\/strong> Este es un escenario mucho m\u00e1s complicado, en el que el presidente ha tenido dificultad para adaptarse\u201d, explic\u00f3 Santoro.<\/p>\n<figure><figcaption>El gobernador de San Pablo Tarc\u00edsio de FreitasEVARISTO SA \u2013 AFP<\/figcaption><\/figure>\n<p>El Palacio del Planalto prepara una reforma ministerial con la que busca conquistar gobernabilidad y fortalecer su base en el Congreso, <strong>entregando m\u00e1s espacio a pol\u00edticos del denominado <\/strong><em><strong>centr\u00e3o<\/strong><\/em>. Los cambios se producir\u00edan la primera semana de febrero, luego de la elecci\u00f3n de los nuevos presidentes de Diputados y el Senado. <\/p>\n<p>El movimiento busca fortalecer alianzas que pavimenten la agenda del gobierno en el Congreso <strong>y trabajen para la reelecci\u00f3n de Lula o su delf\u00edn en 2026,<\/strong> ante un escenario que presenta nombres fuertes en la oposici\u00f3n como el del gobernador de San Pablo, Tarc\u00edsio de Freitas.<\/p>\n<p>\u201cBrasil tiene un gobierno que mira por el espejo retrovisor, <strong>revisita pol\u00edticas p\u00fablicas que ya tuvieron su papel <\/strong>o mira hacia la gesti\u00f3n del expresidente <strong>Jair Bolsonaro <\/strong>para culparlo por todo\u201d, se\u00f1al\u00f3 Cosentino.<\/p>\n<p>\u201cSi el gobierno contin\u00faa mirando <strong>solo hacia sectores de la izquierda<\/strong> y componiendo ministerios con el PT y la izquierda que no entrega votos para mantener la gobernabilidad y garantizar la reelecci\u00f3n, <strong>va a tener dificultades para reelegirse<\/strong>\u201c, advirti\u00f3, al ponderar que la suerte de los cambios ministeriales puede ser decisiva para el futuro electoral del oficialismo.<\/p>\n<p>  Conforme a <strong> los criterios de<\/strong><\/p>\n","protected":false},"excerpt":{"rendered":"<p>BRASILIA.- El gobierno del presidente brasile\u00f1o, Luiz Inacio Lula da Silva, empez\u00f3 2025 preparado para una segunda mitad de mandato que se avizora compleja. Con una econom\u00eda con perspectivas de desaceleraci\u00f3n y la popularidad en ca\u00edda, cada vez surgen m\u00e1s dudas sobre la fortaleza del Ejecutivo para afrontar los pr\u00f3ximos dos a\u00f1os y, en 2026, [&hellip;]<\/p>\n","protected":false},"author":2,"featured_media":124503,"comment_status":"closed","ping_status":"closed","sticky":false,"template":"","format":"standard","meta":{"footnotes":""},"categories":[33],"tags":[],"class_list":["post-124502","post","type-post","status-publish","format-standard","has-post-thumbnail","hentry","category-el-mundo"],"_links":{"self":[{"href":"https:\/\/radioacuariofm.com.ar\/index.php?rest_route=\/wp\/v2\/posts\/124502","targetHints":{"allow":["GET"]}}],"collection":[{"href":"https:\/\/radioacuariofm.com.ar\/index.php?rest_route=\/wp\/v2\/posts"}],"about":[{"href":"https:\/\/radioacuariofm.com.ar\/index.php?rest_route=\/wp\/v2\/types\/post"}],"author":[{"embeddable":true,"href":"https:\/\/radioacuariofm.com.ar\/index.php?rest_route=\/wp\/v2\/users\/2"}],"replies":[{"embeddable":true,"href":"https:\/\/radioacuariofm.com.ar\/index.php?rest_route=%2Fwp%2Fv2%2Fcomments&post=124502"}],"version-history":[{"count":1,"href":"https:\/\/radioacuariofm.com.ar\/index.php?rest_route=\/wp\/v2\/posts\/124502\/revisions"}],"predecessor-version":[{"id":124505,"href":"https:\/\/radioacuariofm.com.ar\/index.php?rest_route=\/wp\/v2\/posts\/124502\/revisions\/124505"}],"wp:featuredmedia":[{"embeddable":true,"href":"https:\/\/radioacuariofm.com.ar\/index.php?rest_route=\/wp\/v2\/media\/124503"}],"wp:attachment":[{"href":"https:\/\/radioacuariofm.com.ar\/index.php?rest_route=%2Fwp%2Fv2%2Fmedia&parent=124502"}],"wp:term":[{"taxonomy":"category","embeddable":true,"href":"https:\/\/radioacuariofm.com.ar\/index.php?rest_route=%2Fwp%2Fv2%2Fcategories&post=124502"},{"taxonomy":"post_tag","embeddable":true,"href":"https:\/\/radioacuariofm.com.ar\/index.php?rest_route=%2Fwp%2Fv2%2Ftags&post=124502"}],"curies":[{"name":"wp","href":"https:\/\/api.w.org\/{rel}","templated":true}]}}