{"id":123294,"date":"2025-01-16T05:21:52","date_gmt":"2025-01-16T08:21:52","guid":{"rendered":"https:\/\/radioacuariofm.com.ar\/?p=123294"},"modified":"2025-01-16T05:22:07","modified_gmt":"2025-01-16T08:22:07","slug":"espera-por-una-reunion-con-macri-para-decidir-quien-reemplazara-a-juez","status":"publish","type":"post","link":"https:\/\/radioacuariofm.com.ar\/?p=123294","title":{"rendered":"espera por una reuni\u00f3n con Macri para decidir qui\u00e9n reemplazar\u00e1 a Juez"},"content":{"rendered":"<p><img decoding=\"async\" src=\"https:\/\/radioacuariofm.com.ar\/wp-content\/uploads\/2025\/01\/aNGr_Kh3u_2000x1500__1-1.jpg\"\/>   <\/p>\n<p>Las declaraciones de <strong>Luis Juez<\/strong> anunciando que pondr\u00eda a disposici\u00f3n su lugar como presidente del bloque del PRO<strong> no sorprendieron a sus compa\u00f1eros de bancada<\/strong>. El cordob\u00e9s se los hab\u00eda adelantado tiempo atr\u00e1s y aunque hubo un intento de los legisladores m\u00e1s cercanos a <strong>Patricia Bullrich<\/strong> de apurar la elecci\u00f3n de su sucesor, la decisi\u00f3n qued\u00f3 congelada hasta que <strong>haya un encuentro entre Juez y Mauricio Macri.<\/strong><\/p>\n<p>As\u00ed lo acordaron en el grupo de Whatsapp que tiene la bancada amarilla del Senado despu\u00e9s de que la noticia se hiciera p\u00fablica.<\/p>\n<p>Seg\u00fan pudo saber <strong>Clar\u00edn<\/strong>, en ese momento una legisladora cercana a Bullrich hab\u00eda se\u00f1alado la necesidad de apurar una reuni\u00f3n para elegir sucesor, lo que fue visto por algunos como una intenci\u00f3n de la ministra de <strong>Javier Milei<\/strong> de intervenir en el bloque. <\/p>\n<p>Sin embargo, todos los dem\u00e1s -incluido Juez- le aclararon que no hab\u00eda apuro y que la decisi\u00f3n se tomar\u00eda despu\u00e9s de una charla con <strong>Macri, quien est\u00e1 de vacaciones en el Sur y no volver\u00e1 hasta fin de mes.<\/strong><\/p>\n<p>\u201c<strong>El Presidente del PRO es Macri, lo tiene que decidir \u00e9l<\/strong>. Pero va a volver la \u00faltima semana de enero\u201d, confi\u00f3 un miembro de la bancada.<\/p>\n<p><strong>Todo indica que continuar\u00e1 el entrerriano Alfredo De Angeli,<\/strong> actual vice presidente del bloque y hombre que se mantuvo leal a Macri. \u201cHay que ver si quiere. Este a\u00f1o se eligen senadores en Entre R\u00edos, no s\u00e9 si buscar\u00e1 reelegir\u201d, desliz\u00f3 un compa\u00f1ero de bloque.<\/p>\n<p>Lo cierto es que las alianzas que se terminen tejiendo en cada provincia van a ser clave porque pueden condicionar a la hora conducir la bancada.<\/p>\n<p>Adem\u00e1s de Juez, Rivero y De Angeli, el bloque est\u00e1 integrado por la porte\u00f1a Guadalupe Tagliaferri, el misionero Mart\u00edn Goerling, la pampeana Mar\u00eda Victoria Huala, y la chubutense Andrea Marcela Cristina.<\/p>\n<p>Mientras tanto Juez, que hace hincapi\u00e9 en no hacer nada de manera \u201cimprolija administrativa ni pol\u00edticamente\u201d, seguir\u00e1 al frente, como hasta ahora.<\/p>\n<p>De hecho,  tampoco va a saltar de bloque aunque deje la presidencia del PRO y haya blanqueado su intenci\u00f3n de ser candidato a gobernador de Milei en C\u00f3rdoba en 2027.<\/p>\n<p>En las \u00faltimas semanas los rumores de pasillo lo se\u00f1alaban como posible candidato a reemplazar al presidente provisional Bartolom\u00e9 Abdala, a quien parte del oficialismo quiere remover en la sesi\u00f3n preparatoria de febrero por considerarlo demasiado cercano a la vice <strong>Victoria Villarruel, enemistada con Milei<\/strong>. Sin embargo, Juez ya lo neg\u00f3 en su momento y pidi\u00f3 que no lo \u201canoten\u201d en ninguna movida de ese tipo.<\/p>\n<p>El cordob\u00e9s le plante\u00f3 a sus compa\u00f1eros su incomodidad y el deseo de dar un paso al costado mucho antes de la sesi\u00f3n por<strong> la expulsi\u00f3n del peronista Edgardo Kueider<\/strong>, detenido en Paraguay por cruzar la frontera con 200 mil d\u00f3lares sin declarar.<\/p>\n<p>Lo cierto es que <strong>las tensiones sobre c\u00f3mo votar -si por la suspensi\u00f3n o la expulsi\u00f3n- fueron un detonante<\/strong>. De hecho el PRO termin\u00f3 votando dividido: hubo cuatro legisladores (Rivero, Goerling, De Angeli y Andrea Cristina) que terminaron votando en contra de la expulsi\u00f3n, mientras que los propios libertarios se plegaron a \u00faltimo momento para avalar la expulsi\u00f3n.<\/p>\n<p>Previamente, el hecho de que Macri no dejara a \u00faltimo momento que los senadores vayan a un almuerzo con Milei, gestionado por Juez, hab\u00eda enojado al senador.<\/p>\n<p>Lo cierto es que el cordob\u00e9s ni siquiera es un PRO puro. Tiene su propio partido e intenciones de pelear por la gobernaci\u00f3n cordobesa en dos a\u00f1os.<\/p>\n","protected":false},"excerpt":{"rendered":"<p>Las declaraciones de Luis Juez anunciando que pondr\u00eda a disposici\u00f3n su lugar como presidente del bloque del PRO no sorprendieron a sus compa\u00f1eros de bancada. El cordob\u00e9s se los hab\u00eda adelantado tiempo atr\u00e1s y aunque hubo un intento de los legisladores m\u00e1s cercanos a Patricia Bullrich de apurar la elecci\u00f3n de su sucesor, la decisi\u00f3n [&hellip;]<\/p>\n","protected":false},"author":2,"featured_media":123295,"comment_status":"closed","ping_status":"closed","sticky":false,"template":"","format":"standard","meta":{"footnotes":""},"categories":[26],"tags":[],"class_list":["post-123294","post","type-post","status-publish","format-standard","has-post-thumbnail","hentry","category-politica"],"_links":{"self":[{"href":"https:\/\/radioacuariofm.com.ar\/index.php?rest_route=\/wp\/v2\/posts\/123294","targetHints":{"allow":["GET"]}}],"collection":[{"href":"https:\/\/radioacuariofm.com.ar\/index.php?rest_route=\/wp\/v2\/posts"}],"about":[{"href":"https:\/\/radioacuariofm.com.ar\/index.php?rest_route=\/wp\/v2\/types\/post"}],"author":[{"embeddable":true,"href":"https:\/\/radioacuariofm.com.ar\/index.php?rest_route=\/wp\/v2\/users\/2"}],"replies":[{"embeddable":true,"href":"https:\/\/radioacuariofm.com.ar\/index.php?rest_route=%2Fwp%2Fv2%2Fcomments&post=123294"}],"version-history":[{"count":1,"href":"https:\/\/radioacuariofm.com.ar\/index.php?rest_route=\/wp\/v2\/posts\/123294\/revisions"}],"predecessor-version":[{"id":123297,"href":"https:\/\/radioacuariofm.com.ar\/index.php?rest_route=\/wp\/v2\/posts\/123294\/revisions\/123297"}],"wp:featuredmedia":[{"embeddable":true,"href":"https:\/\/radioacuariofm.com.ar\/index.php?rest_route=\/wp\/v2\/media\/123295"}],"wp:attachment":[{"href":"https:\/\/radioacuariofm.com.ar\/index.php?rest_route=%2Fwp%2Fv2%2Fmedia&parent=123294"}],"wp:term":[{"taxonomy":"category","embeddable":true,"href":"https:\/\/radioacuariofm.com.ar\/index.php?rest_route=%2Fwp%2Fv2%2Fcategories&post=123294"},{"taxonomy":"post_tag","embeddable":true,"href":"https:\/\/radioacuariofm.com.ar\/index.php?rest_route=%2Fwp%2Fv2%2Ftags&post=123294"}],"curies":[{"name":"wp","href":"https:\/\/api.w.org\/{rel}","templated":true}]}}