{"id":122844,"date":"2025-01-15T09:40:18","date_gmt":"2025-01-15T12:40:18","guid":{"rendered":"https:\/\/radioacuariofm.com.ar\/?p=122844"},"modified":"2025-01-15T09:40:22","modified_gmt":"2025-01-15T12:40:22","slug":"el-tour-del-sol-convocara-a-mas-de-400-ciclistas-2","status":"publish","type":"post","link":"https:\/\/radioacuariofm.com.ar\/?p=122844","title":{"rendered":"el Tour del Sol convocar\u00e1 a m\u00e1s de 400 ciclistas"},"content":{"rendered":"<p><img decoding=\"async\" src=\"https:\/\/radioacuariofm.com.ar\/wp-content\/uploads\/2025\/01\/e76e195c98b46dc781a7a785f09f3fb4_L-2.jpg\"\/>  <\/p>\n<p>Desde el <strong>jueves 16 al domingo 19 de enero<\/strong>, en <strong>San Juan<\/strong> se celebrar\u00e1 el primer <strong>\u201cTour del Sol \u2013 Vicente Alejo Chancay\u201d<\/strong>, carrera amateur por etapas de ciclismo en ruta. La competencia recorrer\u00e1 varios departamentos y est\u00e1 destinada a <strong>ciclistas de categor\u00edas Libres y M\u00e1ster.<\/strong><\/p>\n<p>La cita contar\u00e1 con m\u00e1s de <strong>400 participantes<\/strong>, de manera individual o en equipos, <strong>provenientes de nuestra provincia, Mendoza, San Luis, La Rioja, Tucum\u00e1n, Buenos Aires y tambi\u00e9n de Chile<\/strong>. Las inscripciones se realizaron el lunes 13, en el Paseo de Artesanos, en el Parque de Mayo.<\/p>\n<p>La organizaci\u00f3n del Tour estar\u00e1 a cargo de la Agrupaci\u00f3n \u2018A todo Pedal\u2019 y la Fundaci\u00f3n Planeta Ram\u00edrez, con el <strong>respaldo y auspicio del Gobierno de San Juan.<\/strong><\/p>\n<p>Con respecto a las etapas, la informaci\u00f3n confirmada p\u00fablicamente hasta el momento es que la primera ser\u00e1 el jueves 16 y recorrer\u00e1 los departamentos de <strong>Capital y Santa Luc\u00eda<\/strong>. La segunda ser\u00e1 el viernes 17 en la <strong>Ruta del Sol, Rivadavia<\/strong>. La tercera ser\u00e1 la \u2018etapa reina\u2019 y se disputar\u00e1 el s\u00e1bado 18 en <strong>Sarmiento<\/strong>, con final en Pedernal. <strong>El gran final est\u00e1 previsto para el domingo 19 en la Avenida Circunvalaci\u00f3n.<\/strong><\/p>\n<p>Las acreditaciones se llevar\u00e1n a cabo este mi\u00e9rcoles 15 de enero, de 8 a 12 horas, en el Estadio Aldo Cantoni. En este lugar, a las 13, se har\u00e1 el congresillo t\u00e9cnico. Por la tarde, desde las 18, la presentaci\u00f3n de equipos ser\u00e1 en la Municipalidad de la Ciudad de San Juan.<\/p>\n","protected":false},"excerpt":{"rendered":"<p>Desde el jueves 16 al domingo 19 de enero, en San Juan se celebrar\u00e1 el primer \u201cTour del Sol \u2013 Vicente Alejo Chancay\u201d, carrera amateur por etapas de ciclismo en ruta. La competencia recorrer\u00e1 varios departamentos y est\u00e1 destinada a ciclistas de categor\u00edas Libres y M\u00e1ster. La cita contar\u00e1 con m\u00e1s de 400 participantes, de [&hellip;]<\/p>\n","protected":false},"author":2,"featured_media":122845,"comment_status":"closed","ping_status":"closed","sticky":false,"template":"","format":"standard","meta":{"footnotes":""},"categories":[27],"tags":[],"class_list":["post-122844","post","type-post","status-publish","format-standard","has-post-thumbnail","hentry","category-san-juan"],"_links":{"self":[{"href":"https:\/\/radioacuariofm.com.ar\/index.php?rest_route=\/wp\/v2\/posts\/122844","targetHints":{"allow":["GET"]}}],"collection":[{"href":"https:\/\/radioacuariofm.com.ar\/index.php?rest_route=\/wp\/v2\/posts"}],"about":[{"href":"https:\/\/radioacuariofm.com.ar\/index.php?rest_route=\/wp\/v2\/types\/post"}],"author":[{"embeddable":true,"href":"https:\/\/radioacuariofm.com.ar\/index.php?rest_route=\/wp\/v2\/users\/2"}],"replies":[{"embeddable":true,"href":"https:\/\/radioacuariofm.com.ar\/index.php?rest_route=%2Fwp%2Fv2%2Fcomments&post=122844"}],"version-history":[{"count":1,"href":"https:\/\/radioacuariofm.com.ar\/index.php?rest_route=\/wp\/v2\/posts\/122844\/revisions"}],"predecessor-version":[{"id":122847,"href":"https:\/\/radioacuariofm.com.ar\/index.php?rest_route=\/wp\/v2\/posts\/122844\/revisions\/122847"}],"wp:featuredmedia":[{"embeddable":true,"href":"https:\/\/radioacuariofm.com.ar\/index.php?rest_route=\/wp\/v2\/media\/122845"}],"wp:attachment":[{"href":"https:\/\/radioacuariofm.com.ar\/index.php?rest_route=%2Fwp%2Fv2%2Fmedia&parent=122844"}],"wp:term":[{"taxonomy":"category","embeddable":true,"href":"https:\/\/radioacuariofm.com.ar\/index.php?rest_route=%2Fwp%2Fv2%2Fcategories&post=122844"},{"taxonomy":"post_tag","embeddable":true,"href":"https:\/\/radioacuariofm.com.ar\/index.php?rest_route=%2Fwp%2Fv2%2Ftags&post=122844"}],"curies":[{"name":"wp","href":"https:\/\/api.w.org\/{rel}","templated":true}]}}