{"id":122714,"date":"2025-01-15T04:14:17","date_gmt":"2025-01-15T07:14:17","guid":{"rendered":"https:\/\/radioacuariofm.com.ar\/?p=122714"},"modified":"2025-01-15T04:14:21","modified_gmt":"2025-01-15T07:14:21","slug":"el-banco-central-bajara-al-1-mensual-el-ritmo-de-ajuste-del-dolar-oficial","status":"publish","type":"post","link":"https:\/\/radioacuariofm.com.ar\/?p=122714","title":{"rendered":"El Banco Central bajar\u00e1 al 1% mensual el ritmo de ajuste del d\u00f3lar oficial"},"content":{"rendered":"<p><\/p>\n<div>\n<p class=\"com-paragraph  --capital --s\">Luego de que se conociera que la inflaci\u00f3n de diciembre fue del 2,7% mensual,<strong> el Banco Central confirm\u00f3 que reducir\u00e1 el ritmo de devaluaci\u00f3n del d\u00f3lar oficial mayorista del 2% al 1% mensual a partir del pr\u00f3ximo 1\u00b0 de febrero. <\/strong>Se trata del primer cambio en la pol\u00edtica cambiaria desde mediados de diciembre de 2023.<\/p>\n<p class=\"com-paragraph   --s\">Seg\u00fan explicaron desde la autoridad monetaria,<strong> la decisi\u00f3n se tom\u00f3 en consideraci\u00f3n de la consolidaci\u00f3n observada en la trayectoria inflacionaria durante los \u00faltimos meses y en las expectativas de baja de inflaci\u00f3n. <\/strong>Para este a\u00f1o, el Gobierno espera que el \u00cdndice de Precios al Consumidor (IPC) cierre con un acumulado del 18%, de acuerdo con lo presentado en su proyecto de Presupuesto que finalmente no se trat\u00f3 en el Congreso. <strong>Para las consultoras econ\u00f3micas, se encontrar\u00eda en torno al 25,9%<\/strong>, seg\u00fan lo presentado por el BCRA en la \u00faltima edici\u00f3n del Reporte de Expectativas del Mercado (REM)<strong>.<\/strong><\/p>\n<p class=\"com-paragraph   --s\">\u201cEn un contexto de recuperaci\u00f3n de la actividad econ\u00f3mica y aumento estacional de precios, tanto la inflaci\u00f3n de los \u00faltimos meses como las observaciones de alta frecuencia confirman una inflaci\u00f3n observada a la baja y por debajo de las expectativas relevadas en el mercado.<mark class=\"hl_underline\"> El ajuste para el tipo de cambio contin\u00faa cumpliendo el rol de un ancla complementaria en las expectativas de inflaci\u00f3n<\/mark>\u201d, explic\u00f3 el BCRA, a trav\u00e9s de un comunicado oficial.<\/p>\n<div class=\"content-media\">\n<section role=\"button\" class=\"mod-media   \">\n<figure role=\"button\" class=\"mod-figure \"><figcaption class=\"mod-figcaption\"><span class=\"com-text --caption --twoxs\">Milei, Caputo y Bausili<\/span><span class=\"com-text --credit --twoxs\">Archivo<\/span><\/figcaption><\/figure>\n<\/section>\n<\/div>\n<p class=\"com-paragraph   --s\">De esta manera, <strong>la actual administraci\u00f3n marca un cambio de rumbo sobre el futuro del tipo de cambio mayorista, <\/strong>que este martes cerr\u00f3 a $1041. El \u00faltimo ajuste en la pol\u00edtica cambiaria hab\u00eda sido el 13 de diciembre de 2023, despu\u00e9s de devaluar esta cotizaci\u00f3n un 54%, que en un solo jornada pas\u00f3 de valer $365 a $800. Desde entonces, se mantuvo con su pol\u00edtica de suba del 2% mensual.<\/p>\n<p class=\"com-paragraph   --s\">\u201cEn principio, est\u00e1 en l\u00ednea con lo anticipado y <strong>ayudar\u00eda a seguir reduciendo la inflaci\u00f3n, considerando las tres anclas que tiene el programa: <\/strong>la fiscal, la monetaria y, acompa\u00f1ando, la cambiaria. Hacia adelante, hay que ver <strong>c\u00f3mo se enmarca esta decisi\u00f3n dentro de las discusiones de un nuevo programa con el Fondo Monetario Internacional (FMI), <\/strong>que se ha mostrado muy conforme con la pol\u00edtica econ\u00f3mica y sus resultados. Pero que pone en foco en la correcci\u00f3n del tipo de cambio oficial, la eliminaci\u00f3n del d\u00f3lar <em>blend <\/em>para los exportadores y la unificaci\u00f3n cambiaria. Pero si dentro de las discusiones se decidi\u00f3 avanzar en la baja del <em>crawl<\/em>, es una indicaci\u00f3n de cierta flexibilidad del FMI y autonom\u00eda del Gobierno en esta materia\u201d, dijo <strong>Fernando Baer, <\/strong>economista de Quantum Finanzas.<\/p>\n<div class=\"content-media\">\n<section role=\"button\" class=\"mod-media   \">\n<figure role=\"button\" class=\"mod-figure \"><figcaption class=\"mod-figcaption\"><span class=\"com-text --caption --twoxs\">La fachada del Banco Central, en el microcentro porte\u00f1o<\/span><span class=\"com-text --credit --twoxs\">Ricardo Pristupluk<\/span><\/figcaption><\/figure>\n<\/section>\n<\/div>\n<p class=\"com-paragraph   --s\">Para los analistas de Facimex Valores, <strong>esta decisi\u00f3n podr\u00eda estar acompa\u00f1ada con una leva baja de la tasa de pol\u00edtica monetaria, de unos 150 puntos b\u00e1sicos.<\/strong> Actualmente, la tasa se ubica en un 32% nominal anual (TNA). Sin embargo, advirtieron que el dato de inflaci\u00f3n de diciembre (m\u00e1s alto del 2,5% mensual que hab\u00eda hecho menci\u00f3n el gobierno para reducir el <em>crawling peg<\/em>) <strong>y la ca\u00edda estacional de la demanda de dinero son factores que podr\u00edan justificar una \u201cmayor cautela\u201d por parte del BCRA. <\/strong><\/p>\n<p class=\"com-paragraph   --s\"><strong>\u201cEs m\u00e1s o menos lo que el mercado esperaba.<\/strong> Algunos podr\u00e1n argumentar que con la inflaci\u00f3n n\u00facleo<em> <\/em>en 3,2% podr\u00edan haber esperado un poco m\u00e1s, pero tambi\u00e9n est\u00e1n las expectativas. <strong>Lo m\u00e1s probable es que esta medida vaya acompa\u00f1ada de un recorte de tasas y todo esto est\u00e9 orientado a anclar a\u00fan m\u00e1s la nominalidad. <\/strong>En la medida en que las expectativas de inflaci\u00f3n sigan cayendo, no veo impacto negativo en las reservas, pero <strong>es importante que esto suceda para evitar una apreciaci\u00f3n del tipo de cambio real exagerada<\/strong> que comience a impactar negativamente en ese punto\u201d, coincidi\u00f3 Andr\u00e9s Reschini, economista de F2 Finanzas.<\/p>\n<p class=\"com-paragraph   --s\">Para Mart\u00edn D\u2019Odorico, director de Guardian Capital, la disminuci\u00f3n del <em>crawling peg <\/em>al 1% mensual podr\u00eda tener un impacto \u201csignificativo\u201d en la desaceleraci\u00f3n de la inflaci\u00f3n, <strong>pero agreg\u00f3 que no todos los precios responden de inmediato<\/strong> y que el objetivo de que la inflaci\u00f3n converja al ritmo de las devaluaciones del d\u00f3lar mayorista \u201cpuede tomar su tiempo\u201d.<\/p>\n<div class=\"content-media cursor-pointer\">\n<section class=\"mod-media ratio-16-9\">\n<div class=\"mod-video\">\n<figure class=\"video-player bg-black ratio-16-9\">\n<div id=\"facade-2OIJhZNp\" class=\"content-facade-jw relative bg-black ratio-16-9\"><picture><source media=\"(min-width: 768px)\" srcset=\"https:\/\/cdn.jwplayer.com\/v2\/media\/2OIJhZNp\/poster.jpg?width=720\"\/><\/picture><\/div><figcaption class=\"border border-1 border-bottom border-light-300 bg-white relative mb-8 px-16 py-8 min-h-36 w-100_md px-0_l\"><span class=\"text ln-text text-16 block\">D\u00f3lar: cu\u00e1l es el nivel que requiere la Argentina y los problemas de la apreciaci\u00f3n, seg\u00fan Ferreres<\/span><\/figcaption><\/figure>\n<\/div>\n<\/section>\n<\/div>\n<p class=\"com-paragraph   --s\">\u201cEl principal temor macroecon\u00f3mico es si se podr\u00e1 mantener este nivel del tipo de cambio. Es decir, si existen suficientes d\u00f3lares para satisfacer la demanda en una econom\u00eda donde la moneda se aprecia. <strong>Para ello es importante seguir de cerca el balance del Banco Central, que ha mostrado un buen ritmo desde que comenz\u00f3 el a\u00f1o<\/strong>\u201d, complet\u00f3.<\/p>\n<p class=\"com-paragraph   --s\">Sin ir m\u00e1s lejos, <strong>este martes el Banco Central sum\u00f3 US$168 millones por sus intervenciones en el mercado de cambios.<\/strong> Desde que arranc\u00f3 el 2025, mantiene una racha positiva de recompra de reservas, con <strong>un acumulado de US$1218 millones.<\/strong><\/p>\n<p class=\"com-paragraph   --s\"><strong>\u201cEl impacto depender\u00e1 de la credibilidad del Banco Central y la sostenibilidad de la medida.<\/strong> Si la reducci\u00f3n del <em>crawling peg <\/em>se percibe como parte de un plan econ\u00f3mico integral con respaldo en reservas y medidas fiscales, podr\u00eda ser positiva. Sin embargo, si el mercado desconf\u00eda de la capacidad de mantenerlo, aumentar\u00e1 la volatilidad y presiones en los mercados cambiarios y financieros\u201d, cerr\u00f3 D\u2019Odorico.<\/p>\n<section class=\"border border-bottom border-thin border-neutral-light-100 py-24 mb-32\">\n<div class=\"w-100 flex flex-column gap-4\"><span class=\"text ln-text text-12\">Conforme a <strong> los criterios de<\/strong><\/span><\/div>\n<\/section>\n<\/div>\n","protected":false},"excerpt":{"rendered":"<p>Luego de que se conociera que la inflaci\u00f3n de diciembre fue del 2,7% mensual, el Banco Central confirm\u00f3 que reducir\u00e1 el ritmo de devaluaci\u00f3n del d\u00f3lar oficial mayorista del 2% al 1% mensual a partir del pr\u00f3ximo 1\u00b0 de febrero. Se trata del primer cambio en la pol\u00edtica cambiaria desde mediados de diciembre de 2023. [&hellip;]<\/p>\n","protected":false},"author":2,"featured_media":122715,"comment_status":"closed","ping_status":"closed","sticky":false,"template":"","format":"standard","meta":{"footnotes":""},"categories":[28],"tags":[],"class_list":["post-122714","post","type-post","status-publish","format-standard","has-post-thumbnail","hentry","category-economia"],"_links":{"self":[{"href":"https:\/\/radioacuariofm.com.ar\/index.php?rest_route=\/wp\/v2\/posts\/122714","targetHints":{"allow":["GET"]}}],"collection":[{"href":"https:\/\/radioacuariofm.com.ar\/index.php?rest_route=\/wp\/v2\/posts"}],"about":[{"href":"https:\/\/radioacuariofm.com.ar\/index.php?rest_route=\/wp\/v2\/types\/post"}],"author":[{"embeddable":true,"href":"https:\/\/radioacuariofm.com.ar\/index.php?rest_route=\/wp\/v2\/users\/2"}],"replies":[{"embeddable":true,"href":"https:\/\/radioacuariofm.com.ar\/index.php?rest_route=%2Fwp%2Fv2%2Fcomments&post=122714"}],"version-history":[{"count":1,"href":"https:\/\/radioacuariofm.com.ar\/index.php?rest_route=\/wp\/v2\/posts\/122714\/revisions"}],"predecessor-version":[{"id":122716,"href":"https:\/\/radioacuariofm.com.ar\/index.php?rest_route=\/wp\/v2\/posts\/122714\/revisions\/122716"}],"wp:featuredmedia":[{"embeddable":true,"href":"https:\/\/radioacuariofm.com.ar\/index.php?rest_route=\/wp\/v2\/media\/122715"}],"wp:attachment":[{"href":"https:\/\/radioacuariofm.com.ar\/index.php?rest_route=%2Fwp%2Fv2%2Fmedia&parent=122714"}],"wp:term":[{"taxonomy":"category","embeddable":true,"href":"https:\/\/radioacuariofm.com.ar\/index.php?rest_route=%2Fwp%2Fv2%2Fcategories&post=122714"},{"taxonomy":"post_tag","embeddable":true,"href":"https:\/\/radioacuariofm.com.ar\/index.php?rest_route=%2Fwp%2Fv2%2Ftags&post=122714"}],"curies":[{"name":"wp","href":"https:\/\/api.w.org\/{rel}","templated":true}]}}