{"id":122710,"date":"2025-01-15T03:50:50","date_gmt":"2025-01-15T06:50:50","guid":{"rendered":"https:\/\/radioacuariofm.com.ar\/?p=122710"},"modified":"2025-01-15T03:51:05","modified_gmt":"2025-01-15T06:51:05","slug":"esquivo-el-acuerdo-con-el-pro-y-defendio-la-motosierra-2","status":"publish","type":"post","link":"https:\/\/radioacuariofm.com.ar\/?p=122710","title":{"rendered":"esquiv\u00f3 el acuerdo con el PRO y defendi\u00f3 la \u201cmotosierra\u201d"},"content":{"rendered":"<p><img decoding=\"async\" src=\"https:\/\/radioacuariofm.com.ar\/wp-content\/uploads\/2025\/01\/02LtNfsPT_2000x1500__1-1.jpg\"\/>  <\/p>\n<p>\u201cDisculpe joven, \u00bfpor qu\u00e9 est\u00e1n luchando, qu\u00e9 est\u00e1n pidiendo?\u201d, quiso saber una mujer que confundi\u00f3 la aglomeraci\u00f3n de gente que esperaba para entrar al<strong> Centro Gallego<\/strong> con una manifestaci\u00f3n, una protesta. \u201cNada, se\u00f1ora, no pedimos nada. <strong>Venimos a ver a Karina Milei<\/strong>\u201c, le contest\u00f3 un muchacho, uno de los pocos que llevaba una banderita con la figura de un le\u00f3n, algo desconcertado tambi\u00e9n, porque aun acreditado se qued\u00f3 afuera de la reuni\u00f3n (\u201cno es un acto\u201d, se encargaron de aclarar) que<strong> la secretaria general de la presidencia mantuvo en Mar del Plata con militantes. La prensa tambi\u00e9n qued\u00f3 en la vereda.<\/strong><\/p>\n<p>La hermana del presidente Javier Milei lleg\u00f3 con el presidente de la C\u00e1mara de Diputados, <strong>Mart\u00edn Menem<\/strong>, y el presidente de La Libertad Avanza en la provincia de Buenos Aires, Sebasti\u00e1n Pareja. Sin escenario, <strong>se ubicaron en tres sillas al fondo de sal\u00f3n para responder preguntas de los militantes<\/strong>. Ofici\u00f3 de anfitri\u00f3n Alejandro Carrancio, diputado provincial por la quinta secci\u00f3n y coordinador del Improtur.<\/p>\n<p>Y cu\u00e1les fueron las inquietudes que les trasmitieron a los dirigentes: <strong>si habr\u00e1 acuerdo con el Pro<\/strong> en medio de las rispideces, y <strong>si ella, Karina, va a ser candidata<\/strong>. Agradecimientos a los marplatenses, especialmente a los j\u00f3venes \u201cque hicieron conocido a Milei, que convencieron a sus padres y abuelos a escuchar nuestras propuestas\u201d, alguna an\u00e9cdota (\u201cNo se si ustedes saben, pero mi madre es de esta ciudad\u201d, cont\u00f3 Karina), pero <strong>respuestas concretas no hubo.<\/strong><\/p>\n<p>\u201cEstamos viendo c\u00f3mo La Libertad Avanza sigue creciendo, y nuestro mayor logro es haber hecho lo que dijimos que \u00edbamos a hacer. Eso ha generado confianza en millones de argentinos que se dan cuenta de que el pa\u00eds mejora cuando hacemos lo que debemos hacer\u201d, divulg\u00f3 <strong>la prensa de la LLA apenas concluy\u00f3 el encuentro, que dur\u00f3 poco m\u00e1s de una hora<\/strong>. \u201cSeguiremos diciendo la verdad y ayudando a los argentinos, pero ense\u00f1ando que el Estado no debe estar en el medio, porque <strong>mientras menos Estado haya, mejor nos ir\u00e1.\u201d<\/strong><\/p>\n<p>Muchos vecinos,<strong> alg\u00fan dirigente, personajes de la tele<\/strong>, como Alfa, el exparticipante de Gran Hermano, y el relator y comentarista deportivo Daniel Mollo, identificado con la campa\u00f1a de Boca Juniors; Luis Tagliapietra, padre de uno de los tripulantes desaparecidos en el Ara San Juan, hicieron fila en el Centro Gallego de esta ciudad, que con trescientos lugares fue a contrapelo del crecimiento que destaca la gente de La Libertad Avanza.<\/p>\n<p>\u201cEstoy emocionado por el crecimiento de La Libertad Avanza. Este es un momento hist\u00f3rico porque el partido trasciende a las personas, que es como debe ser. Nuestra tarea es clara: desregular la econom\u00eda, bajar impuestos y, de esta manera, impulsar el crecimiento econ\u00f3mico. Ning\u00fan pa\u00eds ha prosperado sin estabilidad monetaria, y ese es nuestro punto de partida\u201d, explic\u00f3 Mart\u00edn Menem.<\/p>\n","protected":false},"excerpt":{"rendered":"<p>\u201cDisculpe joven, \u00bfpor qu\u00e9 est\u00e1n luchando, qu\u00e9 est\u00e1n pidiendo?\u201d, quiso saber una mujer que confundi\u00f3 la aglomeraci\u00f3n de gente que esperaba para entrar al Centro Gallego con una manifestaci\u00f3n, una protesta. \u201cNada, se\u00f1ora, no pedimos nada. Venimos a ver a Karina Milei\u201c, le contest\u00f3 un muchacho, uno de los pocos que llevaba una banderita con [&hellip;]<\/p>\n","protected":false},"author":2,"featured_media":122711,"comment_status":"closed","ping_status":"closed","sticky":false,"template":"","format":"standard","meta":{"footnotes":""},"categories":[26],"tags":[],"class_list":["post-122710","post","type-post","status-publish","format-standard","has-post-thumbnail","hentry","category-politica"],"_links":{"self":[{"href":"https:\/\/radioacuariofm.com.ar\/index.php?rest_route=\/wp\/v2\/posts\/122710","targetHints":{"allow":["GET"]}}],"collection":[{"href":"https:\/\/radioacuariofm.com.ar\/index.php?rest_route=\/wp\/v2\/posts"}],"about":[{"href":"https:\/\/radioacuariofm.com.ar\/index.php?rest_route=\/wp\/v2\/types\/post"}],"author":[{"embeddable":true,"href":"https:\/\/radioacuariofm.com.ar\/index.php?rest_route=\/wp\/v2\/users\/2"}],"replies":[{"embeddable":true,"href":"https:\/\/radioacuariofm.com.ar\/index.php?rest_route=%2Fwp%2Fv2%2Fcomments&post=122710"}],"version-history":[{"count":1,"href":"https:\/\/radioacuariofm.com.ar\/index.php?rest_route=\/wp\/v2\/posts\/122710\/revisions"}],"predecessor-version":[{"id":122713,"href":"https:\/\/radioacuariofm.com.ar\/index.php?rest_route=\/wp\/v2\/posts\/122710\/revisions\/122713"}],"wp:featuredmedia":[{"embeddable":true,"href":"https:\/\/radioacuariofm.com.ar\/index.php?rest_route=\/wp\/v2\/media\/122711"}],"wp:attachment":[{"href":"https:\/\/radioacuariofm.com.ar\/index.php?rest_route=%2Fwp%2Fv2%2Fmedia&parent=122710"}],"wp:term":[{"taxonomy":"category","embeddable":true,"href":"https:\/\/radioacuariofm.com.ar\/index.php?rest_route=%2Fwp%2Fv2%2Fcategories&post=122710"},{"taxonomy":"post_tag","embeddable":true,"href":"https:\/\/radioacuariofm.com.ar\/index.php?rest_route=%2Fwp%2Fv2%2Ftags&post=122710"}],"curies":[{"name":"wp","href":"https:\/\/api.w.org\/{rel}","templated":true}]}}