{"id":122706,"date":"2025-01-15T03:50:33","date_gmt":"2025-01-15T06:50:33","guid":{"rendered":"https:\/\/radioacuariofm.com.ar\/?p=122706"},"modified":"2025-01-15T03:50:48","modified_gmt":"2025-01-15T06:50:48","slug":"el-gobierno-designo-a-fuerzas-federales-ante-interpol","status":"publish","type":"post","link":"https:\/\/radioacuariofm.com.ar\/?p=122706","title":{"rendered":"El Gobierno design\u00f3 a fuerzas federales ante Interpol"},"content":{"rendered":"<p><img decoding=\"async\" src=\"https:\/\/radioacuariofm.com.ar\/wp-content\/uploads\/2025\/01\/X4L3mC3tQ_2000x1500__1-1.jpg\"\/>   <\/p>\n<p>El Gobierno oficializ\u00f3 la incorporaci\u00f3n de nuevas fuerzas de seguridad argentinas a la Organizaci\u00f3n Internacional de Polic\u00eda Criminal (OIPC), conocida como Interpol. Adem\u00e1s de la Polic\u00eda Federal Argentina, que ya formaba parte de la organizaci\u00f3n, se suman ahora la<strong> Gendarmer\u00eda Nacional<\/strong>, la <strong>Prefectura Naval Argentina <\/strong>y la <strong>Polic\u00eda de Seguridad Aeroportuaria<\/strong>, dado que el Ministerio de Seguridad considera que esta participaci\u00f3n es \u201coportuna\u201d y \u201cnecesaria\u201d.<\/p>\n<p>Mediante el Decreto 27\/2025, publicado en el Bolet\u00edn Oficial del 15 de enero de 2025, el gobierno modific\u00f3 el Decreto 684 del a\u00f1o 1962, ampliando el \u00e1mbito de participaci\u00f3n de las fuerzas de seguridad nacionales en Interpol, \u201cen virtud de la transversalidad con la cual la <strong>problem\u00e1tica delictiva afecta a la sociedad e instituciones argentinas<\/strong>\u201c. Adem\u00e1s, se destac\u00f3<strong> \u201c<\/strong>la influencia positiva que podr\u00e1 obtenerse de la incorporaci\u00f3n\u201d de las fuerzas federales a \u201cotros \u00e1mbitos de trabajo y de conocimiento\u201d, seg\u00fan se se\u00f1ala en los considerandos de la norma.<\/p>\n<p>De acuerdo con el nuevo decreto, la Polic\u00eda Federal Argentina seguir\u00e1 al frente de la coordinaci\u00f3n nacional ante INTERPOL, pero las otras fuerzas ahora incorporadas tambi\u00e9n podr\u00e1n designar a un representante en la sede de la Oficina Central Nacional de Interpol en Buenos Aires.<\/p>\n<p>La normativa, firmada por el presidente Javier Milei y la ministra Patricia Bullrich, tambi\u00e9n habilita al Ministerio de Seguridad a dictar normas aclaratorias y complementarias necesarias para la implementaci\u00f3n de los cambios establecidos por el decreto.<\/p>\n<p>La medida del Gobierno ocurri\u00f3 horas despu\u00e9s de que Patricia Bullrich anunciara este martes la detenci\u00f3n en la Argentina de un terrorista relacionado con el Estado Isl\u00e1mico, tambi\u00e9n conocido como Daesh.<\/p>\n<h2>Patricia Bullrich anunci\u00f3 la detenci\u00f3n de un terrorista vinculado con el Estado Isl\u00e1mico<\/h2>\n<p>El operativo se extendi\u00f3 durante nueve meses, cont\u00f3 con el trabajo de Prefectura Naval, de la Direcci\u00f3n Nacional de Inteligencia Criminal y la asistencia del FBI. <\/p>\n<p>\u201cRepresentaba una amenaza concreta contra la seguridad nacional\u201d, dijo la funcionaria del Poder Ejecutivo, a cargo de la cartera de Seguridad.<\/p>\n<p>Seg\u00fan se inform\u00f3, se trata de David Nazareno \u00c1vila, \u201cllamado Naza en los distintos grupos en los que participaba, grupos radicalizados\u201d. Viv\u00eda en General Roca, en la provincia R\u00edo Negro, y trabajaba como cadete de mensajer\u00eda.<\/p>\n<h2>Video<\/h2>\n<p>La ministra de Seguridad, Patricia Bullrich, dijo que el detenido \u201cpertenec\u00eda a una red global de odio y destrucci\u00f3n\u201d.<\/p>\n<p>Es un \u201cterrorista convertido al Islam en la Argentina\u201d, a\u00f1adi\u00f3 la funcionaria, que a\u00f1adi\u00f3 que pertenec\u00eda a una \u201cred global de odio y destrucci\u00f3n\u201d<\/p>\n<p>Seg\u00fan inform\u00f3 el Ministerio de Seguridad, el procedimiento que culmin\u00f3 con la detenci\u00f3n de \u00c1vila se bas\u00f3 en inteligencia de agentes de la Direcci\u00f3n Nacional de Inteligencia Criminal (DNIC) con asistencia del FBI estadounidense, que hab\u00eda provisto un informe que alertaba sobre las actividades de un ciudadano argentino de 24 a\u00f1os.<\/p>\n<p>Seg\u00fan indic\u00f3 la ministra Bullrich este martes, el plan terrorista estaba \u201cavanzado\u201d al momento del descubrimiento. \u201cLo que llaman encomienda, que es cuando los terroristas se encomiendan para obtener una misi\u00f3n, una gu\u00eda. Es la \u00faltima etapa para consumar un atentado\u201d, denunci\u00f3 Bullrich.<\/p>\n","protected":false},"excerpt":{"rendered":"<p>El Gobierno oficializ\u00f3 la incorporaci\u00f3n de nuevas fuerzas de seguridad argentinas a la Organizaci\u00f3n Internacional de Polic\u00eda Criminal (OIPC), conocida como Interpol. Adem\u00e1s de la Polic\u00eda Federal Argentina, que ya formaba parte de la organizaci\u00f3n, se suman ahora la Gendarmer\u00eda Nacional, la Prefectura Naval Argentina y la Polic\u00eda de Seguridad Aeroportuaria, dado que el Ministerio [&hellip;]<\/p>\n","protected":false},"author":2,"featured_media":122707,"comment_status":"closed","ping_status":"closed","sticky":false,"template":"","format":"standard","meta":{"footnotes":""},"categories":[26],"tags":[],"class_list":["post-122706","post","type-post","status-publish","format-standard","has-post-thumbnail","hentry","category-politica"],"_links":{"self":[{"href":"https:\/\/radioacuariofm.com.ar\/index.php?rest_route=\/wp\/v2\/posts\/122706","targetHints":{"allow":["GET"]}}],"collection":[{"href":"https:\/\/radioacuariofm.com.ar\/index.php?rest_route=\/wp\/v2\/posts"}],"about":[{"href":"https:\/\/radioacuariofm.com.ar\/index.php?rest_route=\/wp\/v2\/types\/post"}],"author":[{"embeddable":true,"href":"https:\/\/radioacuariofm.com.ar\/index.php?rest_route=\/wp\/v2\/users\/2"}],"replies":[{"embeddable":true,"href":"https:\/\/radioacuariofm.com.ar\/index.php?rest_route=%2Fwp%2Fv2%2Fcomments&post=122706"}],"version-history":[{"count":1,"href":"https:\/\/radioacuariofm.com.ar\/index.php?rest_route=\/wp\/v2\/posts\/122706\/revisions"}],"predecessor-version":[{"id":122709,"href":"https:\/\/radioacuariofm.com.ar\/index.php?rest_route=\/wp\/v2\/posts\/122706\/revisions\/122709"}],"wp:featuredmedia":[{"embeddable":true,"href":"https:\/\/radioacuariofm.com.ar\/index.php?rest_route=\/wp\/v2\/media\/122707"}],"wp:attachment":[{"href":"https:\/\/radioacuariofm.com.ar\/index.php?rest_route=%2Fwp%2Fv2%2Fmedia&parent=122706"}],"wp:term":[{"taxonomy":"category","embeddable":true,"href":"https:\/\/radioacuariofm.com.ar\/index.php?rest_route=%2Fwp%2Fv2%2Fcategories&post=122706"},{"taxonomy":"post_tag","embeddable":true,"href":"https:\/\/radioacuariofm.com.ar\/index.php?rest_route=%2Fwp%2Fv2%2Ftags&post=122706"}],"curies":[{"name":"wp","href":"https:\/\/api.w.org\/{rel}","templated":true}]}}