{"id":122626,"date":"2025-01-15T01:20:03","date_gmt":"2025-01-15T04:20:03","guid":{"rendered":"https:\/\/radioacuariofm.com.ar\/?p=122626"},"modified":"2025-01-15T01:20:22","modified_gmt":"2025-01-15T04:20:22","slug":"evo-morales-no-asistio-a-la-audiencia-por-el-caso-de-abuso-y-le-dan-48-horas-para-justificar-su-ausencia","status":"publish","type":"post","link":"https:\/\/radioacuariofm.com.ar\/?p=122626","title":{"rendered":"Evo Morales no asisti\u00f3 a la audiencia por el caso de abuso y le dan 48 horas para justificar su ausencia"},"content":{"rendered":"<p><img decoding=\"async\" src=\"https:\/\/radioacuariofm.com.ar\/wp-content\/uploads\/2025\/01\/JbZmpT-80_2000x1500__1-1.jpg\"\/><\/p>\n<p><\/p>\n<p>El ex presidente de Bolivia <strong>Evo Morales<\/strong> no acudi\u00f3 este martes a la audiencia cautelar programada por el caso de trata agravada de personas en su contra, alegando, seg\u00fan su defensa, problemas m\u00e9dicos. La cita fue reprogramada para el 17 de enero y el juez a cargo le dio 48 horas para demostrar su enfermedad.<\/p>\n<p>\u201cSe ha presentado un memorial, adjuntando un certificado m\u00e9dico donde se han presentado diferentes patolog\u00edas, entre las m\u00e1s importantes est\u00e1 una bronconeumon\u00eda, y la m\u00e9dico que ha (valorado su salud) le prescribi\u00f3 que haga reposo absoluto por 5 d\u00edas. Se ha valorado este certificado como v\u00e1lido\u201d, dijo el juez a cargo, Nelson Alberto Rocabado. <\/p>\n<p>El juez dio una conferencia de prensa luego de suspender la audiencia y manifest\u00f3 que en 48 horas la defensa de Morales deber\u00e1 presentar pruebas m\u00e9dicas que establezcan la enfermedad del ex mandatario.<\/p>\n<p>El ex gobernante debe ser sometido a <strong>ex\u00e1menes de neumolog\u00eda y cardiolog\u00eda<\/strong>, adem\u00e1s de una prueba de sangre completa, que estar\u00e1n a cargo del Instituto de Investigaciones Forenses (IDIF), que depende del Ministerio P\u00fablico.<\/p>\n<p>Durante la presentaci\u00f3n de los incidentes procesales, la defensa de Morales aleg\u00f3 este martes que su defendido se encuentra \u201cenfermo\u201d y por tratarse de una persona \u201cde la tercera edad\u201d no pudo viajar desde la zona central del Tr\u00f3pico de Cochabamba, su basti\u00f3n pol\u00edtico y sindical, hasta la regi\u00f3n sure\u00f1a de Tarija, informaron fuentes del juzgado. <\/p>\n<p>El lunes, otro de los abogados del ex mandatario, Wilfredo Ch\u00e1vez, descart\u00f3 que Morales asistir\u00eda a la audiencia porque seg\u00fan \u00e9l no fue \u201cnotificado\u201d.<\/p>\n<p>  Seguidores de Evo Morales marcharon el lunes a La Paz y se enfrentaron con la polic\u00eda. Foto: REUTERS    <\/p>\n<p>El juez Rocabado decidi\u00f3 que la audiencia de Morales se realice este viernes, pero determin\u00f3 declarar en rebeld\u00eda a la madre de la supuesta v\u00edctima de Morales, contra quien orden\u00f3 que se emita una orden de captura.<\/p>\n<p>Por su parte, la fiscal departamental de Tarija, Sandra Guti\u00e9rrez, adelant\u00f3 que si el ex presidente no se presenta a su audiencia el viernes<strong>, \u201ctendr\u00e1 tambi\u00e9n que ser declarado rebelde\u201d.<\/strong><\/p>\n<p>La Justicia emiti\u00f3 el pasado 16 de octubre una orden de aprehensi\u00f3n contra el ex gobernante que la Polic\u00eda no ha podido cumplir hasta ahora, y el pol\u00edtico tambi\u00e9n cuenta con una alerta migratoria.<\/p>\n<p>Morales e<strong>s investigado por el delito de trata agravada contra una menor de 15 a\u00f1os<\/strong>, con quien presuntamente tuvo un hijo en 2016, cuando \u00e9l era presidente de Bolivia.<\/p>\n<p>  <img decoding=\"async\" alt=\"Una marcha de apoyo a Evo Morales termin\u00f3 con incidentes el lunes en La Paz. Foto: REUTERS \" src=\"https:\/\/radioacuariofm.com.ar\/wp-content\/uploads\/2025\/01\/IIM-3lzVc_720x0__1.jpg\"\/>Una marcha de apoyo a Evo Morales termin\u00f3 con incidentes el lunes en La Paz. Foto: REUTERS   <\/p>\n<p>Recientemente, un tribunal notific\u00f3 por edicto al tambi\u00e9n ex l\u00edder del gubernamental Movimiento al Socialismo (MAS) para que se presentara este martes a la audiencia en Tarija, donde se investiga el caso.<\/p>\n<h2>Protestas y m\u00e1xima seguridad<\/h2>\n<p>Horas antes de instalarse la audiencia, un equipo de bomberos especialistas en explosivos revisaron la sala judicial y la Polic\u00eda despleg\u00f3 un contingente para cerrar los alrededores del Tribunal por seguridad. <\/p>\n<p>Algunos ciudadanos llegaron hasta el lugar con carteles en los que se le\u00eda mensajes como \u201cQue el ped\u00f3filo enfrente su destino ante la Justicia\u201d, Nuestras ni\u00f1as se respetan\u201d y \u201cJusticia para los ni\u00f1os, juicio para el ped\u00f3filo\u201d, entre otros. <\/p>\n<p>Ante la posible detenci\u00f3n de Morales, sus seguidores bloquearon carreteras durante 24 d\u00edas entre octubre y noviembre para defenderlo.<\/p>\n<p>Este lunes, un grupo de sus simpatizantes lleg\u00f3 a La Paz despu\u00e9s de tres d\u00edas de caminata para demandar al Gobierno soluciones a la crisis econ\u00f3mica, pero adem\u00e1s un \u201calto a la persecuci\u00f3n\u201d contra su l\u00edder.<\/p>\n<p>La defensa del ex presidente ha se\u00f1alado varias veces que el proceso est\u00e1 \u201cviciado de irregularidades\u201d y considera que es parte de una persecuci\u00f3n en su contra para inhabilitar su anunciada candidatura presidencial para las elecciones generales previstas para agosto.<\/p>\n","protected":false},"excerpt":{"rendered":"<p>El ex presidente de Bolivia Evo Morales no acudi\u00f3 este martes a la audiencia cautelar programada por el caso de trata agravada de personas en su contra, alegando, seg\u00fan su defensa, problemas m\u00e9dicos. La cita fue reprogramada para el 17 de enero y el juez a cargo le dio 48 horas para demostrar su enfermedad. [&hellip;]<\/p>\n","protected":false},"author":2,"featured_media":122627,"comment_status":"closed","ping_status":"closed","sticky":false,"template":"","format":"standard","meta":{"footnotes":""},"categories":[33],"tags":[],"class_list":["post-122626","post","type-post","status-publish","format-standard","has-post-thumbnail","hentry","category-el-mundo"],"_links":{"self":[{"href":"https:\/\/radioacuariofm.com.ar\/index.php?rest_route=\/wp\/v2\/posts\/122626","targetHints":{"allow":["GET"]}}],"collection":[{"href":"https:\/\/radioacuariofm.com.ar\/index.php?rest_route=\/wp\/v2\/posts"}],"about":[{"href":"https:\/\/radioacuariofm.com.ar\/index.php?rest_route=\/wp\/v2\/types\/post"}],"author":[{"embeddable":true,"href":"https:\/\/radioacuariofm.com.ar\/index.php?rest_route=\/wp\/v2\/users\/2"}],"replies":[{"embeddable":true,"href":"https:\/\/radioacuariofm.com.ar\/index.php?rest_route=%2Fwp%2Fv2%2Fcomments&post=122626"}],"version-history":[{"count":1,"href":"https:\/\/radioacuariofm.com.ar\/index.php?rest_route=\/wp\/v2\/posts\/122626\/revisions"}],"predecessor-version":[{"id":122630,"href":"https:\/\/radioacuariofm.com.ar\/index.php?rest_route=\/wp\/v2\/posts\/122626\/revisions\/122630"}],"wp:featuredmedia":[{"embeddable":true,"href":"https:\/\/radioacuariofm.com.ar\/index.php?rest_route=\/wp\/v2\/media\/122627"}],"wp:attachment":[{"href":"https:\/\/radioacuariofm.com.ar\/index.php?rest_route=%2Fwp%2Fv2%2Fmedia&parent=122626"}],"wp:term":[{"taxonomy":"category","embeddable":true,"href":"https:\/\/radioacuariofm.com.ar\/index.php?rest_route=%2Fwp%2Fv2%2Fcategories&post=122626"},{"taxonomy":"post_tag","embeddable":true,"href":"https:\/\/radioacuariofm.com.ar\/index.php?rest_route=%2Fwp%2Fv2%2Ftags&post=122626"}],"curies":[{"name":"wp","href":"https:\/\/api.w.org\/{rel}","templated":true}]}}