{"id":122390,"date":"2025-01-14T16:42:16","date_gmt":"2025-01-14T19:42:16","guid":{"rendered":"https:\/\/radioacuariofm.com.ar\/?p=122390"},"modified":"2025-01-14T16:42:16","modified_gmt":"2025-01-14T19:42:16","slug":"la-colonia-de-verano-se-consolida-como-un-espacio-de-encuentro-y-crecimiento","status":"publish","type":"post","link":"https:\/\/radioacuariofm.com.ar\/?p=122390","title":{"rendered":"La colonia de verano se consolida como un espacio de encuentro y crecimiento"},"content":{"rendered":"<p><\/p>\n<div>\n<p>Este martes 14 de enero se realiz\u00f3 una visita a la Colonia de Verano en Capital en el predio Col\u00f3n Juniors. Con m\u00e1s de 1300 participantes, la colonia recibe a ni\u00f1os de 6 a 12 a\u00f1os, personas mayores y personas con discapacidad, destacando el compromiso con la inclusi\u00f3n. El programa, repleto de actividades deportivas, did\u00e1cticas y recreativas, ofrece a los participantes la oportunidad de vivir un verano lleno de diversi\u00f3n y aprendizaje al aire libre.<\/p>\n<p>Durante la visita, se evidenci\u00f3 el impacto positivo de esta iniciativa, subrayando el papel esencial del deporte y la recreaci\u00f3n en la construcci\u00f3n de la comunidad. En ese sentido, la colonia de verano se consolida como un espacio de encuentro y crecimiento, contribuyendo al bienestar integral de los participantes y fortaleciendo el crecimiento personal de los sanjuaninos.<\/p>\n<p>La presencia de las autoridades refuerza el compromiso del gobierno con el bienestar y desarrollo integral de sus ciudadanos, a trav\u00e9s de programas inclusivos y accesibles. Asistieron el ministro de Familia y Desarrollo Humano, Carlos Platero; la intendente de Capital, Susana Laciar y el subsecretario de Desarrollo Social, Miguel Blanquier.<\/p>\n<p>Los chicos hacen actividades recreativas, deportivas, toman conciencia del cuidado del medio ambiente a trav\u00e9s del reciclado. Una tem\u00e1tica es que lo chicos ense\u00f1an a los adultos tem\u00e1ticas vinculadas a la tecnolog\u00eda\u201d, destac\u00f3 el Ministro Platero.<\/p>\n<\/p><\/div>\n<p><script async defer crossorigin=\"anonymous\" src=\"https:\/\/connect.facebook.net\/es_ES\/sdk.js#xfbml=1&#038;version=v3.3\"><\/script><\/p>\n","protected":false},"excerpt":{"rendered":"<p>Este martes 14 de enero se realiz\u00f3 una visita a la Colonia de Verano en Capital en el predio Col\u00f3n Juniors. Con m\u00e1s de 1300 participantes, la colonia recibe a ni\u00f1os de 6 a 12 a\u00f1os, personas mayores y personas con discapacidad, destacando el compromiso con la inclusi\u00f3n. El programa, repleto de actividades deportivas, did\u00e1cticas [&hellip;]<\/p>\n","protected":false},"author":2,"featured_media":122391,"comment_status":"closed","ping_status":"closed","sticky":false,"template":"","format":"standard","meta":{"footnotes":""},"categories":[27],"tags":[],"class_list":["post-122390","post","type-post","status-publish","format-standard","has-post-thumbnail","hentry","category-san-juan"],"_links":{"self":[{"href":"https:\/\/radioacuariofm.com.ar\/index.php?rest_route=\/wp\/v2\/posts\/122390","targetHints":{"allow":["GET"]}}],"collection":[{"href":"https:\/\/radioacuariofm.com.ar\/index.php?rest_route=\/wp\/v2\/posts"}],"about":[{"href":"https:\/\/radioacuariofm.com.ar\/index.php?rest_route=\/wp\/v2\/types\/post"}],"author":[{"embeddable":true,"href":"https:\/\/radioacuariofm.com.ar\/index.php?rest_route=\/wp\/v2\/users\/2"}],"replies":[{"embeddable":true,"href":"https:\/\/radioacuariofm.com.ar\/index.php?rest_route=%2Fwp%2Fv2%2Fcomments&post=122390"}],"version-history":[{"count":1,"href":"https:\/\/radioacuariofm.com.ar\/index.php?rest_route=\/wp\/v2\/posts\/122390\/revisions"}],"predecessor-version":[{"id":122392,"href":"https:\/\/radioacuariofm.com.ar\/index.php?rest_route=\/wp\/v2\/posts\/122390\/revisions\/122392"}],"wp:featuredmedia":[{"embeddable":true,"href":"https:\/\/radioacuariofm.com.ar\/index.php?rest_route=\/wp\/v2\/media\/122391"}],"wp:attachment":[{"href":"https:\/\/radioacuariofm.com.ar\/index.php?rest_route=%2Fwp%2Fv2%2Fmedia&parent=122390"}],"wp:term":[{"taxonomy":"category","embeddable":true,"href":"https:\/\/radioacuariofm.com.ar\/index.php?rest_route=%2Fwp%2Fv2%2Fcategories&post=122390"},{"taxonomy":"post_tag","embeddable":true,"href":"https:\/\/radioacuariofm.com.ar\/index.php?rest_route=%2Fwp%2Fv2%2Ftags&post=122390"}],"curies":[{"name":"wp","href":"https:\/\/api.w.org\/{rel}","templated":true}]}}