{"id":122254,"date":"2025-01-14T10:32:24","date_gmt":"2025-01-14T13:32:24","guid":{"rendered":"https:\/\/radioacuariofm.com.ar\/?p=122254"},"modified":"2025-01-14T10:32:41","modified_gmt":"2025-01-14T13:32:41","slug":"me-preocupa-que-se-contagie-o-se-contamine-de-la-euforia-de-los-mercados","status":"publish","type":"post","link":"https:\/\/radioacuariofm.com.ar\/?p=122254","title":{"rendered":"Me preocupa que se contagie o se contamine de la euforia de los mercados"},"content":{"rendered":"<p><img decoding=\"async\" src=\"https:\/\/radioacuariofm.com.ar\/wp-content\/uploads\/2025\/01\/JYtY7UUxA_2000x1500__1-1.jpg\"\/>  <\/p>\n<p>El ex ministro de Econom\u00eda <strong>Hern\u00e1n Lacunza<\/strong>, uno de los nombres que Mauricio Macri propuso para avanzar en una alianza electoral entre el PRO y La Libertad Avanza, advirti\u00f3 que le \u201c<strong>preocupa un gobierno que se contagia o se contamina de la euforia de los mercados<\/strong>\u201c.<\/p>\n<p>En medio del fuego cruzado entre los principales dirigentes libertarios y el PRO, Lacunza afirm\u00f3 que quiere \u201clibertad de pensamiento\u201d como filosof\u00eda pol\u00edtica, pero dijo entender \u201cla l\u00f3gica pol\u00edtica de ser monol\u00edtico dentro de un gobierno, m\u00e1s cuando est\u00e1 en sus pasos iniciales\u201d. <\/p>\n<p>\u201cEl pluralismo en esa fase inicial puede ser una dificultad para avanzar. Pero dentro del gobierno y esto no es dentro del gobierno. No iba a estar adentro del gobierno. En todo caso<strong> va a ser un acuerdo o un di\u00e1logo entre dos partidos: oficialismo y oposici\u00f3n, sin cogobierno\u201d<\/strong>, puntualiz\u00f3 en di\u00e1logo con <em>Radio Con Vos.<\/em><\/p>\n<p>Tras las cr\u00edticas que recibi\u00f3 de la ministra de Seguridad y ex titular del PRO, Patricia Bullrich, por haber evaluado negativamente algunas aristas del plan econ\u00f3mico del Gobierno, el ex ministro de Econom\u00eda reproch\u00f3 la actitud y habl\u00f3 de \u201cla soberbia del que sabe todo\u201d.<\/p>\n<p>La ex candidata presidencial hizo referencia directa a las declaraciones que realiz\u00f3 Lacunza en una entrevista con <strong>Clar\u00edn, <\/strong>donde al ser consultado acerca del plan econ\u00f3mico del Ejecutivo nacional resumi\u00f3: \u201cPara m\u00ed, el bolet\u00edn de calificaciones de este a\u00f1o es: un 10 en lo fiscal, un 7 en lo monetario y un 4 en lo cambiario\u201d.<\/p>\n<p>\u201cPor el beneficio de los argentinos y del gobierno en particular, que alguien te advierta \u2018mir\u00e1 que ac\u00e1 hay una materia pendiente\u2019\u2026 Insisto, cualquier gobierno del mundo que se niegue a escuchar me preocupa. Sobre todo, <strong>un gobierno, este o cualquiera, que se contagia o se contamina de la euforia de los mercados<\/strong>. Sab\u00e9s como respeto yo a los mercados\u2026 Un mont\u00f3n, porque los mercados son todos nosotros sumados, ahora suelen ser miopes\u201d, argument\u00f3.<\/p>\n","protected":false},"excerpt":{"rendered":"<p>El ex ministro de Econom\u00eda Hern\u00e1n Lacunza, uno de los nombres que Mauricio Macri propuso para avanzar en una alianza electoral entre el PRO y La Libertad Avanza, advirti\u00f3 que le \u201cpreocupa un gobierno que se contagia o se contamina de la euforia de los mercados\u201c. En medio del fuego cruzado entre los principales dirigentes [&hellip;]<\/p>\n","protected":false},"author":2,"featured_media":122255,"comment_status":"closed","ping_status":"closed","sticky":false,"template":"","format":"standard","meta":{"footnotes":""},"categories":[26],"tags":[],"class_list":["post-122254","post","type-post","status-publish","format-standard","has-post-thumbnail","hentry","category-politica"],"_links":{"self":[{"href":"https:\/\/radioacuariofm.com.ar\/index.php?rest_route=\/wp\/v2\/posts\/122254","targetHints":{"allow":["GET"]}}],"collection":[{"href":"https:\/\/radioacuariofm.com.ar\/index.php?rest_route=\/wp\/v2\/posts"}],"about":[{"href":"https:\/\/radioacuariofm.com.ar\/index.php?rest_route=\/wp\/v2\/types\/post"}],"author":[{"embeddable":true,"href":"https:\/\/radioacuariofm.com.ar\/index.php?rest_route=\/wp\/v2\/users\/2"}],"replies":[{"embeddable":true,"href":"https:\/\/radioacuariofm.com.ar\/index.php?rest_route=%2Fwp%2Fv2%2Fcomments&post=122254"}],"version-history":[{"count":1,"href":"https:\/\/radioacuariofm.com.ar\/index.php?rest_route=\/wp\/v2\/posts\/122254\/revisions"}],"predecessor-version":[{"id":122257,"href":"https:\/\/radioacuariofm.com.ar\/index.php?rest_route=\/wp\/v2\/posts\/122254\/revisions\/122257"}],"wp:featuredmedia":[{"embeddable":true,"href":"https:\/\/radioacuariofm.com.ar\/index.php?rest_route=\/wp\/v2\/media\/122255"}],"wp:attachment":[{"href":"https:\/\/radioacuariofm.com.ar\/index.php?rest_route=%2Fwp%2Fv2%2Fmedia&parent=122254"}],"wp:term":[{"taxonomy":"category","embeddable":true,"href":"https:\/\/radioacuariofm.com.ar\/index.php?rest_route=%2Fwp%2Fv2%2Fcategories&post=122254"},{"taxonomy":"post_tag","embeddable":true,"href":"https:\/\/radioacuariofm.com.ar\/index.php?rest_route=%2Fwp%2Fv2%2Ftags&post=122254"}],"curies":[{"name":"wp","href":"https:\/\/api.w.org\/{rel}","templated":true}]}}