{"id":121213,"date":"2025-01-11T16:40:46","date_gmt":"2025-01-11T19:40:46","guid":{"rendered":"https:\/\/radioacuariofm.com.ar\/?p=121213"},"modified":"2025-01-11T16:41:01","modified_gmt":"2025-01-11T19:41:01","slug":"nicolas-fonseca-se-despidio-de-river-y-recordo-una-patada-que-dio-en-el-superclasico-en-la-bombonera-dejamos-una-marquita","status":"publish","type":"post","link":"https:\/\/radioacuariofm.com.ar\/?p=121213","title":{"rendered":"Nicol\u00e1s Fonseca se despidi\u00f3 de River y record\u00f3 una patada que dio en el Supercl\u00e1sico en la Bombonera: \u201cDejamos una marquita\u201d"},"content":{"rendered":"<p><img decoding=\"async\" src=\"https:\/\/radioacuariofm.com.ar\/wp-content\/uploads\/2025\/01\/ugkDBeZ8v_2000x1500__1-1.jpg\"\/> <\/p>\n<p>El ciclo de <strong>Nicol\u00e1s Fonseca<\/strong> en <strong>River <\/strong>qued\u00f3 marcado por el mal desempe\u00f1o que tuvo en el partido de ida de las semifinales de la Copa Libertadores ante Atl\u00e9tico Mineiro en Brasil, donde el uruguayo de 26 a\u00f1os jug\u00f3 como \u20185\u2019 titular y decepcion\u00f3. Por eso, entre otras razones, deja N\u00fa\u00f1ez y continuar\u00e1 su carrera en <strong>Le\u00f3n de M\u00e9xico,<\/strong> que paga 2,2 millones de d\u00f3lares por el 60% de su pase.<\/p>\n<p>Sin embargo, tambi\u00e9n hubo buenos momentos que el mediocampista charr\u00faa se lleva de su paso por el Millonario. Convirti\u00f3 uno de los mejores goles del a\u00f1o ante Deportivo T\u00e1chira por la fase de grupos de la Libertadores, recuerda con un cari\u00f1o especial el clima que vivi\u00f3 en el Monumental tras eliminar a Colo-Colo y pasar a las semifinales del certamen continental y <strong>tambi\u00e9n se lleva consigo la victoria ante Boca en la Bombonera.<\/strong><\/p>\n<p>Y, curiosamente, el volante que en 2024 debut\u00f3 con el seleccionado uruguayo de Marcelo Bielsa tambi\u00e9n destac\u00f3 de su estancia en el f\u00fatbol argentino una patada que peg\u00f3. <strong>Fue en aquel Supercl\u00e1sico, que arranc\u00f3 como titular de un equipo alternativo en medio de la serie ante Colo-Colo <\/strong>por los cuartos de final de la Libertadores.<\/p>\n<p>Iban 4 minutos del segundo tiempo y River ya ganaba por<strong> el gol de Manuel Lanzini<\/strong>, quien hab\u00eda abierto al cuenta a los 20\u2032 de la primera parte. El Xeneize, por entonces dirigido por Diego Mart\u00ednez, buscaba el empate y en ese momento fue cuando Fonseca le cometi\u00f3 una dura infracci\u00f3n a Kevin Zen\u00f3n que pudo haber sido merecedora de una tarjeta roja. Nicolas Ram\u00edrez, el \u00e1rbitro del encuentro, solo le mostr\u00f3 una amarilla. <strong>\u201cDejamos una marquita\u201d,<\/strong> dijo al respecto Fonseca, este s\u00e1bado, tras abandonar la pretemporada en San Mart\u00edn de los Andes.<\/p>\n<p>\u201cTengo muchas im\u00e1genes, muchas im\u00e1genes. Obviamente, el objetivo principal, que era la Copa Libertadores, no se pudo, pero ganador hay uno s\u00f3lo. Entonces, bueno, de esto se trata, de seguir intent\u00e1ndolo, de trabajar, de exigirse para ser mejor. Hay muchos momentos que quedan grabados en mi coraz\u00f3n y me los voy a llevar para siempre\u201d, se\u00f1al\u00f3 el uruguayo. <\/p>\n<p>Y, con respecto a la patada a Zen\u00f3n, agreg\u00f3: <strong>\u201cFue una de las tardes m\u00e1gica que se viven en una instituci\u00f3n como esta. De patadas supercl\u00e1sicas, va a quedar esa.<\/strong> Pleno agradecimiento y nada m\u00e1s\u201d.<\/p>\n","protected":false},"excerpt":{"rendered":"<p>El ciclo de Nicol\u00e1s Fonseca en River qued\u00f3 marcado por el mal desempe\u00f1o que tuvo en el partido de ida de las semifinales de la Copa Libertadores ante Atl\u00e9tico Mineiro en Brasil, donde el uruguayo de 26 a\u00f1os jug\u00f3 como \u20185\u2019 titular y decepcion\u00f3. Por eso, entre otras razones, deja N\u00fa\u00f1ez y continuar\u00e1 su carrera en Le\u00f3n de M\u00e9xico, que paga 2,2 millones de d\u00f3lares por el 60% de su pase.<br \/>\n Sin embargo, tambi\u00e9n hubo buenos momentos que el mediocampista charr\u00faa se lleva de su paso por el Millonario. Convirti\u00f3 uno de los mejores goles del a\u00f1o ante Deportivo T\u00e1chira por la fase de grupos de la Libertadores, recuerda con un cari\u00f1o especial el clima que vivi\u00f3 en el Monumental tras eliminar a Colo-Colo y pasar a las semifinales del certamen continental y tambi\u00e9n se lleva consigo la victoria ante Boca en la Bombonera.<br \/>\n Y, curiosamente, el volante que en 2024 debut\u00f3 con el seleccionado uruguayo de Marcelo Bielsa tambi\u00e9n destac\u00f3 de su estancia en el f\u00fatbol argentino una patada que peg\u00f3. Fue en aquel Supe..<\/p>\n","protected":false},"author":2,"featured_media":121214,"comment_status":"closed","ping_status":"closed","sticky":false,"template":"","format":"standard","meta":{"footnotes":""},"categories":[35],"tags":[],"class_list":["post-121213","post","type-post","status-publish","format-standard","has-post-thumbnail","hentry","category-deportes"],"_links":{"self":[{"href":"https:\/\/radioacuariofm.com.ar\/index.php?rest_route=\/wp\/v2\/posts\/121213","targetHints":{"allow":["GET"]}}],"collection":[{"href":"https:\/\/radioacuariofm.com.ar\/index.php?rest_route=\/wp\/v2\/posts"}],"about":[{"href":"https:\/\/radioacuariofm.com.ar\/index.php?rest_route=\/wp\/v2\/types\/post"}],"author":[{"embeddable":true,"href":"https:\/\/radioacuariofm.com.ar\/index.php?rest_route=\/wp\/v2\/users\/2"}],"replies":[{"embeddable":true,"href":"https:\/\/radioacuariofm.com.ar\/index.php?rest_route=%2Fwp%2Fv2%2Fcomments&post=121213"}],"version-history":[{"count":1,"href":"https:\/\/radioacuariofm.com.ar\/index.php?rest_route=\/wp\/v2\/posts\/121213\/revisions"}],"predecessor-version":[{"id":121216,"href":"https:\/\/radioacuariofm.com.ar\/index.php?rest_route=\/wp\/v2\/posts\/121213\/revisions\/121216"}],"wp:featuredmedia":[{"embeddable":true,"href":"https:\/\/radioacuariofm.com.ar\/index.php?rest_route=\/wp\/v2\/media\/121214"}],"wp:attachment":[{"href":"https:\/\/radioacuariofm.com.ar\/index.php?rest_route=%2Fwp%2Fv2%2Fmedia&parent=121213"}],"wp:term":[{"taxonomy":"category","embeddable":true,"href":"https:\/\/radioacuariofm.com.ar\/index.php?rest_route=%2Fwp%2Fv2%2Fcategories&post=121213"},{"taxonomy":"post_tag","embeddable":true,"href":"https:\/\/radioacuariofm.com.ar\/index.php?rest_route=%2Fwp%2Fv2%2Ftags&post=121213"}],"curies":[{"name":"wp","href":"https:\/\/api.w.org\/{rel}","templated":true}]}}