{"id":120286,"date":"2025-01-09T15:49:42","date_gmt":"2025-01-09T18:49:42","guid":{"rendered":"https:\/\/radioacuariofm.com.ar\/?p=120286"},"modified":"2025-01-09T15:49:58","modified_gmt":"2025-01-09T18:49:58","slug":"pese-a-la-senal-de-milei-para-karina-y-santiago-caputo-no-hay-apuro-en-cerrar-un-acuerdo-con-macri","status":"publish","type":"post","link":"https:\/\/radioacuariofm.com.ar\/?p=120286","title":{"rendered":"Pese a la se\u00f1al de Milei, para Karina y Santiago Caputo \u201cno hay apuro\u201d en cerrar un acuerdo con Macri"},"content":{"rendered":"<p><img decoding=\"async\" src=\"https:\/\/radioacuariofm.com.ar\/wp-content\/uploads\/2025\/01\/tUlbyDLzE_2000x1500__1-1.jpg\"\/>   <\/p>\n<p>Con encuestas arriba de la mesa que ratifican que la imagen de <strong>Javier Milei<\/strong> sigue arriba de los 50 puntos, en el Gobierno<strong> no tienen urgencias para sellar una alianza con el PRO<\/strong>. En la Casa Rosada, por ahora, apuestan a \u201c<strong>clavarle el visto\u201d al mensaje p\u00fablico de Mauricio Macri<\/strong> para empezar a construir un frente electoral.<\/p>\n<p>\u201cEstamos <strong>dispuestos a conformar un equipo de trabajo conjuntamente con qui\u00e9n vos dispongas<\/strong>, para defender los logros obtenidos y tambi\u00e9n avanzar en una agenda profunda de cambios y transformaciones que la Argentina a\u00fan necesita\u201d, escribi\u00f3 el ex mandatario en Twitter.<\/p>\n<p>El titular del partido amarillo marc\u00f3 la cancha despu\u00e9s de <strong>una reuni\u00f3n virtual con sus referentes el mi\u00e9rcoles por la noche <\/strong>en la que se defini\u00f3 un plan de acci\u00f3n tras la apelaci\u00f3n de Milei en una entrevista para conformar un frente electoral que \u201c<strong>arrase<\/strong>\u201d con el kirchnerismo.<\/p>\n<p>Macri design\u00f3 a <strong>Cristian Ritondo<\/strong> como principal interlocutor con los delegados de Milei. Tambi\u00e9n imagina en esa mesa a <strong>Silvia Lospennato, una de sus principales espadas pol\u00edticas, al ex ministro de Econom\u00eda Hern\u00e1n Lacunza; a la diputada por Chubut Ana Clara Romero y a Soledad Mart\u00ednez<\/strong>.<\/p>\n<h2>Video<\/h2>\n<p>Elecciones 2025: Milei dijo que su ideal ser\u00eda ir junto a Macri y \u201carrasar al kirchnerismo\u201d<\/p>\n<p>La intendenta de Vicente L\u00f3pez y su jefe pol\u00edtico, el ejecutivo porte\u00f1o, <strong>Jorge Macri<\/strong>, preferir\u00edan que el PRO se mostrara como una alternativa al oficialismo. Eso expusieron en la reuni\u00f3n v\u00eda zoom. En el mismo sentido se expres\u00f3 Mar\u00eda Eugenia Vidal. El gobernador de Entre R\u00edos, <strong>Rogelio Frigerio<\/strong>, el intendente de Mar del Plata, <strong>Guillermo Montenegro,<\/strong> y Ritondo <strong>apuestan por una alianza electoral<\/strong>, un posicionamiento que no sorprende a nadie. Con pocos matices acompa\u00f1aron la iniciativa el gobernador de Chubut Ignacio Torres, el secretario general del partido Facundo P\u00e9rez Carletti y Fernando de Andreis, mano derecha del ex presidente.<\/p>\n<p>\u201cHay una <strong>discusi\u00f3n muy fuerte adentro (del PRO<\/strong>). Algunos creemos que <strong>preservar la identidad es ir juntos y ganar las elecciones<\/strong> y <strong>otros quieren ir separados, perder y convertirnos en la UCR de (Leopoldo) Moreau<\/strong>\u201c, se\u00f1alan sobre la aventura presidencial del actual diputado de UxP en 2003 tras el derrumbe del gobierno de Fernando de la R\u00faa.<\/p>\n<p>En el equipo de<strong> Karina Milei<\/strong>, presidenta de LLA a nivel nacional y due\u00f1a de la estrategia pol\u00edtica que gu\u00eda a su hermano y jefe de Estado, se\u00f1alan que no tiene ninguna urgencia en apurar las negociaciones con Macri. \u201c<strong>No tenemos ninguna ansiedad, se equivoc\u00f3 Mauricio<\/strong>\u201d, explicaron importantes dirigentes libertarios sobre el posicionamiento p\u00fablico de Macri.<\/p>\n<p>Los dos v\u00e9rtices del tri\u00e1ngulo de hierro presidencial, <strong>Karina y Santiago Caputo<\/strong>, apostaron a horadar a sus principales aliados en el Congreso y a pescar dirigentes macristas para que dieran el salto a t\u00edtulo individual mientras el jefe de Estado siempre se mostr\u00f3 <strong>predispuesto a contener a Macri<\/strong>. En el PRO y en LLA reconocen que <strong>la estrategia del polic\u00eda bueno y del pol\u00edc\u00eda malo es un mecanismo de negociaci\u00f3n pol\u00edtica.<\/strong><\/p>\n<p>Caputo, de todos modos, sostiene que tiene el mandato del Presidente para construir un acuerdo con el PRO y \u201c<strong>todo lo que est\u00e9 del centro a la derecha\u201d<\/strong>. Esa voluntad fue la que expres\u00f3 en un <strong>asado en la casa de Ritondo<\/strong> en octubre que parec\u00eda haber allanado el camino para una alianza que se encall\u00f3 por los reclamos mutuos. <\/p>\n<p>Cerca de Macri ven a Caputo (y tambi\u00e9n a Karina Milei) detr\u00e1s de cada una de las cr\u00edticas al l\u00edder del PRO y su gobierno. El \u00faltimo cap\u00edtulo de esa saga fue la <strong>supuesta lista de empresarios kirchneristas que hizo la AFIP<\/strong> en tiempos de Macri y que para el Gobierno representaba un indicio de una protecci\u00f3n <em>non sancta<\/em>.<\/p>\n<p>Su primo, el jefe de Gobierno, encabezaba este jueves un acto partidario para arengar a su militancia. \u201c<strong>Vamos a una competencia electoral<\/strong>\u201d, dicen en la mesa chica del ejecutivo porte\u00f1o.<\/p>\n<p>En la Ciudad muestran los dientes, cansados que la delegada de los Milei, Pilar Ram\u00edrez, corra por derecha al PRO en su terru\u00f1o. \u201c<strong>Jorge desdobl\u00f3 y dijo que no lo condicionar\u00e1n<\/strong>\u201d, se\u00f1alan los libertarios de la Capital. Milei advirti\u00f3 que si hay un acuerdo con el PRO debiera ser en todos los distritos para no hacerle trampas al electorado.<\/p>\n<p>Karina Milei hab\u00eda bajado el mandato de <strong>explorar alianzas provinciales<\/strong> con la condici\u00f3n <em>sine qua non<\/em> de <strong>preservar e imponer la marca La Libertad Avanza<\/strong>, que goza de buena salud. Dif\u00edcilmente Macri acepte una claudicaci\u00f3n de ese calibre.<\/p>\n<p>Los armadores de Karina imaginan que el <strong>PRO conseguir\u00e1 pocos lugares si van solos o por adentro<\/strong>. La generosidad pol\u00edtica del oficialismo est\u00e1 por verse. \u201cNosotros estamos en un mejor momento para imponer condiciones\u201d, sostienen.<\/p>\n<p>En el equipo de Patricia Bullrich, enemiga \u00edntima de Macri, justificaron la reacci\u00f3n del ex mandatario. \u201cAnte el comentario de Milei, Mauricio se sum\u00f3 a la ola. Hay que ver cu\u00e1nto de esa invitaci\u00f3n se termina llevando adelante v\u00eda Karina. En algunos distritos la gente de Patricia y LLA ya trabajan juntos. En la Rosada sienten que eso es lo que vale la pena electoralmente\u201d, se\u00f1alan.  <\/p>\n<p>La hermana del Presidente, en tanto, sigue construyendo la autopista violeta, tambi\u00e9n en tierra amarilla. El lunes presentar\u00e1 -en plena temporada de verano- con el titular del partido bonaerense <strong>Sebasti\u00e1n Pareja y Mart\u00edn Menem el armado marplatense de LLA,<\/strong> cuyo m\u00e1ximo referente es Agust\u00edn Carrancio.<\/p>\n<p>Cerca del intendente Montenegro <strong>no descartaron un contacto con \u201cel jefe\u201d.<\/strong> \u201cMe pone muy contento (lo que dijo Macri), nosotros con la Libertad Avanza venimos trabajando muy bien. <strong>Nos necesitamos mutuamente<\/strong>\u201c, dijo el presidente del PRO marplatense Emiliano Rigi a radio Brisas.<\/p>\n","protected":false},"excerpt":{"rendered":"<p>Con encuestas arriba de la mesa que ratifican que la imagen de Javier Milei sigue arriba de los 50 puntos, en el Gobierno no tienen urgencias para sellar una alianza con el PRO. En la Casa Rosada, por ahora, apuestan a \u201cclavarle el visto\u201d al mensaje p\u00fablico de Mauricio Macri para empezar a construir un [&hellip;]<\/p>\n","protected":false},"author":2,"featured_media":120287,"comment_status":"closed","ping_status":"closed","sticky":false,"template":"","format":"standard","meta":{"footnotes":""},"categories":[26],"tags":[],"class_list":["post-120286","post","type-post","status-publish","format-standard","has-post-thumbnail","hentry","category-politica"],"_links":{"self":[{"href":"https:\/\/radioacuariofm.com.ar\/index.php?rest_route=\/wp\/v2\/posts\/120286","targetHints":{"allow":["GET"]}}],"collection":[{"href":"https:\/\/radioacuariofm.com.ar\/index.php?rest_route=\/wp\/v2\/posts"}],"about":[{"href":"https:\/\/radioacuariofm.com.ar\/index.php?rest_route=\/wp\/v2\/types\/post"}],"author":[{"embeddable":true,"href":"https:\/\/radioacuariofm.com.ar\/index.php?rest_route=\/wp\/v2\/users\/2"}],"replies":[{"embeddable":true,"href":"https:\/\/radioacuariofm.com.ar\/index.php?rest_route=%2Fwp%2Fv2%2Fcomments&post=120286"}],"version-history":[{"count":1,"href":"https:\/\/radioacuariofm.com.ar\/index.php?rest_route=\/wp\/v2\/posts\/120286\/revisions"}],"predecessor-version":[{"id":120289,"href":"https:\/\/radioacuariofm.com.ar\/index.php?rest_route=\/wp\/v2\/posts\/120286\/revisions\/120289"}],"wp:featuredmedia":[{"embeddable":true,"href":"https:\/\/radioacuariofm.com.ar\/index.php?rest_route=\/wp\/v2\/media\/120287"}],"wp:attachment":[{"href":"https:\/\/radioacuariofm.com.ar\/index.php?rest_route=%2Fwp%2Fv2%2Fmedia&parent=120286"}],"wp:term":[{"taxonomy":"category","embeddable":true,"href":"https:\/\/radioacuariofm.com.ar\/index.php?rest_route=%2Fwp%2Fv2%2Fcategories&post=120286"},{"taxonomy":"post_tag","embeddable":true,"href":"https:\/\/radioacuariofm.com.ar\/index.php?rest_route=%2Fwp%2Fv2%2Ftags&post=120286"}],"curies":[{"name":"wp","href":"https:\/\/api.w.org\/{rel}","templated":true}]}}