{"id":118222,"date":"2025-01-04T20:27:47","date_gmt":"2025-01-04T23:27:47","guid":{"rendered":"https:\/\/radioacuariofm.com.ar\/?p=118222"},"modified":"2025-01-04T20:28:04","modified_gmt":"2025-01-04T23:28:04","slug":"de-una-cena-con-los-idolos-de-la-formula-1-en-africa-a-ir-por-la-gloria-en-arabia-la-historia-de-la-pareja-argentina-que-festejo-a-lo-grande-en-la-primera-etapa-del-dakar","status":"publish","type":"post","link":"https:\/\/radioacuariofm.com.ar\/?p=118222","title":{"rendered":"De una cena con los \u00eddolos de la F\u00f3rmula 1 en \u00c1frica a ir por la gloria en Arabia: la historia de la pareja argentina que festej\u00f3 a lo grande en la primera etapa del Dakar"},"content":{"rendered":"<p><img decoding=\"async\" src=\"https:\/\/radioacuariofm.com.ar\/wp-content\/uploads\/2025\/01\/TD1A-c7fl_2000x1500__1-1.jpg\"\/>  <\/p>\n<p>Saltaba de alegr\u00eda <strong>Valentina Pertegarini.<\/strong> Lleg\u00f3 al campamento de Bisha y celebr\u00f3 la victoria conseguida junto con <strong>Nicol\u00e1s Cavigliasso<\/strong> al adjudicarse la primera etapa del Dakar 2025 en Arabia Saudita, en la categor\u00eda Challenge. \u201cEstamos muy contentos de pasar la primera etapa y ganarla. Metimos un muy buen ritmo. Hab\u00eda muchas piedras y la preocupaci\u00f3n era por no romper el auto. Adem\u00e1s, ya ma\u00f1ana (por el domingo) comienzan las 48 Horas. Valentina hizo un trabajo incre\u00edble con la navegaci\u00f3n. Hab\u00eda mucho r\u00edo, muchas partes r\u00e1pidas, pero por suerte salimos bien\u201d, coment\u00f3 Cavigliasso a <strong>Clar\u00edn <\/strong>apenas cerr\u00f3 la puerta de su veh\u00edculo.<\/p>\n<p>Ambos est\u00e1n acostumbrados a los \u00e9xitos parciales. De hecho,<strong> ya ganaron varias etapas del Dakar <\/strong>anteriormente que le valieron a Valentina para consagrarse campeona mundial de navegantes para la <strong>Federaci\u00f3n Internacional del Autom\u00f3vil<\/strong> (FIA). Ese logro, obtenido por ella, pero no alcanzado por \u00e9l en el escalaf\u00f3n mundial, le permiti\u00f3 al matrimonio participar de la cena de gala de la FIA, que en 2024 se celebr\u00f3 en Ruanda.<\/p>\n<p>All\u00ed estuvieron, en una reuni\u00f3n llena de <em>glamour <\/em>y con los grandes campeones mundiales de todas las disciplinas reunidos para las distinciones. <strong>\u201cParamos en un hotel donde sab\u00edamos que iban a estar los grandes de la F\u00f3rmula 1. Nos cruzamos con Lando Norris, con Charles Leclerc. Fue una experiencia \u00fanica y fascinante\u201d,<\/strong> recuerda Pertegarini, que no lo pod\u00eda creer cuando la llamaron para subir al escenario a recibir su premio.<\/p>\n<p>En General Cabrera, provincia de C\u00f3rdoba, los Cavigliasso se dedican a la producci\u00f3n de man\u00ed, al igual que a la producci\u00f3n ganadera, con una caba\u00f1a de vacas que, entre otros lugares, exponen en La Rural de Palermo.<\/p>\n<p><strong>La historia del matrimonio Cavigliasso no es nueva en el Dakar.<\/strong> De hecho, hicieron mucho ruido cuando la competencia se desarrollaba en el continente americano. En 2019, en Lima, Per\u00fa, Nicol\u00e1s gan\u00f3 el Dakar en la categor\u00eda cuatriciclos (ya desaparecida, ya que se elimin\u00f3 para esta edici\u00f3n). En el podio, en plena celebraci\u00f3n, interrumpi\u00f3 la ceremonia para pedir la mano de su entonces novia Valentina. En minutos fueron tendencia en las redes sociales y aparecieron en los portales del mundo.<\/p>\n<p><strong>\u201cMe introduje en el mundo de la competici\u00f3n por Nico. Lo acompa\u00f1aba cuando corr\u00eda en cuatriciclos y una vez que salt\u00f3 a los veh\u00edculos livianos pas\u00e9 a ser la navegante\u201d,<\/strong> destaca Valentina.<\/p>\n<p>  Los Cavigliasso.  <\/p>\n<p>\u201cComo piloto, en cuatriciclos uno acelera, navega, observa, hace todo. Ac\u00e1, ahora yo s\u00f3lo conduzco y ella me canta la hoja de ruta\u201d, indica el cordob\u00e9s. \u201cLas discusiones por d\u00f3nde debemos encarar los caminos se termin\u00f3 una vez que discutimos y se dio cuenta de que yo ten\u00eda la raz\u00f3n. A partir de ah\u00ed, yo navego y \u00e9l maneja\u201d, sentenci\u00f3 ella.<\/p>\n<p><strong>\u201cQuiero que Nico sea uno de los pocos pilotos que se consagra en el Dakar en dos categor\u00edas distintas. Tiene todo el potencial para lograrlo, as\u00ed que estamos enfocados en esa misi\u00f3n\u201d,<\/strong> subray\u00f3 Pertegarini.<\/p>\n<h2>Se vienen las 48 horas del Dakar<\/h2>\n<p>Tras la primera etapa, se desarrollar\u00e1 el domingo la primera parte de la denominada <strong>\u201c48 Horas Chrono\u201d,<\/strong> una modalidad que se presenta como uno de los puntos m\u00e1s desafiantes del Dakar 2025.<\/p>\n<p><strong>\u00bfEn qu\u00e9 consisten las 48 Horas?<\/strong> Los pilotos largar\u00e1n como en cualquier jornada, pero en lugar de regresar al campamento se quedar\u00e1n en el desierto. Cerca de las 18, recibir\u00e1n una suerte de \u201ctoque de queda\u201d y deber\u00e1n dirigirse a uno de los seis campamentos que estar\u00e1n distribuidos por el desierto. En ellos, cada uno de los competidores ser\u00e1 abastecido por una carpa y una raci\u00f3n de comida m\u00ednima. <strong>Pasar\u00e1n la noche all\u00ed, tal como suced\u00eda con aquellos intr\u00e9pidos que participaban de los primeros Dakar en \u00c1frica.<\/strong><\/p>\n<p>M\u00e1s all\u00e1 de estas caracter\u00edsticas, lo m\u00e1s importante en cuanto a lo deportivo es que <strong>no contar\u00e1n con la asistencia de sus respectivos equipos,<\/strong> por lo que cada tripulaci\u00f3n deber\u00e1 cuidar al m\u00e1ximo su medio mec\u00e1nico.<\/p>\n<p>  <img decoding=\"async\" alt=\"El auto de Cavigliasso y Pertegarini en la inmensidad de la naturaleza en Bisha, Arabia Saudita. Foto: @nicocavi68 en Instagram\" src=\"https:\/\/radioacuariofm.com.ar\/wp-content\/uploads\/2025\/01\/O7Qzz5HSP_720x0__1.jpg\"\/>El auto de Cavigliasso y Pertegarini en la inmensidad de la naturaleza en Bisha, Arabia Saudita. Foto: @nicocavi68 en Instagram  <\/p>\n<p>El lunes, cuando ya est\u00e9n habilitados para continuar con el recorrido, que ser\u00e1 aproximadamente de 1.000 kil\u00f3metros en total, continuar\u00e1n con la etapa que finalizar\u00e1 nuevamente en Bisha, en el campamento que cuenta con actividad oficial desde 1\u00b0 de enero.<\/p>\n<p>En la primera etapa, en motos de impuso<strong> Daniel Sanders<\/strong> (KTM), mientras que <strong>Luciano Benavides<\/strong> fue 6\u00b0 y se mantiene en la misma posici\u00f3n en la clasificaci\u00f3n general. Su hermano <strong>Kevin<\/strong>, que padece inconvenientes en el brazo izquierdo por su recuperaci\u00f3n de los accidentes de 2024, fue 17\u00b0 y el neuquino Santiago Rostan lleg\u00f3 58\u00b0.<\/p>\n<p>En autos, en la categor\u00eda <strong>Ultimate<\/strong>, la m\u00e1s importante, el norteamericano<strong> Seth Quintero<\/strong> (Toyota) fue el vencedor, luego que le admitieran el tiempo perdido cuando se detuvo a auxiliar a la espa\u00f1ola <strong>Laia Sanz<\/strong>, que hab\u00eda volcado.<\/p>\n<p><strong>Carlos Sainz<\/strong> (Ford) termin\u00f3 en el 7\u00b0 lugar, su compa\u00f1ero en Ford Performance, <strong>Nani Roma<\/strong> fue 18\u00b0 y el qatar\u00ed <strong>Nasser Al Attiyah<\/strong>, con Dacia, qued\u00f3 22\u00b0. El argentino <strong>Juan Cruz Yacopini<\/strong> (Toyota) fue 27\u00b0.<\/p>\n<p>M\u00e1s all\u00e1 de la victoria de Cavigliasso, en la categor\u00eda <strong>Side by Side<\/strong> el cordob\u00e9s Jerem\u00edas Gonz\u00e1lez Ferioli qued\u00f3 cuarto. David Zille se retras\u00f3 por una pinchadura y Manu And\u00fajar estuvo detenido mucho tiempo y perdi\u00f3 m\u00e1s de tres horas, aunque arrib\u00f3 al campamento.<\/p>\n","protected":false},"excerpt":{"rendered":"<p>Saltaba de alegr\u00eda Valentina Pertegarini. Lleg\u00f3 al campamento de Bisha y celebr\u00f3 la victoria conseguida junto con Nicol\u00e1s Cavigliasso al adjudicarse la primera etapa del Dakar 2025 en Arabia Saudita, en la categor\u00eda Challenge. \u201cEstamos muy contentos de pasar la primera etapa y ganarla. Metimos un muy buen ritmo. Hab\u00eda muchas piedras y la preocupaci\u00f3n era por no romper el auto. Adem\u00e1s, ya ma\u00f1ana (por el domingo) comienzan las 48 Horas. Valentina hizo un trabajo incre\u00edble con la navegaci\u00f3n. Hab\u00eda mucho r\u00edo, muchas partes r\u00e1pidas, pero por suerte salimos bien\u201d, coment\u00f3 Cavigliasso a Clar\u00edn apenas cerr\u00f3 la puerta de su veh\u00edculo.<br \/>\n Ambos est\u00e1n acostumbrados a los \u00e9xitos parciales. De hecho, ya ganaron varias etapas del Dakar anteriormente que le valieron a Valentina para consagrarse campeona mundial de navegantes para la Federaci\u00f3n Internacional del Autom\u00f3vil (FIA). Ese logro, obtenido por ella, pero no alcanzado por \u00e9l en el escalaf\u00f3n mundial, le permiti\u00f3 al matrimonio participar de la cena..<\/p>\n","protected":false},"author":2,"featured_media":118223,"comment_status":"closed","ping_status":"closed","sticky":false,"template":"","format":"standard","meta":{"footnotes":""},"categories":[35],"tags":[],"class_list":["post-118222","post","type-post","status-publish","format-standard","has-post-thumbnail","hentry","category-deportes"],"_links":{"self":[{"href":"https:\/\/radioacuariofm.com.ar\/index.php?rest_route=\/wp\/v2\/posts\/118222","targetHints":{"allow":["GET"]}}],"collection":[{"href":"https:\/\/radioacuariofm.com.ar\/index.php?rest_route=\/wp\/v2\/posts"}],"about":[{"href":"https:\/\/radioacuariofm.com.ar\/index.php?rest_route=\/wp\/v2\/types\/post"}],"author":[{"embeddable":true,"href":"https:\/\/radioacuariofm.com.ar\/index.php?rest_route=\/wp\/v2\/users\/2"}],"replies":[{"embeddable":true,"href":"https:\/\/radioacuariofm.com.ar\/index.php?rest_route=%2Fwp%2Fv2%2Fcomments&post=118222"}],"version-history":[{"count":1,"href":"https:\/\/radioacuariofm.com.ar\/index.php?rest_route=\/wp\/v2\/posts\/118222\/revisions"}],"predecessor-version":[{"id":118226,"href":"https:\/\/radioacuariofm.com.ar\/index.php?rest_route=\/wp\/v2\/posts\/118222\/revisions\/118226"}],"wp:featuredmedia":[{"embeddable":true,"href":"https:\/\/radioacuariofm.com.ar\/index.php?rest_route=\/wp\/v2\/media\/118223"}],"wp:attachment":[{"href":"https:\/\/radioacuariofm.com.ar\/index.php?rest_route=%2Fwp%2Fv2%2Fmedia&parent=118222"}],"wp:term":[{"taxonomy":"category","embeddable":true,"href":"https:\/\/radioacuariofm.com.ar\/index.php?rest_route=%2Fwp%2Fv2%2Fcategories&post=118222"},{"taxonomy":"post_tag","embeddable":true,"href":"https:\/\/radioacuariofm.com.ar\/index.php?rest_route=%2Fwp%2Fv2%2Ftags&post=118222"}],"curies":[{"name":"wp","href":"https:\/\/api.w.org\/{rel}","templated":true}]}}