{"id":113128,"date":"2024-12-23T17:12:05","date_gmt":"2024-12-23T20:12:05","guid":{"rendered":"https:\/\/radioacuariofm.com.ar\/?p=113128"},"modified":"2024-12-23T17:12:20","modified_gmt":"2024-12-23T20:12:20","slug":"independiente-estallo-contra-boca-por-contactos-con-el-vikingo-loyola-una-falta-de-etica-total-de-riquelme","status":"publish","type":"post","link":"https:\/\/radioacuariofm.com.ar\/?p=113128","title":{"rendered":"Independiente estall\u00f3 contra Boca por contactos con el \u2018Vikingo\u2019 Loyola: \u201cUna falta de \u00e9tica total de Riquelme\u201d"},"content":{"rendered":"<p><img decoding=\"async\" src=\"https:\/\/radioacuariofm.com.ar\/wp-content\/uploads\/2024\/12\/qFum-UmgGw_2000x1500__1-1.jpg\"\/>  <\/p>\n<p>Apenas unos d\u00edas despu\u00e9s de la finalizaci\u00f3n de la <strong>Liga Profesional de F\u00fatbol<\/strong>, el mercado de pases empez\u00f3 a moverse para que los clubes diagramen sus planteles de cara a la temporada 2025. Y, como siempre ocurre, <strong>ya se dio el primer cortocircuito entre dos equipos grandes<\/strong>. Es que<strong> Independiente acus\u00f3 a Boca de ser \u2018poco \u00e9tico\u2019<\/strong> en una de sus acciones recientes.<\/p>\n<p>Luego de que el conjunto bostero haya ingresado a la fase 2 del repechaje de la Copa Libertadores del a\u00f1o que viene, tanto el Consejo del F\u00fatbol como Fernando Gago saben que no tienen tiempo que perder, ya que la primera serie ser\u00e1 a fines de enero. Adem\u00e1s, el equipo de La Ribera jugar\u00e1 el <strong>Mundial de Clubes <\/strong>a mitad de a\u00f1o, por lo que necesita darle un salto de calidad a su plantel.<\/p>\n<p>En ese sentido, Boca ya se reforz\u00f3 con <strong>Carlos Palacios<\/strong>, el mediapunta chileno que militaba en Colo Colo y se consagr\u00f3 bicampe\u00f3n del \u00e1mbito local, que tambi\u00e9n juega en su Selecci\u00f3n. Con el objetivo de ir en la misma l\u00ednea, en estos \u00faltimos d\u00edas desde Boca Predio se contactaron con distintos jugadores para saber detalladamente las intenciones y las pretensiones de los mismos.<\/p>\n<p>Por su parte, Independiente mejor\u00f3 considerablemente en el segundo semestre, tanto a nivel futbol\u00edstico como en los resultados. Tal es as\u00ed que clasific\u00f3 a la pr\u00f3xima Copa Sudamericana y estuvo muy cerca de hacerlo a la Libertadores. Pero claro, lo hizo de la mano de algunos futbolistas que se destacaron: Kevin Lom\u00f3naco, Felipe Loyola, Santiago Montiel, entre otros j\u00f3venes.<\/p>\n<p>  Felipe Loyola, de Independiente, y Exequiel \u2018Changuito\u2019 Zeballos, de Boca.  <\/p>\n<p>Lo cierto es que, seg\u00fan manifest\u00f3 p\u00fablicamente <strong>Daniel Seoane<\/strong>, el secretario general de Independiente,<strong> Boca se contact\u00f3 con el representante de Loyola<\/strong> para incorporarlo en este mercado de pases. Desde la instituci\u00f3n de Avellaneda sostienen que el Xeneize actu\u00f3 de manera desleal, en el intento de hacerle saber el inter\u00e9s de sumarlo bajo las \u00f3rdenes de Gago a partir de enero.<\/p>\n<p><strong>Se estima que el chileno va a ser uno de los futbolistas m\u00e1s cotizados de la ventana de transferencias<\/strong>. Su desempe\u00f1o en el \u00faltimo tiempo deslumbr\u00f3 a propios y ajenos, que se suma a su polifuncionalidad. Es que juega de mediocampista y de lateral derecho de igual manera, pr\u00e1cticamente al mismo nivel. En su corta estad\u00eda<strong> en Independiente disput\u00f3 20 partidos, anot\u00f3 dos goles y brind\u00f3 dos asistencias<\/strong>.<\/p>\n<p><strong>\u201cTenemos el rumor de que Boca llam\u00f3 al representante de Loyola\u201d<\/strong>, desliz\u00f3 el dirigente del Rojo este domingo en comunicaci\u00f3n con <em>Radio La Red<\/em>. Este suceso, que no fue m\u00e1s all\u00e1 de apenas un llamado al agente del jugador trasandino, gener\u00f3 un fuerte enojo en todo Independiente, que apunt\u00f3 directamente contra el club que preside Juan Rom\u00e1n Riquelme.<\/p>\n<p>Luego, el hombre importante de la directiva de Independiente continu\u00f3 su discurso ante el accionar del conjunto de La Ribera. <strong>\u201cNo creo que un presidente llame a un jugador de un rival con contrato. Ser\u00eda una falta de \u00e9tica total. <\/strong>A Sergio Barreto, lo presionaron para ir<strong>\u201c<\/strong>, expres\u00f3 en referencia al \u00eddolo de Boca y a lo sucedido tiempo atr\u00e1s con el actual jugador de Pachuca de M\u00e9xico.<\/p>\n<p>Seoane, a quien se lo notaba un tanto disgustado por la situaci\u00f3n, record\u00f3 que hace pocos d\u00edas las c\u00fapulas dirigenciales se cruzaron en el sorteo de los torneos dom\u00e9sticos del pr\u00f3ximo a\u00f1o. <strong>\u201cEl viernes estuvimos en AFA cara a cara y no nos comentaron que les interesara el jugador<\/strong>. La verdad, no lo s\u00e9\u2026 Esto lo sabr\u00e9 cuando hable con \u00e9l\u201d, agreg\u00f3 el directivo.<\/p>\n<p>Finalmente, Daniel culmin\u00f3 sus declaraciones de manera contundente: <strong>\u201cNo queremos vender a Loyola\u201d<\/strong>. Luego cerr\u00f3: \u201cQueremos tenerlo para afrontar el a\u00f1o que viene. Si viene algo muy importante del exterior lo analizaremos, pero para el f\u00fatbol local no. Nos vamos a juntar con la gente de Huachipato que est\u00e1 en Buenos Aires porque queremos comprar un porcentaje m\u00e1s\u201d. <\/p>\n","protected":false},"excerpt":{"rendered":"<p>Apenas unos d\u00edas despu\u00e9s de la finalizaci\u00f3n de la Liga Profesional de F\u00fatbol, el mercado de pases empez\u00f3 a moverse para que los clubes diagramen sus planteles de cara a la temporada 2025. Y, como siempre ocurre, ya se dio el primer cortocircuito entre dos equipos grandes. Es que Independiente acus\u00f3 a Boca de ser \u2018poco \u00e9tico\u2019 en una de sus acciones recientes.<br \/>\n Luego de que el conjunto bostero haya ingresado a la fase 2 del repechaje de la Copa Libertadores del a\u00f1o que viene, tanto el Consejo del F\u00fatbol como Fernando Gago saben que no tienen tiempo que perder, ya que la primera serie ser\u00e1 a fines de enero. Adem\u00e1s, el equipo de La Ribera jugar\u00e1 el Mundial de Clubes a mitad de a\u00f1o, por lo que necesita darle un salto de calidad a su plantel.<br \/>\n En ese sentido, Boca ya se reforz\u00f3 con Carlos Palacios, el mediapunta chileno que militaba en Colo Colo y se consagr\u00f3 bicampe\u00f3n del \u00e1mbito local, que tambi\u00e9n juega en su Selecci\u00f3n. Con el objetivo de ir en la misma l\u00ednea, en estos \u00faltimos d\u00edas desde Bo..<\/p>\n","protected":false},"author":2,"featured_media":113129,"comment_status":"closed","ping_status":"closed","sticky":false,"template":"","format":"standard","meta":{"footnotes":""},"categories":[35],"tags":[],"class_list":["post-113128","post","type-post","status-publish","format-standard","has-post-thumbnail","hentry","category-deportes"],"_links":{"self":[{"href":"https:\/\/radioacuariofm.com.ar\/index.php?rest_route=\/wp\/v2\/posts\/113128","targetHints":{"allow":["GET"]}}],"collection":[{"href":"https:\/\/radioacuariofm.com.ar\/index.php?rest_route=\/wp\/v2\/posts"}],"about":[{"href":"https:\/\/radioacuariofm.com.ar\/index.php?rest_route=\/wp\/v2\/types\/post"}],"author":[{"embeddable":true,"href":"https:\/\/radioacuariofm.com.ar\/index.php?rest_route=\/wp\/v2\/users\/2"}],"replies":[{"embeddable":true,"href":"https:\/\/radioacuariofm.com.ar\/index.php?rest_route=%2Fwp%2Fv2%2Fcomments&post=113128"}],"version-history":[{"count":1,"href":"https:\/\/radioacuariofm.com.ar\/index.php?rest_route=\/wp\/v2\/posts\/113128\/revisions"}],"predecessor-version":[{"id":113131,"href":"https:\/\/radioacuariofm.com.ar\/index.php?rest_route=\/wp\/v2\/posts\/113128\/revisions\/113131"}],"wp:featuredmedia":[{"embeddable":true,"href":"https:\/\/radioacuariofm.com.ar\/index.php?rest_route=\/wp\/v2\/media\/113129"}],"wp:attachment":[{"href":"https:\/\/radioacuariofm.com.ar\/index.php?rest_route=%2Fwp%2Fv2%2Fmedia&parent=113128"}],"wp:term":[{"taxonomy":"category","embeddable":true,"href":"https:\/\/radioacuariofm.com.ar\/index.php?rest_route=%2Fwp%2Fv2%2Fcategories&post=113128"},{"taxonomy":"post_tag","embeddable":true,"href":"https:\/\/radioacuariofm.com.ar\/index.php?rest_route=%2Fwp%2Fv2%2Ftags&post=113128"}],"curies":[{"name":"wp","href":"https:\/\/api.w.org\/{rel}","templated":true}]}}