{"id":110067,"date":"2024-12-17T17:09:54","date_gmt":"2024-12-17T20:09:54","guid":{"rendered":"https:\/\/radioacuariofm.com.ar\/?p=110067"},"modified":"2024-12-17T17:09:58","modified_gmt":"2024-12-17T20:09:58","slug":"alerta-meteorologica-n-52-24-tormentas-2","status":"publish","type":"post","link":"https:\/\/radioacuariofm.com.ar\/?p=110067","title":{"rendered":"Alerta meteorol\u00f3gica N\u00b0 52\/24 \u2013 Tormentas"},"content":{"rendered":"<p><img decoding=\"async\" src=\"https:\/\/radioacuariofm.com.ar\/wp-content\/uploads\/2024\/12\/ea69d56a0e7ed93b0886bd579eee3e4a_L-2.jpg\"\/>  <\/p>\n<p>La Direcci\u00f3n de Protecci\u00f3n Civil informa que, para el d\u00eda martes 17 de diciembre por la tarde noche, se espera la probabilidad de viento y tormentas \u2013 Alerta Amarillo, en el sector Este de la provincia.<\/p>\n<p>El \u00e1rea ser\u00e1 afectada por tormentas aisladas, algunas localmente fuertes o severas. Las mismas podr\u00e1n estar acompa\u00f1adas por abundante ca\u00edda de agua en cortos periodos, intensa actividad el\u00e9ctrica, fuertes r\u00e1fagas y ocasional ca\u00edda de granizo. Se esperan valores de precipitaci\u00f3n acumulada entre 20 y 50 mm, pudiendo ser superados en forma puntual.<\/p>\n<p>Asimismo, la Direcci\u00f3n recuerda los n\u00fameros de contacto ante cualquier emergencia:<\/p>\n<p><strong>103<\/strong><\/p>\n<p><strong>911<\/strong><\/p>\n<p>Recomendaciones a tener en cuenta en caso de precipitaciones abundantes:<\/p>\n<p><strong>En casa:<\/strong><\/p>\n<p>Revisar cada cierto tiempo el estado de techos, el de la bajada de agua de los edificios y los desag\u00fces pr\u00f3ximos y trate de asegurarlos y limpiarlos.<\/p>\n<p>Retirar del exterior de la vivienda los objetos que pueda arrastrar el agua, en especial los productos t\u00f3xicos (herbicida, insecticidas, etc.).<\/p>\n<p>Higienizar las viviendas utilizando 1 taza de lavandina cada 15 litros de agua.<\/p>\n<p>Use calzado aislante.<\/p>\n","protected":false},"excerpt":{"rendered":"<p>La Direcci\u00f3n de Protecci\u00f3n Civil informa que, para el d\u00eda martes 17 de diciembre por la tarde noche, se espera la probabilidad de viento y tormentas \u2013 Alerta Amarillo, en el sector Este de la provincia. El \u00e1rea ser\u00e1 afectada por tormentas aisladas, algunas localmente fuertes o severas. Las mismas podr\u00e1n estar acompa\u00f1adas por abundante [&hellip;]<\/p>\n","protected":false},"author":2,"featured_media":110068,"comment_status":"closed","ping_status":"closed","sticky":false,"template":"","format":"standard","meta":{"footnotes":""},"categories":[27],"tags":[],"class_list":["post-110067","post","type-post","status-publish","format-standard","has-post-thumbnail","hentry","category-san-juan"],"_links":{"self":[{"href":"https:\/\/radioacuariofm.com.ar\/index.php?rest_route=\/wp\/v2\/posts\/110067","targetHints":{"allow":["GET"]}}],"collection":[{"href":"https:\/\/radioacuariofm.com.ar\/index.php?rest_route=\/wp\/v2\/posts"}],"about":[{"href":"https:\/\/radioacuariofm.com.ar\/index.php?rest_route=\/wp\/v2\/types\/post"}],"author":[{"embeddable":true,"href":"https:\/\/radioacuariofm.com.ar\/index.php?rest_route=\/wp\/v2\/users\/2"}],"replies":[{"embeddable":true,"href":"https:\/\/radioacuariofm.com.ar\/index.php?rest_route=%2Fwp%2Fv2%2Fcomments&post=110067"}],"version-history":[{"count":1,"href":"https:\/\/radioacuariofm.com.ar\/index.php?rest_route=\/wp\/v2\/posts\/110067\/revisions"}],"predecessor-version":[{"id":110070,"href":"https:\/\/radioacuariofm.com.ar\/index.php?rest_route=\/wp\/v2\/posts\/110067\/revisions\/110070"}],"wp:featuredmedia":[{"embeddable":true,"href":"https:\/\/radioacuariofm.com.ar\/index.php?rest_route=\/wp\/v2\/media\/110068"}],"wp:attachment":[{"href":"https:\/\/radioacuariofm.com.ar\/index.php?rest_route=%2Fwp%2Fv2%2Fmedia&parent=110067"}],"wp:term":[{"taxonomy":"category","embeddable":true,"href":"https:\/\/radioacuariofm.com.ar\/index.php?rest_route=%2Fwp%2Fv2%2Fcategories&post=110067"},{"taxonomy":"post_tag","embeddable":true,"href":"https:\/\/radioacuariofm.com.ar\/index.php?rest_route=%2Fwp%2Fv2%2Ftags&post=110067"}],"curies":[{"name":"wp","href":"https:\/\/api.w.org\/{rel}","templated":true}]}}