{"id":109916,"date":"2024-12-17T12:30:12","date_gmt":"2024-12-17T15:30:12","guid":{"rendered":"https:\/\/radioacuariofm.com.ar\/?p=109916"},"modified":"2024-12-17T12:30:28","modified_gmt":"2024-12-17T15:30:28","slug":"el-argumento-de-patricia-bullrich-para-irse-a-disney-sin-desobedecer-el-pedido-de-javier-milei","status":"publish","type":"post","link":"https:\/\/radioacuariofm.com.ar\/?p=109916","title":{"rendered":"el argumento de Patricia Bullrich para irse a Disney sin desobedecer el pedido de Javier Milei"},"content":{"rendered":"<p><img decoding=\"async\" src=\"https:\/\/radioacuariofm.com.ar\/wp-content\/uploads\/2024\/12\/tfooYBW72_2000x1500__1-5.jpg\"\/>   <\/p>\n<p>La ministra de Seguridad, <strong>Patricia Bullrich<\/strong>, cont\u00f3 este martes que pidi\u00f3 autorizaci\u00f3n para poder tomarse unos d\u00edas de descanso, luego de la decisi\u00f3n del Gobierno de restringir las vacaciones de funcionarios de primera y segunda l\u00ednea.<\/p>\n<p>\u201cHabl\u00e9 con Karina (Milei), le dije que ten\u00eda un compromiso de honor con mis nietos, que los chicos vienen ahorrando plata para ir a Disney. Y bueno\u2026 la verdad que me dijeron que s\u00ed, que ellos cumplen estas promesas que son sagradas\u201d, revel\u00f3 en <em>Urbana Play.<\/em><\/p>\n<p>Las declaraciones de la funcionaria se producen luego que trascendiera que el presidente Javier Milei no se tomar\u00e1 vacaciones y que se limitar\u00e1 el d\u00eda de descanso de los miembros de Gabinete, como tambi\u00e9n los destinos a elegir.<\/p>\n<p>La ministra de la cartera de seguridad explic\u00f3 que le hab\u00eda prometido a sus nietos llevarlos de viaje cuando terminaran la escuela primaria y que, por ese motivo, solicit\u00f3 permiso para tomarse una semana y as\u00ed cumplir con el viaje.<\/p>\n<p>\u201cMe habl\u00f3 el Presidente y me dijo que si es un viaje con toda la familia, que est\u00e1 ya pensado y adem\u00e1s es una promesa con los chicos, que bueno la cumpla\u201d, aclar\u00f3 sobre la reacci\u00f3n del libertario. Y aclar\u00f3 que solo se ir\u00e1 de un viernes a un domingo.<\/p>\n<p>As\u00ed, Bullrich justific\u00f3 la decisi\u00f3n de tomarse unos d\u00edas de vacaciones, en medio del mensaje de austeridad que la Casa Rosada busca enviar a la sociedad, luego de un a\u00f1o donde predic\u00f3 el esfuerzo, el ajuste y el equilibrio fiscal.<\/p>\n<p>  La ministra Bullrich le pidi\u00f3 permiso al presidente Milei para poder viajar a Orlando en familia.  Foto MARCELO CARROLL.  <\/p>\n<p>En medio del esfuerzo que les pidi\u00f3 a los argentinos en el marco del \u201cmayor ajuste de la historia de la humanidad\u201d, en la c\u00fapula del Gobierno bajaron una orden para ministros y funcionarios de primera y segunda l\u00ednea: deber\u00e1n \u201cvalidar\u201d el destino de sus vacaciones.<\/p>\n<p>Seg\u00fan confiaron altas fuentes del Ejecutivo, la hermana del Presidente y secretaria General de Presidencia marc\u00f3 algunos destinos que a priori estar\u00edan vedados: Miami, Nueva York, Punta del Este y algunos puntos ic\u00f3nicos de Europa, en especial de Espa\u00f1a.<\/p>\n<p>Otro miembro del Gabinete nacional, cercano al Presidente, tambi\u00e9n valid\u00f3 su descanso para el pronto receso de verano.<\/p>\n<p>Se trata del vocero presidencial, Manuel Adorni, quien durante una entrevista en TN dijo que viajar\u00e1 al exterior como lo hace \u201cdesde hace diez a\u00f1os\u201d.<\/p>\n<p>\u201cNo es cierto que se prohibieron lugares\u201d, expres\u00f3 el lunes. Y agreg\u00f3 que el pedido del mandatario fue que \u201csean razonables con las vacaciones que se toman y que tengan sentido con lo que uno ven\u00eda haciendo con su vida anterior\u201d.<\/p>\n<p>En esa l\u00ednea, asegur\u00f3 que pusieron como ejemplos Miami o Punta del Este, como lugares emblem\u00e1ticos de ostentaci\u00f3n. <\/p>\n<p>\u201cYo me fui todos los a\u00f1os. Desde hace diez o quince a\u00f1os que tengo la suerte de irme al exterior, y bueno, voy. Para todos los ministros aplica lo mismo\u201d, dijo. Y aclar\u00f3 el pedido del jefe de Estado fue que sean \u201crazonables y austeros\u201d.<\/p>\n","protected":false},"excerpt":{"rendered":"<p>La ministra de Seguridad, Patricia Bullrich, cont\u00f3 este martes que pidi\u00f3 autorizaci\u00f3n para poder tomarse unos d\u00edas de descanso, luego de la decisi\u00f3n del Gobierno de restringir las vacaciones de funcionarios de primera y segunda l\u00ednea. \u201cHabl\u00e9 con Karina (Milei), le dije que ten\u00eda un compromiso de honor con mis nietos, que los chicos vienen [&hellip;]<\/p>\n","protected":false},"author":2,"featured_media":109917,"comment_status":"closed","ping_status":"closed","sticky":false,"template":"","format":"standard","meta":{"footnotes":""},"categories":[26],"tags":[],"class_list":["post-109916","post","type-post","status-publish","format-standard","has-post-thumbnail","hentry","category-politica"],"_links":{"self":[{"href":"https:\/\/radioacuariofm.com.ar\/index.php?rest_route=\/wp\/v2\/posts\/109916","targetHints":{"allow":["GET"]}}],"collection":[{"href":"https:\/\/radioacuariofm.com.ar\/index.php?rest_route=\/wp\/v2\/posts"}],"about":[{"href":"https:\/\/radioacuariofm.com.ar\/index.php?rest_route=\/wp\/v2\/types\/post"}],"author":[{"embeddable":true,"href":"https:\/\/radioacuariofm.com.ar\/index.php?rest_route=\/wp\/v2\/users\/2"}],"replies":[{"embeddable":true,"href":"https:\/\/radioacuariofm.com.ar\/index.php?rest_route=%2Fwp%2Fv2%2Fcomments&post=109916"}],"version-history":[{"count":1,"href":"https:\/\/radioacuariofm.com.ar\/index.php?rest_route=\/wp\/v2\/posts\/109916\/revisions"}],"predecessor-version":[{"id":109919,"href":"https:\/\/radioacuariofm.com.ar\/index.php?rest_route=\/wp\/v2\/posts\/109916\/revisions\/109919"}],"wp:featuredmedia":[{"embeddable":true,"href":"https:\/\/radioacuariofm.com.ar\/index.php?rest_route=\/wp\/v2\/media\/109917"}],"wp:attachment":[{"href":"https:\/\/radioacuariofm.com.ar\/index.php?rest_route=%2Fwp%2Fv2%2Fmedia&parent=109916"}],"wp:term":[{"taxonomy":"category","embeddable":true,"href":"https:\/\/radioacuariofm.com.ar\/index.php?rest_route=%2Fwp%2Fv2%2Fcategories&post=109916"},{"taxonomy":"post_tag","embeddable":true,"href":"https:\/\/radioacuariofm.com.ar\/index.php?rest_route=%2Fwp%2Fv2%2Ftags&post=109916"}],"curies":[{"name":"wp","href":"https:\/\/api.w.org\/{rel}","templated":true}]}}