{"id":106370,"date":"2024-12-10T21:00:38","date_gmt":"2024-12-11T00:00:38","guid":{"rendered":"https:\/\/radioacuariofm.com.ar\/?p=106370"},"modified":"2024-12-10T21:00:44","modified_gmt":"2024-12-11T00:00:44","slug":"orrego-inicio-su-agenda-de-actividades-con-una-visita-a-la-empresa-lider-en-reciclaje-de-cobre-4","status":"publish","type":"post","link":"https:\/\/radioacuariofm.com.ar\/?p=106370","title":{"rendered":"Orrego inici\u00f3 su agenda de actividades con una visita a la empresa l\u00edder en reciclaje de cobre"},"content":{"rendered":"<p><img decoding=\"async\" src=\"https:\/\/radioacuariofm.com.ar\/wp-content\/uploads\/2024\/12\/fb54b74a461bd1375dc7f05fec6c8220_L-4.jpg\"\/>  <\/p>\n<p>El gobernador de San Juan, Marcelo Orrego, comenz\u00f3 su agenda en Europa con una visita a una de las principales empresas refinadoras y recicladoras de cobre del mundo, Aurubis. Acompa\u00f1ado por el secretario de Miner\u00eda de la Naci\u00f3n, Luis Lucero, y el embajador argentino en Alemania, Fernando Brun, Orrego encabez\u00f3 la delegaci\u00f3n argentina en esta importante actividad.<\/p>\n<p>La actividad se realiz\u00f3 en el contexto de la participaci\u00f3n del primer mandatario sanjuanino como presidente de la Mesa del Cobre en la Raw Materials Week 2024, un evento internacional clave que se llevar\u00e1 a cabo en Bruselas, B\u00e9lgica.<\/p>\n<p>La comitiva argentina incluy\u00f3 a autoridades de provincias mineras como Salta, Catamarca, Jujuy, Mendoza y San Juan. Durante la visita, los representantes pudieron conocer las avanzadas instalaciones industriales de Aurubis y su compromiso con la sostenibilidad en la producci\u00f3n de productos como planchas y c\u00e1todos de cobre, alambre para cables y lingotes de cobre.<\/p>\n<p>Aurubis, con m\u00e1s de 150 a\u00f1os de historia, se posiciona como l\u00edder global en la producci\u00f3n de refinados y reciclados de cobre, empleando a m\u00e1s de 7.000 personas en distintos pa\u00edses.<\/p>\n<p>Adem\u00e1s, se destaca por sus pol\u00edticas de sustentabilidad ambiental, que han sido reconocidas con numerosos premios en Europa gracias a su enfoque innovador para reducir los impactos ambientales en sus operaciones y su cadena de suministro.<\/p>\n","protected":false},"excerpt":{"rendered":"<p>El gobernador de San Juan, Marcelo Orrego, comenz\u00f3 su agenda en Europa con una visita a una de las principales empresas refinadoras y recicladoras de cobre del mundo, Aurubis. Acompa\u00f1ado por el secretario de Miner\u00eda de la Naci\u00f3n, Luis Lucero, y el embajador argentino en Alemania, Fernando Brun, Orrego encabez\u00f3 la delegaci\u00f3n argentina en esta [&hellip;]<\/p>\n","protected":false},"author":2,"featured_media":106371,"comment_status":"closed","ping_status":"closed","sticky":false,"template":"","format":"standard","meta":{"footnotes":""},"categories":[27],"tags":[],"class_list":["post-106370","post","type-post","status-publish","format-standard","has-post-thumbnail","hentry","category-san-juan"],"_links":{"self":[{"href":"https:\/\/radioacuariofm.com.ar\/index.php?rest_route=\/wp\/v2\/posts\/106370","targetHints":{"allow":["GET"]}}],"collection":[{"href":"https:\/\/radioacuariofm.com.ar\/index.php?rest_route=\/wp\/v2\/posts"}],"about":[{"href":"https:\/\/radioacuariofm.com.ar\/index.php?rest_route=\/wp\/v2\/types\/post"}],"author":[{"embeddable":true,"href":"https:\/\/radioacuariofm.com.ar\/index.php?rest_route=\/wp\/v2\/users\/2"}],"replies":[{"embeddable":true,"href":"https:\/\/radioacuariofm.com.ar\/index.php?rest_route=%2Fwp%2Fv2%2Fcomments&post=106370"}],"version-history":[{"count":1,"href":"https:\/\/radioacuariofm.com.ar\/index.php?rest_route=\/wp\/v2\/posts\/106370\/revisions"}],"predecessor-version":[{"id":106373,"href":"https:\/\/radioacuariofm.com.ar\/index.php?rest_route=\/wp\/v2\/posts\/106370\/revisions\/106373"}],"wp:featuredmedia":[{"embeddable":true,"href":"https:\/\/radioacuariofm.com.ar\/index.php?rest_route=\/wp\/v2\/media\/106371"}],"wp:attachment":[{"href":"https:\/\/radioacuariofm.com.ar\/index.php?rest_route=%2Fwp%2Fv2%2Fmedia&parent=106370"}],"wp:term":[{"taxonomy":"category","embeddable":true,"href":"https:\/\/radioacuariofm.com.ar\/index.php?rest_route=%2Fwp%2Fv2%2Fcategories&post=106370"},{"taxonomy":"post_tag","embeddable":true,"href":"https:\/\/radioacuariofm.com.ar\/index.php?rest_route=%2Fwp%2Fv2%2Ftags&post=106370"}],"curies":[{"name":"wp","href":"https:\/\/api.w.org\/{rel}","templated":true}]}}