{"id":104632,"date":"2024-12-07T15:59:59","date_gmt":"2024-12-07T18:59:59","guid":{"rendered":"https:\/\/radioacuariofm.com.ar\/?p=104632"},"modified":"2024-12-07T16:00:16","modified_gmt":"2024-12-07T19:00:16","slug":"fijate-que-tu-vicepresidenta-no-se-olvide-de-convocar-a-sesionar","status":"publish","type":"post","link":"https:\/\/radioacuariofm.com.ar\/?p=104632","title":{"rendered":"Fijate que tu Vicepresidenta no se olvide de convocar a sesionar"},"content":{"rendered":"<p><img decoding=\"async\" src=\"https:\/\/radioacuariofm.com.ar\/wp-content\/uploads\/2024\/12\/uq_GG3HR__2000x1500__1-1.jpg\"\/>   <\/p>\n<p><strong>Cristina Kirchner <\/strong>volvi\u00f3 a despegarse este s\u00e1bado del esc\u00e1ndalo del senador<strong> Edgardo Kueider<\/strong>, detenido en Paraguay por querer entrar junto a su secretaria m\u00e1s de US$ 200 mil d\u00f3lares sin declarar, y aprovech\u00f3 adem\u00e1s para chicanear a <strong>Javier Milei <\/strong>por su tensa relaci\u00f3n con <strong>Victoria Villarruel.<\/strong><\/p>\n<p>\u201c<strong>Che Milei! <\/strong>A vos que dec\u00edas que ven\u00edas a terminar con la \u2018casta\u2019, te quiero avisar que los 33 senadores y senadoras peronistas piden sesi\u00f3n especial el pr\u00f3ximo jueves a las 11 hs., para remover al Senador argentino que est\u00e1 preso en Paraguay porque lo agarraron en la Triple Frontera con m\u00e1s de 200 mil d\u00f3lares sin justificar\u201d, poste\u00f3 la titular del PJ en su cuenta de X.<\/p>\n<p>\u201c<strong>Fijate que tu Vicepresidenta no se olvide de convocar a sesionar <\/strong>y que tus 6 senadores bajen al recinto para dar qu\u00f3rum. \u00bf<strong>O Kueider es tuyo<\/strong> y lo van a dejar seguir siendo senador porque tienen miedo que hable?\u201d, agreg\u00f3, al protagonizar un nuevo cruce con el libertario por el esc\u00e1ndalo en el pa\u00eds vecino.<\/p>\n<p>  El posteo de Cristina este s\u00e1bado.  <\/p>\n<p>El tuit de la ex vicepresidenta de Alberto Fern\u00e1ndez lleg\u00f3 en momentos donde el kirchnerismo est\u00e1 decidido a recuperar la banca p\u00e9rdida en el Senado por la provincia de Entre R\u00edos y apura la expulsi\u00f3n de Kueider. Con ese objetivo, el bloque de Uni\u00f3n por la Patria (UxP) pidi\u00f3 que se convoque a una sesi\u00f3n especial el pr\u00f3ximo jueves para tratar la remoci\u00f3n del legislador.<\/p>\n<p>El pedido fue formalizado mediante una nota presentada ayer a la vicepresidenta Victoria Villarruel, en la cual exigen el tratamiento de un proyecto de resoluci\u00f3n presentado esta semana en el que solicitan la remoci\u00f3n del senador de Unidad Federal por \u201cinhabilidad moral\u201d. La propuesta lleva las firmas de Jos\u00e9 Mayans junto a las cristinistas Juliana Di Tullio y Anabel Fern\u00e1ndez Sagasti.<\/p>\n<p>Lo cierto es que el pedido de sesi\u00f3n del kirchnerismo tiene m\u00e1s un fondo pol\u00edtico que moral porque la verdadera misi\u00f3n es recuperar la banca que en 2022 el bloque K perdi\u00f3 a partir de la fractura que gener\u00f3 Kueider en sociedad con el correntino Carlos \u201cCamau\u201d Esp\u00ednola. A la movida se sum\u00f3 Mar\u00eda Eugenia Catalfamo, en ese momento senadora por San Luis, para conformar junto a la cordobesa Alejandra Vigo el bloque de Unidad Federal.<\/p>\n<p>Si el kirchnerismo logra la remoci\u00f3n del senador detenido en Paraguay cuando intentaba ingresar junto a su secretaria Iara Guinsel Costa, <strong>esa banca ser\u00e1 ocupada por la camporista Stefan\u00eda Cora<\/strong>, quien arranc\u00f3 su carrera pol\u00edtica en 2015 como concejal de Paran\u00e1 y en 2019 fue electa diputada provincial, renovando su mandato en 2023. En 2019 acompa\u00f1\u00f3 a Kueider en la n\u00f3mina de senadores nacionales.<\/p>\n<p>El pedido de sesi\u00f3n del kirchnerismo estaba al caer y, en el Senado, los bloques dialoguistas evitaron entrar a fondo en la pol\u00e9mica para no quedar en medio de la interna peronista. El PRO sac\u00f3 un comunicado cuando estall\u00f3 el esc\u00e1ndalo pidiendo \u201cceleridad en la investigaci\u00f3n para el esclarecimiento de los hechos\u201d, mientras que el radicalismo evit\u00f3 expresarse p\u00fablicamente a la espera de lo que resuelva la justicia de Paraguay.<\/p>\n<p>Al pedir la sesi\u00f3n, el bloque de Mayans se sirvi\u00f3 de un texto firmado por Eduardo Menem, quien fue titular de la Convenci\u00f3n Constituyente de 1994 y presidente provisional del Senado, para fundamentar que el Senado puede ejercer facultades propias que no fuesen legislar durante el per\u00edodo de receso.<\/p>\n<p>El reglamento del Senado establece en el art\u00edculo 204 que en caso de que un senador incurra en faltas graves, la C\u00e1mara a pedido de su presidente o alguno de sus miembros decidir\u00e1 en una votaci\u00f3n sin discusi\u00f3n si se aplica el art\u00edculo 66 de la Constituci\u00f3n, que prev\u00e9 la remoci\u00f3n de los legisladores. <strong>En caso de resultar afirmativa, la votaci\u00f3n se crear\u00e1 una comisi\u00f3n de 3 miembros para tomar las medidas orientadas al proceso de exclusi\u00f3n.<\/strong><\/p>\n<h2>Villarruel y las tensiones por el caso Kueider<\/h2>\n<p>M\u00e1s all\u00e1 de los detalles reglamentarios, la vice de Milei analizaba el controvertido caso de Kueider, quien junto a su secretaria cumplen arresto domiciliario en un lujoso complejo de departamentos en Asunci\u00f3n. <\/p>\n<p>En las \u00faltimas horas hubo conversaciones con el personal del despacho del senador de Unidad Federal con la intenci\u00f3n de buscar alternativas para efectivizar el pedido de licencia del legislador, que deber\u00eda formalizar personalmente para que pueda ser aprobado por mayor\u00eda simple por los miembros del Senado.<\/p>\n<p>Tal como inform\u00f3 <strong>Clar\u00edn<\/strong>, en el oficialismo saben que perdieron un aliado y, en este escenario, el mejor resultado ser\u00eda que Kueider se tome licencia porque de esa manera va a impedir que el kirchnerismo gane una banca con el ingreso de la camporista. Sin embargo, los libertarios analizan el costo de la jugada y, por ahora, siguen a la espera de lo que resuelva la justicia paraguaya.<\/p>\n<p>En tanto, los senadores dialoguistas coinciden en que es \u201cun esc\u00e1ndalo\u201d lo ocurrido con Kueider y que \u201cmuestra la decadencia de la pol\u00edtica\u201d, pero no hay demasiada voluntad por sumarse a la embestida del kirchnerismo. \u201cLos K que tampoco se vengan a hacer los defensores de la justicia y la honestidad, quieren obviamente ganar esa banca\u201d, devolvi\u00f3 una senadora.<\/p>\n<p>Por lo pronto, en el despacho de Victoria Villarruel ven m\u00e1s probable que se pueda avanzar con el pedido de licencia que con la expulsi\u00f3n que promueve Uni\u00f3n por la Patria y que requiere de los dos tercios, es decir, 48 votos si est\u00e1n todos presentes.<\/p>\n<h2>Por el caso Kueider, los K piden investigar posible irregularidades en la aprobaci\u00f3n de la Ley Bases<\/h2>\n<p>El esc\u00e1ndalo del senador Kueider tambi\u00e9n tiene su embestida en Diputados, donde Uni\u00f3n por la Patria pidi\u00f3 la creaci\u00f3n de una comisi\u00f3n para que se investigue si la Ley Bases fue aprobada de manera irregular.<\/p>\n<p>La iniciativa fue impulsada por el diputado Santiago Cafiero, quien present\u00f3 un proyecto de resoluci\u00f3n promoviendo la creaci\u00f3n de la \u201cComisi\u00f3n Especial Investigadora de las Condiciones y Circunstancias relativas al tratamiento y aprobaci\u00f3n de la Ley 27.742\u201d , la Ley Bases.<\/p>\n<p>\u201cEl proceso de aprobaci\u00f3n de la ley estuvo plagado de irregularidades, sospechas y denuncias. Llegamos a situaciones groseras como las del senador Kueider en Paraguay, que reclaman ir a fondo bajo el criterio de transparencia y democracia\u201d, remat\u00f3 Cafiero, ex canciller durante el gobierno de Alberto Fern\u00e1ndez.<\/p>\n","protected":false},"excerpt":{"rendered":"<p>Cristina Kirchner volvi\u00f3 a despegarse este s\u00e1bado del esc\u00e1ndalo del senador Edgardo Kueider, detenido en Paraguay por querer entrar junto a su secretaria m\u00e1s de US$ 200 mil d\u00f3lares sin declarar, y aprovech\u00f3 adem\u00e1s para chicanear a Javier Milei por su tensa relaci\u00f3n con Victoria Villarruel. \u201cChe Milei! A vos que dec\u00edas que ven\u00edas a [&hellip;]<\/p>\n","protected":false},"author":2,"featured_media":104633,"comment_status":"closed","ping_status":"closed","sticky":false,"template":"","format":"standard","meta":{"footnotes":""},"categories":[26],"tags":[],"class_list":["post-104632","post","type-post","status-publish","format-standard","has-post-thumbnail","hentry","category-politica"],"_links":{"self":[{"href":"https:\/\/radioacuariofm.com.ar\/index.php?rest_route=\/wp\/v2\/posts\/104632","targetHints":{"allow":["GET"]}}],"collection":[{"href":"https:\/\/radioacuariofm.com.ar\/index.php?rest_route=\/wp\/v2\/posts"}],"about":[{"href":"https:\/\/radioacuariofm.com.ar\/index.php?rest_route=\/wp\/v2\/types\/post"}],"author":[{"embeddable":true,"href":"https:\/\/radioacuariofm.com.ar\/index.php?rest_route=\/wp\/v2\/users\/2"}],"replies":[{"embeddable":true,"href":"https:\/\/radioacuariofm.com.ar\/index.php?rest_route=%2Fwp%2Fv2%2Fcomments&post=104632"}],"version-history":[{"count":1,"href":"https:\/\/radioacuariofm.com.ar\/index.php?rest_route=\/wp\/v2\/posts\/104632\/revisions"}],"predecessor-version":[{"id":104635,"href":"https:\/\/radioacuariofm.com.ar\/index.php?rest_route=\/wp\/v2\/posts\/104632\/revisions\/104635"}],"wp:featuredmedia":[{"embeddable":true,"href":"https:\/\/radioacuariofm.com.ar\/index.php?rest_route=\/wp\/v2\/media\/104633"}],"wp:attachment":[{"href":"https:\/\/radioacuariofm.com.ar\/index.php?rest_route=%2Fwp%2Fv2%2Fmedia&parent=104632"}],"wp:term":[{"taxonomy":"category","embeddable":true,"href":"https:\/\/radioacuariofm.com.ar\/index.php?rest_route=%2Fwp%2Fv2%2Fcategories&post=104632"},{"taxonomy":"post_tag","embeddable":true,"href":"https:\/\/radioacuariofm.com.ar\/index.php?rest_route=%2Fwp%2Fv2%2Ftags&post=104632"}],"curies":[{"name":"wp","href":"https:\/\/api.w.org\/{rel}","templated":true}]}}