{"id":104362,"date":"2024-12-07T01:20:33","date_gmt":"2024-12-07T04:20:33","guid":{"rendered":"https:\/\/radioacuariofm.com.ar\/?p=104362"},"modified":"2024-12-07T01:20:49","modified_gmt":"2024-12-07T04:20:49","slug":"el-gobierno-propone-dar-de-baja-la-obligatoriedad-de-los-debates-presidenciales","status":"publish","type":"post","link":"https:\/\/radioacuariofm.com.ar\/?p=104362","title":{"rendered":"El gobierno propone dar de baja la obligatoriedad de los debates presidenciales"},"content":{"rendered":"<p><img decoding=\"async\" src=\"https:\/\/radioacuariofm.com.ar\/wp-content\/uploads\/2024\/12\/hPNUvDAr8_2000x1500__1-1.jpg\"\/>   <\/p>\n<p>El gobierno incluy\u00f3 el proyecto de reforma electoral, para tratar en las sesiones extraordinarias del Congreso, donde uno de los temas propuestos es la eliminaci\u00f3n de la obligatoriedad de los debates presidenciales.<\/p>\n<p>Si bien el proyecto todav\u00eda no lleg\u00f3 al Congreso,<strong> fuentes oficiales confirmaron a Clar\u00edn que all\u00ed se incluy\u00f3 ese punto clave de la reforma electoral.<\/strong><\/p>\n<p>Luego de la experiencia de 2023, donde <strong>Javier Milei tuvo que participar en cuatro debates presidenciales<\/strong>, ahora el gobierno propone derogar la obligatoriedad establecida en la Ley 27.337, sancionada en 2016.<\/p>\n<p>Es que a Milei nunca le gustaron los debates presidenciales, con<strong> estrictas reglas acordadas entre la C\u00e1mara Nacional Electoral y los equipos de campa\u00f1a<\/strong> de los candidatos. Y tampoco le gusta que sea \u201cobligatorio\u201d. <\/p>\n<p>De hecho, \u201ca Javier nunca le gustaron que lo obligen a hacer algo\u201d, busc\u00f3 justificar a <strong>Clar\u00edn<\/strong> una fuente oficial. Y agreg\u00f3: <strong>\u201cQue sea una decisi\u00f3n de cada candidato\u201d.<\/strong><\/p>\n<p>En el \u00faltimo debate presidencial<strong> Milei amag\u00f3 con no presentarse, frente a Sergio Massa<\/strong>; y luego lo acus\u00f3 de apelar a \u201cherramientas oscuras\u201d durante el debate y tuvo duras cr\u00edticas hacia los organizadores, a quienes acus\u00f3 de poner cerca suyo a \u201ctosedores\u201d para \u201cperturbarlo\u201d.<\/p>\n<h2>Un largo recorrido<\/h2>\n<p>La modificaci\u00f3n que impulsa el gobierno para tratar en sesiones extraordinarias significar\u00eda un fuerte cambio respecto a una iniciativa que naci\u00f3 en 2015, con el primer debate presidencial <strong>realizado por la organizaci\u00f3n no gubernamental Argentina Debate.<\/strong><\/p>\n<p>En esa \u00e9poca no era obligatorio. El entonces candidato Daniel Scioli no se present\u00f3 al primer debate. Pero tuvo tal impacto, que <strong>luego tuvo que debatir con Mauricio Macri, en el balotaje<\/strong>, ante la presi\u00f3n de la opini\u00f3n p\u00fablica y de sus propios seguidores, que consideraron un error no haberse presentado antes.<\/p>\n<p>En cambio, desde el gobierno destacaron que<strong> Scioli no haya ido a ese primer debate presidencial, <\/strong>cuando no era obligatorio y cada candidato resolv\u00eda por su cuenta si decid\u00eda participar.<\/p>\n<p>Pero al a\u00f1o siguiente, <strong>en 2016, el Congreso sancion\u00f3 una ley estableciendo la obligatoriedad <\/strong>de participar en los debates  presidenciales, para los candidatos que superasen el 1,5% de los votos en las Primarias Abiertas, Simult\u00e1neas y Obligatorias (PASO), delegando su organizaci\u00f3n en los tres jueces de la C\u00e1mara Nacional Electoral (CNE).<\/p>\n<p>Desde entonces, la C\u00e1mara Electoral designa a Radio y Televisi\u00f3n Argentina (RTA) como unidad ejecutora de los debates presidenciales y a la C\u00e1mara de Productores Independientes de Televisi\u00f3n (CAPIT) para la producci\u00f3n art\u00edstica, que realizaron <strong>los debates de 2019 y 2023, donde se presentaron todos los candidatos.<\/strong><\/p>\n<p>La Ley de Debate Presidencial Obligatorio tiene solo 10 art\u00edculos y establece que \u201csi alg\u00fan candidato no se presenta, pierde el aporte para la publicidad de campa\u00f1a y adem\u00e1s, se debe colocar el atril vac\u00edo con su nombre\u201d, destac\u00f3 el presidente de la CNE, Alberto Dalla Via, esta semana en una columna en Clar\u00edn.<\/p>\n<p>Y agreg\u00f3: \u201cEl proyecto de \u2018Reforma para el fortalecimiento electoral\u2019, recientemente ingresado en el Congreso de la Naci\u00f3n busca \u2018desregular\u2019 los debates presidenciales al eliminar en el art\u00edculo 12 el cap\u00edtulo IV bis que los hab\u00eda incluido de manera obligatoria en el cronograma. <strong>Si el proyecto prospera, el Estado dejar\u00e1 de aportar con el presupuesto y tambi\u00e9n perder\u00e1n su obligatoriedad\u201d<\/strong>, dijo Dalla Via.<\/p>\n","protected":false},"excerpt":{"rendered":"<p>El gobierno incluy\u00f3 el proyecto de reforma electoral, para tratar en las sesiones extraordinarias del Congreso, donde uno de los temas propuestos es la eliminaci\u00f3n de la obligatoriedad de los debates presidenciales. Si bien el proyecto todav\u00eda no lleg\u00f3 al Congreso, fuentes oficiales confirmaron a Clar\u00edn que all\u00ed se incluy\u00f3 ese punto clave de la [&hellip;]<\/p>\n","protected":false},"author":2,"featured_media":104363,"comment_status":"closed","ping_status":"closed","sticky":false,"template":"","format":"standard","meta":{"footnotes":""},"categories":[26],"tags":[],"class_list":["post-104362","post","type-post","status-publish","format-standard","has-post-thumbnail","hentry","category-politica"],"_links":{"self":[{"href":"https:\/\/radioacuariofm.com.ar\/index.php?rest_route=\/wp\/v2\/posts\/104362","targetHints":{"allow":["GET"]}}],"collection":[{"href":"https:\/\/radioacuariofm.com.ar\/index.php?rest_route=\/wp\/v2\/posts"}],"about":[{"href":"https:\/\/radioacuariofm.com.ar\/index.php?rest_route=\/wp\/v2\/types\/post"}],"author":[{"embeddable":true,"href":"https:\/\/radioacuariofm.com.ar\/index.php?rest_route=\/wp\/v2\/users\/2"}],"replies":[{"embeddable":true,"href":"https:\/\/radioacuariofm.com.ar\/index.php?rest_route=%2Fwp%2Fv2%2Fcomments&post=104362"}],"version-history":[{"count":1,"href":"https:\/\/radioacuariofm.com.ar\/index.php?rest_route=\/wp\/v2\/posts\/104362\/revisions"}],"predecessor-version":[{"id":104365,"href":"https:\/\/radioacuariofm.com.ar\/index.php?rest_route=\/wp\/v2\/posts\/104362\/revisions\/104365"}],"wp:featuredmedia":[{"embeddable":true,"href":"https:\/\/radioacuariofm.com.ar\/index.php?rest_route=\/wp\/v2\/media\/104363"}],"wp:attachment":[{"href":"https:\/\/radioacuariofm.com.ar\/index.php?rest_route=%2Fwp%2Fv2%2Fmedia&parent=104362"}],"wp:term":[{"taxonomy":"category","embeddable":true,"href":"https:\/\/radioacuariofm.com.ar\/index.php?rest_route=%2Fwp%2Fv2%2Fcategories&post=104362"},{"taxonomy":"post_tag","embeddable":true,"href":"https:\/\/radioacuariofm.com.ar\/index.php?rest_route=%2Fwp%2Fv2%2Ftags&post=104362"}],"curies":[{"name":"wp","href":"https:\/\/api.w.org\/{rel}","templated":true}]}}