{"id":101726,"date":"2024-12-02T18:59:48","date_gmt":"2024-12-02T21:59:48","guid":{"rendered":"https:\/\/radioacuariofm.com.ar\/?p=101726"},"modified":"2024-12-02T18:59:54","modified_gmt":"2024-12-02T21:59:54","slug":"el-departamento-9-de-julio-celebra-su-111o-aniversario-y-esta-entre-los-mas-jovenes-2","status":"publish","type":"post","link":"https:\/\/radioacuariofm.com.ar\/?p=101726","title":{"rendered":"El departamento 9 de Julio celebra su 111\u00ba aniversario y est\u00e1 entre los m\u00e1s j\u00f3venes"},"content":{"rendered":"<p><img decoding=\"async\" src=\"https:\/\/radioacuariofm.com.ar\/wp-content\/uploads\/2024\/12\/625ed9ff5e7d10588670c70d116bd3af_L-2.jpg\"\/>  <\/p>\n<p>Como cada 2 de diciembre 9 de Julio cumple un aniversario m\u00e1s desde su fundaci\u00f3n en 1913, y forma parte del grupo m\u00e1s joven de los departamentos que se conformaron en la provincia, pero sus tierras guardan siglos de historia.<\/p>\n<p>Con su nombre haciendo honor a la Independencia, tambi\u00e9n fue la primera denominaci\u00f3n que recibi\u00f3 antes de ser un departamento. 9 de Julio es principalmente rural, sin una actividad tur\u00edstica desarrollada, pero tiene decenas de lugares por conocer.<\/p>\n<p>Su historia es cercana, ya que fue reconocido como tal en 1913, durante la gobernaci\u00f3n de Pedro Valenzuela, donde se dispuso la distribuci\u00f3n geogr\u00e1fica de San Juan en 19 departamentos. Previamente, hab\u00eda formado parte de Pocito mientras que la localidad, que luego se convirti\u00f3 en villa cabecera, se denominaba 9 de Julio, haciendo menci\u00f3n a la fecha patria.<\/p>\n<p>Cuando se estableci\u00f3 como un departamento m\u00e1s de la provincia, trasladaron el nombre a la comuna, para continuar con el homenaje a una de las fechas m\u00e1s importantes de la historia de Argentina.<\/p>\n<p>Muchos siglos antes las tierras eran habitadas por comunidades Huarpes que durante siglos desarrollaron distintas actividades agr\u00edcolas y de caza para subsistir, previo a la llegada de los espa\u00f1oles, como suced\u00eda en todo el Valle del Tulum. Hoy, pocos rastros quedan de estas comunidades que desaparecieron a medida que los europeos tomaron posesi\u00f3n de las distintas tierras.<\/p>\n<p>En \u00e9ste marco hist\u00f3rico, cabe se\u00f1alar que fue uno de los lugares donde impact\u00f3 la revoluci\u00f3n productiva con la llegada del ferrocarril, del que solo hoy queda el recuerdo de aquella estaci\u00f3n, con algunas casillas que a\u00fan se encuentran de pie.<\/p>\n<p>Uno de los primeros sitios que encontramos en el departamento es el Aeropuerto Internacional Domingo Faustino Sarmiento, que cuenta con un predio de 346 hect\u00e1reas, con vuelos hacia varias provincias argentinas.<\/p>\n<p>Otro motivo por el que un gran n\u00famero de sanjuaninos visitan 9 de Julio es por sus fiestas patronales, la m\u00e1s importante es la que se realiza en el mes de octubre en honor a la Virgen del Rosario, cuya devoci\u00f3n es una de las m\u00e1s antiguas en la zona de Cuyo.<\/p>\n<p>La principal actividad econ\u00f3mica de este departamento es la agricultura, donde posee una superficie cultivada de 4.343 hect\u00e1reas, destinadas principalmente a la vid, olivo, hortalizas como tomate, cebolla, frutales como mel\u00f3n, ciruela, membrillo, forestales, cereales y forrajes.<\/p>\n<p>En el caso de la industria se destaca la industria del vino, donde posee varias bodegas y una importante f\u00e1brica dedicada a la producci\u00f3n de juntas para motores de veh\u00edculos y polietileno<\/p>\n","protected":false},"excerpt":{"rendered":"<p>Como cada 2 de diciembre 9 de Julio cumple un aniversario m\u00e1s desde su fundaci\u00f3n en 1913, y forma parte del grupo m\u00e1s joven de los departamentos que se conformaron en la provincia, pero sus tierras guardan siglos de historia. Con su nombre haciendo honor a la Independencia, tambi\u00e9n fue la primera denominaci\u00f3n que recibi\u00f3 [&hellip;]<\/p>\n","protected":false},"author":2,"featured_media":101727,"comment_status":"closed","ping_status":"closed","sticky":false,"template":"","format":"standard","meta":{"footnotes":""},"categories":[27],"tags":[],"class_list":["post-101726","post","type-post","status-publish","format-standard","has-post-thumbnail","hentry","category-san-juan"],"_links":{"self":[{"href":"https:\/\/radioacuariofm.com.ar\/index.php?rest_route=\/wp\/v2\/posts\/101726","targetHints":{"allow":["GET"]}}],"collection":[{"href":"https:\/\/radioacuariofm.com.ar\/index.php?rest_route=\/wp\/v2\/posts"}],"about":[{"href":"https:\/\/radioacuariofm.com.ar\/index.php?rest_route=\/wp\/v2\/types\/post"}],"author":[{"embeddable":true,"href":"https:\/\/radioacuariofm.com.ar\/index.php?rest_route=\/wp\/v2\/users\/2"}],"replies":[{"embeddable":true,"href":"https:\/\/radioacuariofm.com.ar\/index.php?rest_route=%2Fwp%2Fv2%2Fcomments&post=101726"}],"version-history":[{"count":1,"href":"https:\/\/radioacuariofm.com.ar\/index.php?rest_route=\/wp\/v2\/posts\/101726\/revisions"}],"predecessor-version":[{"id":101729,"href":"https:\/\/radioacuariofm.com.ar\/index.php?rest_route=\/wp\/v2\/posts\/101726\/revisions\/101729"}],"wp:featuredmedia":[{"embeddable":true,"href":"https:\/\/radioacuariofm.com.ar\/index.php?rest_route=\/wp\/v2\/media\/101727"}],"wp:attachment":[{"href":"https:\/\/radioacuariofm.com.ar\/index.php?rest_route=%2Fwp%2Fv2%2Fmedia&parent=101726"}],"wp:term":[{"taxonomy":"category","embeddable":true,"href":"https:\/\/radioacuariofm.com.ar\/index.php?rest_route=%2Fwp%2Fv2%2Fcategories&post=101726"},{"taxonomy":"post_tag","embeddable":true,"href":"https:\/\/radioacuariofm.com.ar\/index.php?rest_route=%2Fwp%2Fv2%2Ftags&post=101726"}],"curies":[{"name":"wp","href":"https:\/\/api.w.org\/{rel}","templated":true}]}}