{"id":101722,"date":"2024-12-02T18:59:43","date_gmt":"2024-12-02T21:59:43","guid":{"rendered":"https:\/\/radioacuariofm.com.ar\/?p=101722"},"modified":"2024-12-02T18:59:47","modified_gmt":"2024-12-02T21:59:47","slug":"el-2024-cierra-con-una-muestra-de-amplio-repertorio-musical-2","status":"publish","type":"post","link":"https:\/\/radioacuariofm.com.ar\/?p=101722","title":{"rendered":"El 2024 cierra con una muestra de amplio repertorio musical"},"content":{"rendered":"<p><img decoding=\"async\" src=\"https:\/\/radioacuariofm.com.ar\/wp-content\/uploads\/2024\/12\/84a6364d85e52b5039f8e44c6d1c789e_L-2.jpg\"\/>  <\/p>\n<p>Como cierre de la temporada 2024, <strong>los participantes del Programa de Formaci\u00f3n de Canto Popular llevar\u00e1n adelante \u201cA que florezca mi pueblo\u201d<\/strong>. Esta muestra ser\u00e1 el <strong>viernes 6 de diciembre en la Sala Audit\u00f3rium del Teatro del Bicentenario<\/strong> y contar\u00e1 con un amplio repertorio musical.<\/p>\n<p>El Programa de Formaci\u00f3n se llev\u00f3 a cabo durante la temporada 2024 con la capacitaci\u00f3n de sus participantes en aspectos t\u00e9cnicos, art\u00edsticos y profesional; con especial \u00e9nfasis en los ritmos del folklore latinoamericano, incluyendo folklore cuyano, tango, candombe, entre otros. A su vez, busc\u00f3 profundizar las cualidades interpretativas y esc\u00e9nicas mediante el estudio de repertorio.<\/p>\n<p>A partir de una convocatoria abierta, dirigida a cantantes con altas cualidades vocales y art\u00edsticas; adem\u00e1s de conocimientos en t\u00e9cnica vocal, los docentes Patricia Cangemi y Sebasti\u00e1n Narv\u00e1ez estuvieron a cargo del proceso de aprendizaje. As\u00ed, se trabaj\u00f3 semanalmente con los artistas en la interpretaci\u00f3n y el repertorio de los autores y compositores m\u00e1s representativos de la regi\u00f3n cuyana, como as\u00ed tambi\u00e9n de otras regiones de la Argentina. Tambi\u00e9n acompa\u00f1aron este a\u00f1o, en el proceso de formaci\u00f3n, los profesores Julieta Villar Cangemi y Diego Ferreyra.<\/p>\n<p><strong>La muestra contar\u00e1 con la participaci\u00f3n de quienes fueron parte del programa<\/strong>; Juanse Arano, Luna Herrera, Roc\u00edo Julio, Federico Arano, Nahuel Aciar, Guido Curra\u00f1o, Jazm\u00edn Sehara y Roc\u00edo Pontoriero que interpretar\u00e1n desde chacareras hasta candombes en un variado repertorio musical que dar\u00e1 cierre a un exitoso a\u00f1o de formaci\u00f3n art\u00edstico. Como m\u00fasico invitado acompa\u00f1ar\u00e1 a los participantes del Programa Guillermo \u201cGok\u00fa\u201d Illanes.<\/p>\n<p><strong>La entrada es libre y gratuita<\/strong> hasta agotar cupo de sala.<\/p>\n","protected":false},"excerpt":{"rendered":"<p>Como cierre de la temporada 2024, los participantes del Programa de Formaci\u00f3n de Canto Popular llevar\u00e1n adelante \u201cA que florezca mi pueblo\u201d. Esta muestra ser\u00e1 el viernes 6 de diciembre en la Sala Audit\u00f3rium del Teatro del Bicentenario y contar\u00e1 con un amplio repertorio musical. El Programa de Formaci\u00f3n se llev\u00f3 a cabo durante la [&hellip;]<\/p>\n","protected":false},"author":2,"featured_media":101723,"comment_status":"closed","ping_status":"closed","sticky":false,"template":"","format":"standard","meta":{"footnotes":""},"categories":[27],"tags":[],"class_list":["post-101722","post","type-post","status-publish","format-standard","has-post-thumbnail","hentry","category-san-juan"],"_links":{"self":[{"href":"https:\/\/radioacuariofm.com.ar\/index.php?rest_route=\/wp\/v2\/posts\/101722","targetHints":{"allow":["GET"]}}],"collection":[{"href":"https:\/\/radioacuariofm.com.ar\/index.php?rest_route=\/wp\/v2\/posts"}],"about":[{"href":"https:\/\/radioacuariofm.com.ar\/index.php?rest_route=\/wp\/v2\/types\/post"}],"author":[{"embeddable":true,"href":"https:\/\/radioacuariofm.com.ar\/index.php?rest_route=\/wp\/v2\/users\/2"}],"replies":[{"embeddable":true,"href":"https:\/\/radioacuariofm.com.ar\/index.php?rest_route=%2Fwp%2Fv2%2Fcomments&post=101722"}],"version-history":[{"count":1,"href":"https:\/\/radioacuariofm.com.ar\/index.php?rest_route=\/wp\/v2\/posts\/101722\/revisions"}],"predecessor-version":[{"id":101725,"href":"https:\/\/radioacuariofm.com.ar\/index.php?rest_route=\/wp\/v2\/posts\/101722\/revisions\/101725"}],"wp:featuredmedia":[{"embeddable":true,"href":"https:\/\/radioacuariofm.com.ar\/index.php?rest_route=\/wp\/v2\/media\/101723"}],"wp:attachment":[{"href":"https:\/\/radioacuariofm.com.ar\/index.php?rest_route=%2Fwp%2Fv2%2Fmedia&parent=101722"}],"wp:term":[{"taxonomy":"category","embeddable":true,"href":"https:\/\/radioacuariofm.com.ar\/index.php?rest_route=%2Fwp%2Fv2%2Fcategories&post=101722"},{"taxonomy":"post_tag","embeddable":true,"href":"https:\/\/radioacuariofm.com.ar\/index.php?rest_route=%2Fwp%2Fv2%2Ftags&post=101722"}],"curies":[{"name":"wp","href":"https:\/\/api.w.org\/{rel}","templated":true}]}}