{"id":100915,"date":"2024-12-01T06:41:07","date_gmt":"2024-12-01T09:41:07","guid":{"rendered":"https:\/\/radioacuariofm.com.ar\/?p=100915"},"modified":"2024-12-01T06:41:24","modified_gmt":"2024-12-01T09:41:24","slug":"la-oposicion-presiona-a-javier-milei-para-que-incluya-el-presupuesto-y-ficha-limpia-en-extraordinarias","status":"publish","type":"post","link":"https:\/\/radioacuariofm.com.ar\/?p=100915","title":{"rendered":"La oposici\u00f3n presiona a Javier Milei para que incluya el Presupuesto y Ficha Limpia en extraordinarias"},"content":{"rendered":"<p><img decoding=\"async\" src=\"https:\/\/radioacuariofm.com.ar\/wp-content\/uploads\/2024\/12\/Lfyqq2R2P_2000x1500__1-1.jpg\"\/>   <\/p>\n<p>Mientras el oficialismo asegura que va a llamar a extraordinarias pero que<strong> no va a incluir el Presupuesto 2025<\/strong>, la oposici\u00f3n presiona a <strong>Javier Milei<\/strong> e incluso los m\u00e1s duros ya barajan la opci\u00f3n de<strong> no dar qu\u00f3rum para ning\u00fan otro tema si no lo incluyen.<\/strong> <strong>Ficha Limpia <\/strong>es el otro punto que exigen.<\/p>\n<p>Tanto desde la Casa Rosada como cerca de <strong>Mart\u00edn Menem<\/strong> afirmaron esta semana que <strong>habr\u00e1 extraordinarias pero que el Presupuesto no ser\u00e1 de la partida<\/strong>. En la puerta de entrada a un nuevo a\u00f1o electoral el Gobierno quiere tratar la eliminaci\u00f3n de las PASO, la modificaci\u00f3n del sistema de financiamiento de los partidos pol\u00edticos e incluso se\u00f1alaban la privatizaci\u00f3n de Aerol\u00edneas Argentinas, un proyecto que consigui\u00f3 dictamen con f\u00f3rceps en comisi\u00f3n pero est\u00e1 lejos del acuerdo por los votos.<\/p>\n<p>\u201c<strong>La intencion es que haya extraordinarias. <\/strong>No hemos todav\u00eda conversado con el Presidente la fecha oportuna. Pretendemos que no sean largas,<strong> la idea era diciembre, pero vamos a resolverlo esta semana<\/strong>\u201c, afirm\u00f3 el jefe de Gabinete, Guillermo Francos, este s\u00e1bado en declaraciones a Radio Mitre.<\/p>\n<p>En el posible temario incluy\u00f3 los proyectos de reformas penales enviados por Patricia Bullrich, como la ley de reiterancia y juicio en ausencia, pero volvi\u00f3 a recalcar que todav\u00eda no se lleg\u00f3 a un acuerdo con los gobernadores por el Presupuesto 2025 y que si no hay fumata blanca el tema no se incluir\u00e1 en el decreto de convocatoria. <\/p>\n<p>\u201c<strong>Hubo planteos de los gobernadores a los que el Gobierno no va a acceder <\/strong>porque no va a permitir que tengan impacto fiscal. Por supuesto que el Gobierno est\u00e1 dispuesto a tratarlo (al presupuesto) pero hasta ahora no hemos llegado a un acuerdo\u201d, aclar\u00f3.<\/p>\n<h2>La oposici\u00f3n en alerta<\/h2>\n<p>Los gobernadores que en la semana sacaron un documento planteando que el pa\u00eds tiene que tener Presupuesto y que no puede volver a prorrogarse por segunda vez consecutiva -lo que ser\u00eda un hecho in\u00e9dito- est\u00e1n en alerta pero quieren esperar a que el Ejecutivo avance para definir su estrategia. <\/p>\n<p>Entre las bancadas ya empez\u00f3 a volar la amenaza de no dar qu\u00f3rum para tratar ning\u00fan tema si el Presupuesto 2025 no figura en la mesa de negociaci\u00f3n. <\/p>\n<p>\u201c<strong>No hay nada relevante en agenda para los gobernadores si no est\u00e1 el Presupuesto<\/strong>\u201c, sentenci\u00f3 un operador cercano a varios gobernadores aliados.<\/p>\n<p>Mientras tanto, la oposici\u00f3n insiste a trav\u00e9s de mensajes a Menem, declaraciones p\u00fablicas y redes sociales por ese y otros temas. <strong>El bloque de la UCR del Senado sac\u00f3 un comunicado formal por Ficha Limpia.<\/strong><\/p>\n<p>\u201cEl Bloque de Senadores de la Uni\u00f3n C\u00edvica Radical<strong> solicita el llamado a sesiones extraordinarias que incluya el tratamiento de \u201cFicha Limpia\u201d, una propuesta indispensable para garantizar la transparencia y la integridad<\/strong> en la representaci\u00f3n pol\u00edtica de nuestro pa\u00eds\u201d, plantea el texto.<\/p>\n<p>En el PRO -atravesados por el cortocircuito que justamente se gener\u00f3 a partir de ese tema \u2013 esperar\u00e1n a ver qu\u00e9 pasa en los pr\u00f3ximos d\u00edas para decidir su estrategia.<\/p>\n<p>Desde la Coalici\u00f3n C\u00edvica , tambi\u00e9n presionan por Ficha Limpia. \u201c<strong>Se\u00f1or Presidente Milei, h\u00e1gase cargo del alarde y las excusas absurdas de sus diputados y convoque a sesiones extraordinarias<\/strong>. Por exclusiva responsabilidad de su bloque, han quedado sin tratar proyectos urgentes para los argentinos y nuestra Rep\u00fablica: Presupuesto 2025, Ficha Limpia, Juicio en Ausencia para los terroristas de AMIA\/Embajada y Ley de Ludopat\u00eda (1\/2 sanci\u00f3n en el Senado de la Naci\u00f3n)\u201d, apunt\u00f3 Maximiliano Ferraro.<\/p>\n<p>Desde la bancada federal, el cordob\u00e9s Oscar Agost Carre\u00f1o se\u00f1al\u00f3 a <strong>Clar\u00edn<\/strong>: \u201cCreo que ser\u00eda muy importante para todos que el Presidente cite a sesiones extraordinarias para que en el verano se apruebe el Presupuesto nacional y temas pendientes como ficha limpia y juicio en ausencia\u201d.<\/p>\n<p>En el Senado, los jefes de bloque aprovecharon la visita de Francos, que fue a presentar su informe de gesti\u00f3n, para decirle que incluya proyectos que tienen media sanci\u00f3n o est\u00e1n por perder estado parlamentario, como la Ley Nicol\u00e1s, la ley de asistentes terap\u00e9uticos y la ley anti mafias.<\/p>\n<p>Mientras tanto, el hipot\u00e9tico debate de una reforma electoral -que no tiene consenso en bancadas clave para el oficialismo como el PRO y la UCR- es impensada de hacer en forma expr\u00e9s como pretenden. El texto incluso propone cambiar el r\u00e9gimen de financiamiento de los partidos pretende exponer a los principales partidos pol\u00edticos. <\/p>\n<p>En Uni\u00f3n por la Patria hay sectores del massismo y gobernadores interesados en debatirlo. <strong>\u201cVa a ser interesante ver de nuevo a los libertarios y los K acordando en soledad<\/strong>\u201c, apunta un legislador.<\/p>\n","protected":false},"excerpt":{"rendered":"<p>Mientras el oficialismo asegura que va a llamar a extraordinarias pero que no va a incluir el Presupuesto 2025, la oposici\u00f3n presiona a Javier Milei e incluso los m\u00e1s duros ya barajan la opci\u00f3n de no dar qu\u00f3rum para ning\u00fan otro tema si no lo incluyen. Ficha Limpia es el otro punto que exigen. Tanto [&hellip;]<\/p>\n","protected":false},"author":2,"featured_media":100916,"comment_status":"closed","ping_status":"closed","sticky":false,"template":"","format":"standard","meta":{"footnotes":""},"categories":[26],"tags":[],"class_list":["post-100915","post","type-post","status-publish","format-standard","has-post-thumbnail","hentry","category-politica"],"_links":{"self":[{"href":"https:\/\/radioacuariofm.com.ar\/index.php?rest_route=\/wp\/v2\/posts\/100915","targetHints":{"allow":["GET"]}}],"collection":[{"href":"https:\/\/radioacuariofm.com.ar\/index.php?rest_route=\/wp\/v2\/posts"}],"about":[{"href":"https:\/\/radioacuariofm.com.ar\/index.php?rest_route=\/wp\/v2\/types\/post"}],"author":[{"embeddable":true,"href":"https:\/\/radioacuariofm.com.ar\/index.php?rest_route=\/wp\/v2\/users\/2"}],"replies":[{"embeddable":true,"href":"https:\/\/radioacuariofm.com.ar\/index.php?rest_route=%2Fwp%2Fv2%2Fcomments&post=100915"}],"version-history":[{"count":1,"href":"https:\/\/radioacuariofm.com.ar\/index.php?rest_route=\/wp\/v2\/posts\/100915\/revisions"}],"predecessor-version":[{"id":100918,"href":"https:\/\/radioacuariofm.com.ar\/index.php?rest_route=\/wp\/v2\/posts\/100915\/revisions\/100918"}],"wp:featuredmedia":[{"embeddable":true,"href":"https:\/\/radioacuariofm.com.ar\/index.php?rest_route=\/wp\/v2\/media\/100916"}],"wp:attachment":[{"href":"https:\/\/radioacuariofm.com.ar\/index.php?rest_route=%2Fwp%2Fv2%2Fmedia&parent=100915"}],"wp:term":[{"taxonomy":"category","embeddable":true,"href":"https:\/\/radioacuariofm.com.ar\/index.php?rest_route=%2Fwp%2Fv2%2Fcategories&post=100915"},{"taxonomy":"post_tag","embeddable":true,"href":"https:\/\/radioacuariofm.com.ar\/index.php?rest_route=%2Fwp%2Fv2%2Ftags&post=100915"}],"curies":[{"name":"wp","href":"https:\/\/api.w.org\/{rel}","templated":true}]}}