{"id":100422,"date":"2024-11-30T05:01:24","date_gmt":"2024-11-30T08:01:24","guid":{"rendered":"https:\/\/radioacuariofm.com.ar\/?p=100422"},"modified":"2024-11-30T05:01:43","modified_gmt":"2024-11-30T08:01:43","slug":"tensiones-reproches-y-falta-de-acuerdos-en-la-previa-de-la-sesion-que-define-la-continuidad-de-martin-menem-en-la-presidencia-de-diputados","status":"publish","type":"post","link":"https:\/\/radioacuariofm.com.ar\/?p=100422","title":{"rendered":"Tensiones, reproches y falta de acuerdos, en la previa de la sesi\u00f3n que define la continuidad de Mart\u00edn Menem en la presidencia de Diputados"},"content":{"rendered":"<p><img decoding=\"async\" src=\"https:\/\/radioacuariofm.com.ar\/wp-content\/uploads\/2024\/11\/JMHYHKa8g_2000x1500__1-1.jpg\"\/>   <\/p>\n<p>En medio de un clima de fuerte tensi\u00f3n y de repetidos reproches de los sectores de la oposici\u00f3n, <strong>Mart\u00edn Menem<\/strong>, el hombre que responde a Karina Milei en el Congreso, espera ser ratificado como presidente de Diputados. La ca\u00edda del proyecto de ficha limpia le dio <strong>al riojano un poco m\u00e1s de aire frente a las presiones de los K aunque los bloques a\u00fan no le aseguraron los votos para ser ratificado al frente de la C\u00e1mara baja.<\/strong><\/p>\n<p>\u201cNo vemos argumentos para que voten a otro\u201d, respiten entre los libertarios m\u00e1s fieles tratando de aplacar cualquier teor\u00eda de posibles cambios entre las autoridades de la C\u00e1mara cuando se haga el pr\u00f3ximo mi\u00e9rcoles la sesi\u00f3n preparatoria. Y si bien se mencionaron distintos nombres para reemplazar a Menem, no hay acuerdo entre la oposici\u00f3n para designar a un posible sucesor. Adem\u00e1s, <strong>ninguno de los legisladores quiere quedar como \u201cdestituyente\u201d, ya que el elegido quedar\u00e1 en la l\u00ednea de sucesi\u00f3n de Javier Milei<\/strong>.<\/p>\n<p>Hay sectores que imaginan un escenario es similar al que se dio con Cecilia Moreau en diciembre de 2022, cuando luego de reemplazar a Sergio Massa en la presidencia del cuerpo se qued\u00f3 sin los apoyos de la oposici\u00f3n. Lo que ocurri\u00f3 en aquella ocasi\u00f3n fue que el kirchnerismo y Juntos por el Cambio manten\u00edan una fuerte disputa por un lugar en el Consejo de la Magistratura, que finalmente qued\u00f3 para la radical Roxana Reyes.<\/p>\n<p>  Nicol\u00e1s Massot junto a Miguel Angel Pichetto. Margarita Stolbizer y Oscar Agost Carre\u00f1o completan la postal en Diputados. Foto: Federico L\u00f3pez Claro. <\/p>\n<h2>Los dialoguistas que \u201cno bancan\u201d a Mart\u00edn Menem<\/h2>\n<p>Los distintos bloques aliados al oficialismo coincidieron en cuestionar la gesti\u00f3n del presidente de la C\u00e1mara. Hay tensiones con el macrismo porque entienden que no hizo todo para aprobar la ley de ficha limpia, una propuesta que impulsa Silvia Lospennato pero que no tuvo el apoyo del Gobierno, lo que pone en algodones la relaci\u00f3n entre la Casa Rosada y Mauricio Macri.<\/p>\n<p>M\u00e1s all\u00e1 de las tensiones, la bronca y la desilusi\u00f3n que quedo en el PRO por la decisi\u00f3n del oficialismo de bajar a 8 diputados para bloquear ficha limpia, desde el bloque que comanda Cristian Ritondo <strong>dijeron que votar\u00e1n a quien proponga el Gobierno, aunque no se arriesgaron a personalizar el voto<\/strong>.<\/p>\n<p>Otro de los bloques que critica la tarea de Menem es Encuentro Federal, que conduce <strong>Miguel Angel Pichetto<\/strong>. Lo acusa de no haber cumplido un acuerdo por una silla en la Bicameral de Seguimiento de los Organismos de Inteligencia, una comisi\u00f3n que qued\u00f3 en manos del senador radical Mart\u00edn Lousteau. <\/p>\n<p>A ellos se agrega la queja de <strong>Innovaci\u00f3n Federal, el espacio que responde a los gobernadores de Salta, Misiones y R\u00edo Negro, quienes vieron frustradas las negociaciones al clausurarse la discusi\u00f3n por el presupuesto 2025, aunque se mantienen algunos contactos subterr\u00e1neos para acuerdos bilaterales<\/strong>. Incluso, Menem tiene quejas de los propios aliados libertarios porque no cumpli\u00f3 con pactos que ten\u00eda con el bloque del MID, que conform\u00f3 <strong>Oscar Zago<\/strong> tras ser desplazado de la presidencia de La Libertad Avanza. Sin olvidar el contrapunto que el riojano tuvo con Lourdes Arrieta luego del esc\u00e1ndalo generado por la visita de un grupo de diputados libertarios a los represores detenidos en Ezeiza, hecho que qued\u00f3 cajoneado en una comisi\u00f3n.<\/p>\n<p>  <img decoding=\"async\" alt=\"\u00bfHabr\u00e1 qu\u00f3rum para la sesi\u00f3n preparatoria? Foto: Federico L\u00f3pez Claro.\" src=\"https:\/\/radioacuariofm.com.ar\/wp-content\/uploads\/2024\/11\/tQynbNYOq_720x0__1.jpg\"\/>\u00bfHabr\u00e1 qu\u00f3rum para la sesi\u00f3n preparatoria? Foto: Federico L\u00f3pez Claro. <\/p>\n<h2>Hay quejas, pero ning\u00fan dialoguista quiere quedar como destituyente<\/h2>\n<p>La relaci\u00f3n es tensa entre la oposici\u00f3n y Menem y, por eso, en los pasillos de la C\u00e1mara se reflot\u00f3, en su momento, la posibilidad de colocar a Ritondo al frente del cuerpo, en un acuerdo entre el Gobierno y el macrismo. Pero en la Casa Rosada saben que con esa opci\u00f3n no tendr\u00e1 los votos de Uni\u00f3n por la Patria y otros sectores provinciales. Tambi\u00e9n se pens\u00f3 en Miguel Angel Pichetto, que vino ordenando los debates en el recinto; en Emilio Monz\u00f3, que estuvo en el cargo durante la presidencia de Mauricio Macri; y en un tapado cuyo nombre no trascendi\u00f3 pero que est\u00e1 en l\u00ednea con Milei. <\/p>\n<p>Todas las opciones fueron desestimadas, por ahora, y m\u00e1s all\u00e1 de los nombres, desde la oposici\u00f3n explicaron que <strong>no se trata de falta de acuerdo para bajar a Menem porque, como dicen en off, el deseo y los votos est\u00e1n, pero la cuesti\u00f3n es soportar las acusaciones de destituyentes<\/strong> que pueden venir. Adem\u00e1s saben que ser\u00eda un rev\u00e9s al Gobierno que Milei podr\u00eda utilizar para alimentar el relato anti casta.<\/p>\n<p>Adem\u00e1s, al acercarse la fecha de la preparatoria las posiciones empiezan a cambiar. Porque si bien el PRO qued\u00f3 con el sabor de haber sido traicionado con ficha limpia, sabe tambi\u00e9n que necesita del oficialismo para ratificar a Silvia Lospennato como vicepresidenta tercera. Y los radicales, que quedaron divididos, dependen de la voluntad del oficialismo para que se respete la vicepresidencia segunda de Julio Cobos. <\/p>\n<p>Durante la semana hubo un almuerzo de Menem con Pichetto y Emilio Monz\u00f3 en el comedor del Senado para limar asperezas. Adem\u00e1s, el libertario le abri\u00f3 la puerta a Germ\u00e1n Mart\u00ednez a la reuni\u00f3n con los presidentes de bloque aliados, lo que muestra un cambi\u00f3 en el oficialismo.<\/p>\n<p>  <img decoding=\"async\" alt=\"Germ\u00e1n Mart\u00ednez, Cecilia Moreau y Leandro Santoro en el recinto de Diputados. Foto: Federico L\u00f3pez Claro.\" src=\"https:\/\/radioacuariofm.com.ar\/wp-content\/uploads\/2024\/11\/1sHeRVsXs_720x0__1.jpg\"\/>Germ\u00e1n Mart\u00ednez, Cecilia Moreau y Leandro Santoro en el recinto de Diputados. Foto: Federico L\u00f3pez Claro.  <\/p>\n<p>Los K que celebraron el segundo fracaso de ficha limpia, la ley que pon\u00eda en jaque la posible candidatura de Cristina Kirchner, intentar\u00e1n en las pr\u00f3ximas horas cerrar un acuerdo de cara al pr\u00f3ximo a\u00f1o legislativo a cambio de ratificar la continuidad de Menem y de Cecilia Moreau, como viceprimera de la C\u00e1mara. En s\u00edntesis, por m\u00e1s que guste o no la gesti\u00f3n de Menem, todo se puede negociar.<\/p>\n<p>En tanto, en el entorno de Menem se defienden de las cr\u00edticas y se\u00f1alan que la mayor\u00eda de los bloques saben de la dificultad de administrar una c\u00e1mara con proporciones tan atomizadas. Descartan que en la Casa Rosada tengan pensado reasignarlo en el Ejecutivo, incluso se\u00f1alan que el riojano al menos terminar\u00e1 con las cuentas saldadas porque durante su primer mandato se aprob\u00f3 la Ley Bases, logr\u00f3 evitar la ca\u00edda el DNU 70\/23 de apertura de la econom\u00eda, se ratific\u00f3aron los vetos del Presidente a la movilidad jubilatoria y la ley de presupuesto universitario. Y sobre la hora bloque\u00f3 la ley que le hubiera impedido a Cristina ser candidata el pr\u00f3ximo a\u00f1o dejando abierta la puerta para otras conversaciones con el kirchnerismo,<\/p>\n","protected":false},"excerpt":{"rendered":"<p>En medio de un clima de fuerte tensi\u00f3n y de repetidos reproches de los sectores de la oposici\u00f3n, Mart\u00edn Menem, el hombre que responde a Karina Milei en el Congreso, espera ser ratificado como presidente de Diputados. La ca\u00edda del proyecto de ficha limpia le dio al riojano un poco m\u00e1s de aire frente a [&hellip;]<\/p>\n","protected":false},"author":2,"featured_media":100423,"comment_status":"closed","ping_status":"closed","sticky":false,"template":"","format":"standard","meta":{"footnotes":""},"categories":[26],"tags":[],"class_list":["post-100422","post","type-post","status-publish","format-standard","has-post-thumbnail","hentry","category-politica"],"_links":{"self":[{"href":"https:\/\/radioacuariofm.com.ar\/index.php?rest_route=\/wp\/v2\/posts\/100422","targetHints":{"allow":["GET"]}}],"collection":[{"href":"https:\/\/radioacuariofm.com.ar\/index.php?rest_route=\/wp\/v2\/posts"}],"about":[{"href":"https:\/\/radioacuariofm.com.ar\/index.php?rest_route=\/wp\/v2\/types\/post"}],"author":[{"embeddable":true,"href":"https:\/\/radioacuariofm.com.ar\/index.php?rest_route=\/wp\/v2\/users\/2"}],"replies":[{"embeddable":true,"href":"https:\/\/radioacuariofm.com.ar\/index.php?rest_route=%2Fwp%2Fv2%2Fcomments&post=100422"}],"version-history":[{"count":1,"href":"https:\/\/radioacuariofm.com.ar\/index.php?rest_route=\/wp\/v2\/posts\/100422\/revisions"}],"predecessor-version":[{"id":100427,"href":"https:\/\/radioacuariofm.com.ar\/index.php?rest_route=\/wp\/v2\/posts\/100422\/revisions\/100427"}],"wp:featuredmedia":[{"embeddable":true,"href":"https:\/\/radioacuariofm.com.ar\/index.php?rest_route=\/wp\/v2\/media\/100423"}],"wp:attachment":[{"href":"https:\/\/radioacuariofm.com.ar\/index.php?rest_route=%2Fwp%2Fv2%2Fmedia&parent=100422"}],"wp:term":[{"taxonomy":"category","embeddable":true,"href":"https:\/\/radioacuariofm.com.ar\/index.php?rest_route=%2Fwp%2Fv2%2Fcategories&post=100422"},{"taxonomy":"post_tag","embeddable":true,"href":"https:\/\/radioacuariofm.com.ar\/index.php?rest_route=%2Fwp%2Fv2%2Ftags&post=100422"}],"curies":[{"name":"wp","href":"https:\/\/api.w.org\/{rel}","templated":true}]}}