{"id":100208,"date":"2024-11-29T18:54:10","date_gmt":"2024-11-29T21:54:10","guid":{"rendered":"https:\/\/radioacuariofm.com.ar\/?p=100208"},"modified":"2024-11-29T18:54:18","modified_gmt":"2024-11-29T21:54:18","slug":"huelga-y-movilizaciones-en-toda-italia-contra-el-plan-economico-de-giorgia-meloni","status":"publish","type":"post","link":"https:\/\/radioacuariofm.com.ar\/?p=100208","title":{"rendered":"Huelga y movilizaciones en toda Italia contra el plan econ\u00f3mico de Giorgia Meloni"},"content":{"rendered":"<p> <br \/>\n<\/p>\n<div id=\"cuerpo\">\n<div class=\"sc-80531b6b-0 chRIGJ container-text text-embed\">\n<p>Hace tiempo que no se ve\u00eda en Italia una movilizaci\u00f3n popular tan grande e intensa. Con una adhesi\u00f3n alt\u00edsima, en promedio m\u00e1s del 70%, con picos en las grandes empresas de hasta el 85%, la huelga general de ocho horas proclamada en conjunto por las centrales obreras CGIL y UIL alcanz\u00f3 a todos los sectores salvo los ferrocarriles.<\/p>\n<\/div>\n<div class=\"sc-80531b6b-0 chRIGJ container-text text-embed\">\n<p>Tuvo un \u00e9xito importante, sobre todo los que reclaman un aumento del poder adquisitivo de los salarios y pensiones, y la financiaci\u00f3n de la sanidad p\u00fablica.<\/p>\n<\/div>\n<div class=\"sc-80531b6b-0 chRIGJ container-text text-embed\">\n<p>\u201cQueremos dar vuelta como un guante este pa\u00eds y para hacerlo es necesaria la participaci\u00f3n de todas las personas. La revuelta social, para nosotros, significa decir que cada uno de nosotros no debe dar vuelta la cara frente a las injusticias\u201d, dijo el secretario general de la CGIL (Confederaci\u00f3n Italiana del Trabajo), Maurizio Landini, al hablar en la manifestaci\u00f3n en Bolonia.<\/p>\n<\/div>\n<div class=\"sc-80531b6b-0 chRIGJ container-text text-embed\">\n<p>Landini destac\u00f3 que 500 mil peronas han decidido salir a las plazas de toda Italia para defender la libertad y los derechos.<\/p>\n<\/div>\n<div class=\"sc-80531b6b-0 chRIGJ container-text text-embed\">\n<p>El principal l\u00edder sindical italiano dijo que \u201cde las plazas obreras llega una respuesta democr\u00e1tica, pac\u00edfica, a los que tratan de poner en discusi\u00f3n el derecho de huelga\u201d.<\/p>\n<\/div>\n<div class=\"sc-198be8ec-0 cynXbu image-embed  image-embed \"><picture class=\"sc-198be8ec-1 kOjRiQ\"><source media=\"(min-width: 975px)\" width=\"720\" height=\"480\" srcset=\"https:\/\/www.clarin.com\/img\/2024\/11\/29\/cJ-1q60yT_720x0__1.jpg\"\/><span class=\"epigraphe\">Trabajadores italianos marcharon por el centro de Tur\u00edn, para reclamar salarios dignos. Foto: EFE <\/span><span class=\"bkg\"\/><span class=\"picture-open\"><button class=\"open-image\" aria-label=\"Open Image\"\/><\/span><\/picture><\/div>\n<div class=\"sc-80531b6b-0 chRIGJ container-text text-embed\">\n<p>La huelga de ocho horas fue acompa\u00f1ada por <strong>movilizaciones en 43 ciudades<\/strong> del territorio italiano, llamada a \u201ccontrrarestar las medidas injustas del gobierno\u201d de la primera ministra <strong>Giorgia Meloni<\/strong>.<\/p>\n<\/div>\n<div class=\"sc-80531b6b-0 chRIGJ container-text text-embed\">\n<p>Landini asegur\u00f3 a la multitud reunida en Bolonia que \u201choy comienza un proceso de movilizaci\u00f3n como no ve\u00edamos hace mucho tiempo y solo trabajando juntos podemos cambiar esta situaci\u00f3n\u201d.<\/p>\n<\/div>\n<div class=\"sc-80531b6b-0 chRIGJ container-text text-embed\">\n<p>Los sindicatos denunciaron, seg\u00fan Landini \u201cun intento expl\u00edcito de cuestionar el derecho de huelga\u201d. \u201cEn el Parlamento se est\u00e1 discutiendo un decreto de seguridad y pedimos que lo retiren, porque busca criminalizar la huelga, los cortes de carreteras y la ocupaci\u00f3n de las f\u00e1bricas cuando cierran\u201d, agreg\u00f3 el jefe sindical.<\/p>\n<\/div>\n<p><h2>El reclamo por los salarios<\/h2>\n<\/p>\n<div class=\"sc-80531b6b-0 chRIGJ container-text text-embed\">\n<p>El l\u00edder de la otra central obrera que particip\u00f3, la UIL, Pierpaolo Bombardieri fue el orador principal en la marcha de N\u00e1poles. Denunci\u00f3<strong> \u201clos peores salarios de Italia<\/strong>, este es uno de los principales temas de la huelga de hoy. Estamos en las calles por los salarios la gente que vive de un salario tiene dificultades para llegar a fin de mes. Este debe ser un problema central en el enfrentamiento con el gobierno\u201d.<\/p>\n<\/div>\n<div class=\"sc-80531b6b-0 chRIGJ container-text text-embed\">\n<p>Bombardieri dijo que \u201cel gobierno deber\u00eda hacer una reflexi\u00f3n frente a las 40 plazas llenas de hoy, respecto a los cientos de miles de personas que hoy est\u00e1n en las calles pidiendo cambios\u201d.<\/p>\n<\/div>\n<div class=\"sc-198be8ec-0 cynXbu image-embed  image-embed \"><picture class=\"sc-198be8ec-1 kOjRiQ\"><source media=\"(min-width: 975px)\" width=\"720\" height=\"480\" srcset=\"https:\/\/www.clarin.com\/img\/2024\/11\/29\/v93cPM0hO_720x0__1.jpg\"\/><img alt=\"La protesta en Bologna, este viernes, contra las pol\u00edticas de Giorgia Meloni y en reclamo de mejoras salariales. Foto: AP\" loading=\"lazy\" width=\"720\" height=\"480\" decoding=\"async\" data-nimg=\"1\" style=\"color:transparent\" src=\"https:\/\/www.clarin.com\/img\/2024\/11\/29\/v93cPM0hO_720x0__1.jpg\"\/><span class=\"epigraphe\">La protesta en Bologna, este viernes, contra las pol\u00edticas de Giorgia Meloni y en reclamo de mejoras salariales. Foto: AP<\/span><span class=\"bkg\"\/><span class=\"picture-open\"><button class=\"open-image\" aria-label=\"Open Image\"\/><\/span><\/picture><\/div>\n<div class=\"sc-80531b6b-0 chRIGJ container-text text-embed\">\n<p>Veinte mil personas recorrieron las calles de Tur\u00edn. Despu\u00e9s de la marcha, grupos de estudiantes lanzaron bombas de humo contra la prefectura turinesa. Fueron quemados fantoches del ministro Mateo Salvini y de la premier Meloni.<\/p>\n<\/div>\n<div class=\"sc-80531b6b-0 chRIGJ container-text text-embed\">\n<p>En Tur\u00edn las protestas produjeron<strong> choques violentos entre manifestantes y polic\u00edas.<\/strong><\/p>\n<\/div>\n<div class=\"sc-80531b6b-0 chRIGJ container-text text-embed\">\n<p>En Puerta Nueva la polic\u00eda debi\u00f3 rechazar el asedio a la estaci\u00f3n ferroviaria.<\/p>\n<\/div>\n<div class=\"sc-80531b6b-0 chRIGJ container-text text-embed\">\n<p>La huelga oblig\u00f3 a la aerol\u00ednea ITA a c<strong>ancelar docenas de vuelos nacionales e internacionales<\/strong>. <strong>La medida de fuerza afect\u00f3 a escuelas, hospitales y el transporte local<\/strong>.<\/p>\n<\/div>\n<div class=\"sc-80531b6b-0 chRIGJ container-text text-embed\">\n<p>La huelga era de ocho horas, pero el ministro de Transporte Mateo Salvini, impuso una orden judicial que limit\u00f3 la paralizaci\u00f3n en el sector a cuatro horas.<\/p>\n<\/div>\n<div class=\"sc-198be8ec-0 cynXbu image-embed  image-embed \"><picture class=\"sc-198be8ec-1 kOjRiQ\"><source media=\"(min-width: 975px)\" width=\"720\" height=\"480\" srcset=\"https:\/\/www.clarin.com\/img\/2024\/11\/29\/OtKoFfESp_720x0__1.jpg\"\/><img alt=\"Trabajadores en huelga en Tur\u00edn, en la marcha de este viernes. Hubo protesta en decenas de ciudades de Italia. Foto: EFE \" loading=\"lazy\" width=\"720\" height=\"480\" decoding=\"async\" data-nimg=\"1\" style=\"color:transparent\" src=\"https:\/\/www.clarin.com\/img\/2024\/11\/29\/OtKoFfESp_720x0__1.jpg\"\/><span class=\"epigraphe\">Trabajadores en huelga en Tur\u00edn, en la marcha de este viernes. Hubo protesta en decenas de ciudades de Italia. Foto: EFE <\/span><span class=\"bkg\"\/><span class=\"picture-open\"><button class=\"open-image\" aria-label=\"Open Image\"\/><\/span><\/picture><\/div>\n<div class=\"sc-80531b6b-0 chRIGJ container-text text-embed\">\n<p>Hubo muchas protestas por los problemas de la salud p\u00fablica. El sector sufre una escasez de personas que ha obligado a contratar enfermeras en el exterior. Anna Salsa, miembro del sindicato de salud UIL, dijo en la manifestaci\u00f3n de Roma que \u201cmuchas personas se van al extranjero porque los salarios son demasiado bajos\u00bb.<\/p>\n<\/div>\n<div class=\"sc-80531b6b-0 chRIGJ container-text text-embed\">\n<p>En todo el pa\u00eds proliferanon las manifestaciones en las que se le\u00edan, entre aplausos y ovaciones, los porcentajes de ausencia de los trabajadores de las empresas donde hab\u00eda sido proclamada la huelga general.<\/p>\n<\/div>\n<div class=\"sc-80531b6b-0 chRIGJ container-text text-embed\">\n<p>El Sindicato de Periodistas de la RAI, la radiotelevisi\u00f3n italiana, dio un comunicado de adhesi\u00f3n al personal que participa de la huelga en la empresa.<\/p>\n<\/div>\n<div class=\"sc-80531b6b-0 chRIGJ container-text text-embed\">\n<p>En N\u00e1poles, el secretario de la UIL Bombardieri, denunci\u00f3 en el acto principal que un esc\u00e1ndalo mayor es el de un mill\u00f3n de habitantes del sur italiano que deben viajar para hacerse atender en los hospitales del centro norte del pa\u00eds para ser curado, \u201cEsta es una de nuestros principales reclamos al gobierno\u201d, dijo.<\/p>\n<\/div>\n<div class=\"sc-80531b6b-0 chRIGJ container-text text-embed\">\n<p>En Toscana, setenta mil trabajadores en huelga marcharon por las calles y se congregaron en la plaza principal de la ciudad. \u201cEsper\u00e1bamos esta respuesta importante y lo comprendimos en las asamblea de lugares de trabajo de esta semana\u201d, dijo el secretario general de la UIL local. \u00abHab\u00eda enormes ganas de salir a las plazas y a las calles\u201d, remarc\u00f3.<\/p>\n<\/div>\n<\/div>\n\n","protected":false},"excerpt":{"rendered":"<p>Hace tiempo que no se ve\u00eda en Italia una movilizaci\u00f3n popular tan grande e intensa. Con una adhesi\u00f3n alt\u00edsima, en promedio m\u00e1s del 70%, con picos en las grandes empresas de hasta el 85%, la huelga general de ocho horas proclamada en conjunto por las centrales obreras CGIL y UIL alcanz\u00f3 a todos los sectores [&hellip;]<\/p>\n","protected":false},"author":2,"featured_media":100209,"comment_status":"closed","ping_status":"closed","sticky":false,"template":"","format":"standard","meta":{"footnotes":""},"categories":[33],"tags":[],"class_list":["post-100208","post","type-post","status-publish","format-standard","has-post-thumbnail","hentry","category-el-mundo"],"_links":{"self":[{"href":"https:\/\/radioacuariofm.com.ar\/index.php?rest_route=\/wp\/v2\/posts\/100208","targetHints":{"allow":["GET"]}}],"collection":[{"href":"https:\/\/radioacuariofm.com.ar\/index.php?rest_route=\/wp\/v2\/posts"}],"about":[{"href":"https:\/\/radioacuariofm.com.ar\/index.php?rest_route=\/wp\/v2\/types\/post"}],"author":[{"embeddable":true,"href":"https:\/\/radioacuariofm.com.ar\/index.php?rest_route=\/wp\/v2\/users\/2"}],"replies":[{"embeddable":true,"href":"https:\/\/radioacuariofm.com.ar\/index.php?rest_route=%2Fwp%2Fv2%2Fcomments&post=100208"}],"version-history":[{"count":1,"href":"https:\/\/radioacuariofm.com.ar\/index.php?rest_route=\/wp\/v2\/posts\/100208\/revisions"}],"predecessor-version":[{"id":100210,"href":"https:\/\/radioacuariofm.com.ar\/index.php?rest_route=\/wp\/v2\/posts\/100208\/revisions\/100210"}],"wp:featuredmedia":[{"embeddable":true,"href":"https:\/\/radioacuariofm.com.ar\/index.php?rest_route=\/wp\/v2\/media\/100209"}],"wp:attachment":[{"href":"https:\/\/radioacuariofm.com.ar\/index.php?rest_route=%2Fwp%2Fv2%2Fmedia&parent=100208"}],"wp:term":[{"taxonomy":"category","embeddable":true,"href":"https:\/\/radioacuariofm.com.ar\/index.php?rest_route=%2Fwp%2Fv2%2Fcategories&post=100208"},{"taxonomy":"post_tag","embeddable":true,"href":"https:\/\/radioacuariofm.com.ar\/index.php?rest_route=%2Fwp%2Fv2%2Ftags&post=100208"}],"curies":[{"name":"wp","href":"https:\/\/api.w.org\/{rel}","templated":true}]}}